    
{"id":60539,"date":"2022-09-19T18:11:24","date_gmt":"2022-09-19T16:11:24","guid":{"rendered":"https:\/\/www.praha7.cz\/?p=60539"},"modified":"2022-09-19T18:11:24","modified_gmt":"2022-09-19T16:11:24","slug":"dotaznik-pomoc-pri-peci-o-blizkou-osobu","status":"publish","type":"post","link":"https:\/\/www.praha7.cz\/dotaznik-pomoc-pri-peci-o-blizkou-osobu\/","title":{"rendered":"Dotazn\u00edk: Pomoc p\u0159i p\u00e9\u010di o&nbsp;bl\u00edzkou osobu"},"content":{"rendered":"<p>[perex]<\/p>\r\n<p>\u00daloha pe\u010duj\u00edc\u00edch je velice n\u00e1ro\u010dn\u00e1. Z\u00e1pas\u00ed s&nbsp;nedostatkem \u010dasu na sebe i&nbsp;rodinu, \u010dasto si mus\u00ed ub\u00edrat v&nbsp;pr\u00e1ci, mnohdy opou\u0161t\u00ed zam\u011bstn\u00e1n\u00ed \u00fapln\u011b. B\u011bhaj\u00ed mezi dom\u00e1cnost\u00ed, l\u00e9k\u00e1rnou a&nbsp;nemocnicemi s&nbsp;neust\u00e1lou obavou o&nbsp;zdrav\u00ed bl\u00edzk\u00e9 osoby. Praha&nbsp;7 vn\u00edm\u00e1 slo\u017eitou situaci pe\u010duj\u00edc\u00edch a&nbsp;r\u00e1da by p\u0159isp\u011bla k&nbsp;jej\u00edmu zlep\u0161en\u00ed. Pokud pe\u010dujete o&nbsp;bl\u00edzkou osobu a&nbsp;\u0159e\u0161\u00edte s\u00a0t\u00edm spojen\u00e9 probl\u00e9my, v\u011bnujte pros\u00edm p\u00e1r minut na\u0161emu dotazn\u00edku. D\u011bkujeme za v\u00e1\u0161 \u010das. Sna\u017e\u00edme se naj\u00edt cestu, jak v\u00e1m poskytnout tu nejlep\u0161\u00ed pomoc a&nbsp;podporu.<strong> Kr\u00e1tk\u00fd dotazn\u00edk najdete <a href=\"https:\/\/docs.google.com\/forms\/d\/e\/1FAIpQLSeY7OuQTeEx6dpxmgkhVIxtTX5RTgNDL_K2X3M2GTAKIfaSrg\/viewform?vc=0&amp;c=0&amp;w=1&amp;flr=0\">ZDE<\/a>.\u00a0\u00a0<\/strong><\/p>\r\n<p>[\/perex]<\/p>","protected":false},"excerpt":{"rendered":"[perex] \u00daloha pe\u010duj\u00edc\u00edch je velice n\u00e1ro\u010dn\u00e1. Z\u00e1pas\u00ed s&nbsp;nedostatkem \u010dasu na sebe i&nbsp;rodinu, \u010dasto si mus\u00ed ub\u00edrat v&nbsp;pr\u00e1ci, mnohdy opou\u0161t\u00ed zam\u011bstn\u00e1n\u00ed \u00fapln\u011b. B\u011bhaj\u00ed mezi dom\u00e1cnost\u00ed, l\u00e9k\u00e1rnou a&nbsp;nemocnicemi s&nbsp;neust\u00e1lou obavou o&nbsp;zdrav\u00ed bl\u00edzk\u00e9 osoby. Praha&nbsp;7 vn\u00edm\u00e1 slo\u017eitou situaci pe\u010duj\u00edc\u00edch a&nbsp;r\u00e1da by p\u0159isp\u011bla k&nbsp;jej\u00edmu zlep\u0161en\u00ed. Pokud pe\u010dujete o&nbsp;bl\u00edzkou osobu a&nbsp;\u0159e\u0161\u00edte s\u00a0t\u00edm spojen\u00e9 probl\u00e9my, v\u011bnujte pros\u00edm p\u00e1r minut na\u0161emu dotazn\u00edku. [&hellip;]","protected":false},"author":5,"featured_media":60540,"comment_status":"closed","ping_status":"open","sticky":false,"template":"","format":"standard","meta":[],"categories":[34],"tags":[],"_links":{"self":[{"href":"https:\/\/www.praha7.cz\/api\/wp\/v2\/posts\/60539"}],"collection":[{"href":"https:\/\/www.praha7.cz\/api\/wp\/v2\/posts"}],"about":[{"href":"https:\/\/www.praha7.cz\/api\/wp\/v2\/types\/post"}],"author":[{"embeddable":true,"href":"https:\/\/www.praha7.cz\/api\/wp\/v2\/users\/5"}],"replies":[{"embeddable":true,"href":"https:\/\/www.praha7.cz\/api\/wp\/v2\/comments?post=60539"}],"version-history":[{"count":3,"href":"https:\/\/www.praha7.cz\/api\/wp\/v2\/posts\/60539\/revisions"}],"predecessor-version":[{"id":60574,"href":"https:\/\/www.praha7.cz\/api\/wp\/v2\/posts\/60539\/revisions\/60574"}],"wp:featuredmedia":[{"embeddable":true,"href":"https:\/\/www.praha7.cz\/api\/wp\/v2\/media\/60540"}],"wp:attachment":[{"href":"https:\/\/www.praha7.cz\/api\/wp\/v2\/media?parent=60539"}],"wp:term":[{"taxonomy":"category","embeddable":true,"href":"https:\/\/www.praha7.cz\/api\/wp\/v2\/categories?post=60539"},{"taxonomy":"post_tag","embeddable":true,"href":"https:\/\/www.praha7.cz\/api\/wp\/v2\/tags?post=60539"}],"curies":[{"name":"wp","href":"https:\/\/api.w.org\/{rel}","templated":true}]}}