    
{"id":60415,"date":"2022-09-14T12:53:20","date_gmt":"2022-09-14T10:53:20","guid":{"rendered":"https:\/\/www.praha7.cz\/?p=60415"},"modified":"2022-09-14T12:53:20","modified_gmt":"2022-09-14T10:53:20","slug":"skoly-a-skolky-v-praze-7-velke-rekonstrukce-a-usporny-provoz","status":"publish","type":"post","link":"https:\/\/www.praha7.cz\/skoly-a-skolky-v-praze-7-velke-rekonstrukce-a-usporny-provoz\/","title":{"rendered":"\u0160koly a&nbsp;\u0161kolky v&nbsp;Praze 7: Velk\u00e9 rekonstrukce a&nbsp;\u00fasporn\u00fd provoz"},"content":{"rendered":"<p>[perex]<\/p>\r\n<p>Z\u00e1kladn\u00ed a&nbsp;mate\u0159sk\u00e9 \u0161koly sedm\u00e9 m\u011bstsk\u00e9 \u010d\u00e1sti proch\u00e1zej\u00ed velk\u00fdmi opravami a&nbsp;rekonstrukcemi. V\u00a0osmi \u0161kolsk\u00fdch objektech prob\u011bhla tak\u00e9 modernizace energetick\u00fdch provoz\u016f, d\u00edky kter\u00e9 m\u011bstsk\u00e1 \u010d\u00e1st uspo\u0159\u00ed nejm\u00e9n\u011b 2,32 milionu korun ro\u010dn\u011b na n\u00e1kladech za plyn, elekt\u0159inu a&nbsp;vodu.<\/p>\r\n<p>[\/perex]<\/p>\r\n<p><em>\u201ePosledn\u00ed dv\u011b volebn\u00ed obdob\u00ed se intenzivn\u011b v\u011bnujeme rekonstrukc\u00edm letit\u00fdch budov na\u0161ich \u0161kol a&nbsp;\u0161kolek. Roz\u0161i\u0159ujeme kapacity, vym\u011b\u0148ujeme elektrorozvody, renovujeme kuchyn\u011b a&nbsp;j\u00eddelny, opravujeme st\u0159echy a&nbsp;zateplujeme fas\u00e1dy. Jsem r\u00e1d, \u017ee se n\u00e1m letos poda\u0159ilo dot\u00e1hnout do konce n\u011bkolik dlouhodob\u00fdch velk\u00fdch projekt\u016f. Z\u00e1rove\u0148 jsme te\u010f p\u0159es l\u00e9to zrealizovali modernizaci energetick\u00fdch provoz\u016f, kter\u00e1 n\u00e1m p\u0159inese v\u00fdrazn\u00e9 \u00faspory, co\u017e je v\u00a0dne\u0161n\u00ed dob\u011b obzvl\u00e1\u0161t\u011b d\u016fle\u017eit\u00e9,\u201c<\/em> uvedl <strong>starosta Prahy&nbsp;7 Jan \u010ci\u017einsk\u00fd<\/strong>.<\/p>\r\n<p>V Z\u0160 Strossmayerovo n\u00e1m\u011bst\u00ed a&nbsp;Z\u0160 Korunova\u010dn\u00ed byla v\u00a0l\u00e9t\u011b dokon\u010dena z\u00e1v\u011bre\u010dn\u00e1 etapa kompletn\u00ed rekonstrukce elektrorozvod\u016f, renovac\u00ed nyn\u00ed proch\u00e1zej\u00ed tak\u00e9 elektrorozvody v\u00a0Z\u0160 Tusarova. V&nbsp;Z\u0160 Fr. Plam\u00ednkov\u00e9 prob\u00edh\u00e1 rekonstrukce st\u0159echy. V\u00a0Z\u0160 T. G. Masaryka na Ortenov\u011b n\u00e1m\u011bst\u00ed je dokon\u010dov\u00e1na rozs\u00e1hl\u00e1 modernizace gastroprovozu, z\u00e1rove\u0148 zde p\u0159es l\u00e9to prob\u011bhly stavebn\u00ed \u00fapravy dvou t\u0159\u00edd a&nbsp;kabinetu. Rekonstrukce n\u011bkolika t\u0159\u00edd se uskute\u010dnila tak\u00e9 v&nbsp;Z\u0160 Letohradsk\u00e1, ve\u00a0FZ\u0160 Um\u011bleck\u00e1 prob\u011bhla p\u0159estavba kabinet\u016f na novou t\u0159\u00eddu.<\/p>\r\n\r\n<figure id=\"attachment_60422\" aria-describedby=\"caption-attachment-60422\" style=\"width: 640px\" class=\"wp-caption alignnone\"><img loading=\"lazy\" src=\"https:\/\/www.praha7.cz\/wp-content\/uploads\/2022\/09\/Zs\u0301-Fr.-Plam\u00b0nkova\u0304-2-1500x1000.jpg\" alt=\"\" width=\"640\" height=\"427\" class=\"wp-image-60422 size-large\" srcset=\"https:\/\/www.praha7.cz\/wp-content\/uploads\/2022\/09\/Zs\u0301-Fr.-Plam\u00b0nkova\u0304-2-1500x1000.jpg 1500w, https:\/\/www.praha7.cz\/wp-content\/uploads\/2022\/09\/Zs\u0301-Fr.-Plam\u00b0nkova\u0304-2-600x400.jpg 600w, https:\/\/www.praha7.cz\/wp-content\/uploads\/2022\/09\/Zs\u0301-Fr.-Plam\u00b0nkova\u0304-2-768x512.jpg 768w\" sizes=\"(max-width: 640px) 100vw, 640px\" \/><figcaption id=\"caption-attachment-60422\" class=\"wp-caption-text\">Z\u0160 Fr. Plam\u00ednkov\u00e9 \u2013 zrekonstruovan\u00e1 st\u0159echa j\u00eddelny<\/figcaption><\/figure> <figure id=\"attachment_60417\" aria-describedby=\"caption-attachment-60417\" style=\"width: 640px\" class=\"wp-caption alignnone\"><img loading=\"lazy\" src=\"https:\/\/www.praha7.cz\/wp-content\/uploads\/2022\/09\/Ms\u0301-Ortenovo-n\u2020m.-1500x1000.jpg\" alt=\"\" width=\"640\" height=\"427\" class=\"wp-image-60417 size-large\" srcset=\"https:\/\/www.praha7.cz\/wp-content\/uploads\/2022\/09\/Ms\u0301-Ortenovo-n\u2020m.-1500x1000.jpg 1500w, https:\/\/www.praha7.cz\/wp-content\/uploads\/2022\/09\/Ms\u0301-Ortenovo-n\u2020m.-600x400.jpg 600w, https:\/\/www.praha7.cz\/wp-content\/uploads\/2022\/09\/Ms\u0301-Ortenovo-n\u2020m.-768x512.jpg 768w\" sizes=\"(max-width: 640px) 100vw, 640px\" \/><figcaption id=\"caption-attachment-60417\" class=\"wp-caption-text\">M\u0160 U&nbsp;Uranie \u2013 pracovi\u0161t\u011b na Ortenov\u011b n\u00e1m\u011bst\u00ed \u2013 zateplen\u00ed budovy<\/figcaption><\/figure>\r\n\r\n<p>&nbsp;<\/p>\r\n<p><em>\u201eD\u011bkuji v\u0161em \u0159editel\u016fm, u\u010ditel\u016fm a&nbsp;dal\u0161\u00edm \u0161koln\u00edm zam\u011bstnanc\u016fm za velk\u00e9 nasazen\u00ed a&nbsp;rodi\u010d\u016fm a&nbsp;d\u011btem za trp\u011blivost s\u00a0pracemi, kter\u00e9 je pot\u0159eba realizovat i&nbsp;b\u011bhem provozu \u0161kol. D\u011bl\u00e1me maximum pro to, aby pr\u00e1ce do chodu \u0161koly zasahovaly co nejm\u00e9n\u011b,\u201c<\/em> \u0159ekla <strong>Hana \u0160i\u0161kov\u00e1, radn\u00ed Prahy&nbsp;7 pro oblast \u0161kolstv\u00ed a&nbsp;vzd\u011bl\u00e1v\u00e1n\u00ed<\/strong>. <em>\u201eJsem moc r\u00e1da, \u017ee jsme do konce l\u00e9ta stihli dokon\u010dit dva velk\u00e9 projekty \u00faprav mate\u0159sk\u00fdch \u0161kol, a&nbsp;sice rekonstrukci M\u0160 Janovsk\u00e9ho a&nbsp;zateplen\u00ed \u0161kolky na Ortenov\u011b n\u00e1m\u011bst\u00ed. Aktu\u00e1ln\u011b dokon\u010dujeme novou \u0161kolkovou t\u0159\u00eddu pro 24 d\u011bt\u00ed v&nbsp;ulici Varhul\u00edkov\u00e9, kter\u00e1 bude k&nbsp;dispozici na konci z\u00e1\u0159\u00ed,\u201c<\/em> doplnila <strong>Hana \u0160i\u0161kov\u00e1<\/strong>.<\/p>\r\n\r\n<figure id=\"attachment_60416\" aria-describedby=\"caption-attachment-60416\" style=\"width: 640px\" class=\"wp-caption alignnone\"><img loading=\"lazy\" src=\"https:\/\/www.praha7.cz\/wp-content\/uploads\/2022\/09\/Ms\u0301-Janovska\u0304ho-1500x1000.jpg\" alt=\"\" width=\"640\" height=\"427\" class=\"wp-image-60416 size-large\" srcset=\"https:\/\/www.praha7.cz\/wp-content\/uploads\/2022\/09\/Ms\u0301-Janovska\u0304ho-1500x1000.jpg 1500w, https:\/\/www.praha7.cz\/wp-content\/uploads\/2022\/09\/Ms\u0301-Janovska\u0304ho-600x400.jpg 600w, https:\/\/www.praha7.cz\/wp-content\/uploads\/2022\/09\/Ms\u0301-Janovska\u0304ho-768x512.jpg 768w\" sizes=\"(max-width: 640px) 100vw, 640px\" \/><figcaption id=\"caption-attachment-60416\" class=\"wp-caption-text\">M\u0160 Janovsk\u00e9ho<\/figcaption><\/figure> <figure id=\"attachment_60418\" aria-describedby=\"caption-attachment-60418\" style=\"width: 640px\" class=\"wp-caption alignnone\"><img loading=\"lazy\" src=\"https:\/\/www.praha7.cz\/wp-content\/uploads\/2022\/09\/Ms\u0301-Varhul\u00b0kova\u0304-1-1500x1000.jpg\" alt=\"\" width=\"640\" height=\"427\" class=\"wp-image-60418 size-large\" srcset=\"https:\/\/www.praha7.cz\/wp-content\/uploads\/2022\/09\/Ms\u0301-Varhul\u00b0kova\u0304-1-1500x1000.jpg 1500w, https:\/\/www.praha7.cz\/wp-content\/uploads\/2022\/09\/Ms\u0301-Varhul\u00b0kova\u0304-1-600x400.jpg 600w, https:\/\/www.praha7.cz\/wp-content\/uploads\/2022\/09\/Ms\u0301-Varhul\u00b0kova\u0304-1-768x512.jpg 768w\" sizes=\"(max-width: 640px) 100vw, 640px\" \/><figcaption id=\"caption-attachment-60418\" class=\"wp-caption-text\">Nov\u00e1 t\u0159\u00edda M\u0160 pro 24 d\u011bt\u00ed v&nbsp;ulici Varhul\u00edkov\u00e9<\/figcaption><\/figure>\r\n\r\n<p>&nbsp;<\/p>\r\n<p>Osm \u0161kol a&nbsp;t\u0159i domy s\u00a0pe\u010dovatelskou slu\u017ebou p\u0159es l\u00e9to nav\u00edc pro\u0161ly modernizac\u00ed, kter\u00e1 Praze 7 umo\u017en\u00ed sn\u00ed\u017eit n\u00e1klady na plyn, elekt\u0159inu a&nbsp;vodu o&nbsp;12 %, co\u017e nyn\u00ed p\u0159edstavuje 2,32 milionu korun ro\u010dn\u011b. Jeliko\u017e se radnice rozhodla vyu\u017e\u00edt metodu energetick\u00fdch slu\u017eeb se z\u00e1rukou (EPC), jsou \u00faspory smluvn\u011b garantov\u00e1ny na 12 let.<\/p>\r\n<p><em>\u201eB\u011bhem projektu u\u0161et\u0159\u00ed m\u011bstsk\u00e1 \u010d\u00e1st minim\u00e1ln\u011b 28 milion\u016f korun, a\u00a0to v\u00a0cen\u00e1ch referen\u010dn\u00edho roku 2019. Ve skute\u010dnosti bude tato \u010d\u00e1stka ale mnohem vy\u0161\u0161\u00ed, proto\u017ee ceny energi\u00ed mezit\u00edm v\u00fdrazn\u011b stouply,\u201c<\/em>\u00a0doplnil\u00a0<strong>m\u00edstostarosta Prahy\u00a07 Kamil Vav\u0159inec Mare\u0161, kter\u00fd m\u00e1 na starosti spr\u00e1vu majetku m\u011bstsk\u00e9 \u010d\u00e1sti<\/strong>.<\/p>\r\n<p>\u00daspory budou generovat t\u0159i zrekonstruovan\u00e9 plynov\u00e9 kotelny, nov\u00e9 LED osv\u011btlen\u00ed a\u00a0modernizace syst\u00e9mu m\u011b\u0159en\u00ed a\u00a0regulace. O\u00a0400 tis\u00edc korun se sn\u00ed\u017e\u00ed vodn\u00e9 a\u00a0sto\u010dn\u00e9 d\u00edky instalaci WC stop a\u00a0perl\u00e1tor\u016f. Nejv\u00fdznamn\u011bj\u0161\u00ed \u00fasporu n\u00e1klad\u016f p\u0159inese instalace tzv. po\u010d\u00edta\u010dov\u00e9ho IRC syst\u00e9mu (Individual Room Control) v\u00a0\u0161esti z\u00e1kladn\u00edch \u0161kol\u00e1ch. Jeho \u00fakolem je hl\u00eddat teplotu nastavenou dle vyu\u017eit\u00ed dan\u00e9ho prostoru.<\/p>\r\n<p>Poskytovatelem EPC slu\u017eby je spole\u010dnost ENESA z&nbsp;holdingu \u010cEZ ESCO. V&nbsp;z\u00e1\u0159\u00ed lo\u0148sk\u00e9ho roku Praha&nbsp;7 od Asociace poskytovatel\u016f energetick\u00fdch slu\u017eeb obdr\u017eela 3.&nbsp;m\u00edsto za nejl\u00e9pe p\u0159ipraven\u00fd EPC projekt v&nbsp;r\u00e1mci cel\u00e9 republiky.<\/p>\r\n<p>&nbsp;<\/p>","protected":false},"excerpt":{"rendered":"[perex] Z\u00e1kladn\u00ed a&nbsp;mate\u0159sk\u00e9 \u0161koly sedm\u00e9 m\u011bstsk\u00e9 \u010d\u00e1sti proch\u00e1zej\u00ed velk\u00fdmi opravami a&nbsp;rekonstrukcemi. V\u00a0osmi \u0161kolsk\u00fdch objektech prob\u011bhla tak\u00e9 modernizace energetick\u00fdch provoz\u016f, d\u00edky kter\u00e9 m\u011bstsk\u00e1 \u010d\u00e1st uspo\u0159\u00ed nejm\u00e9n\u011b 2,32 milionu korun ro\u010dn\u011b na n\u00e1kladech za plyn, elekt\u0159inu a&nbsp;vodu. [\/perex] \u201ePosledn\u00ed dv\u011b volebn\u00ed obdob\u00ed se intenzivn\u011b v\u011bnujeme rekonstrukc\u00edm letit\u00fdch budov na\u0161ich \u0161kol a&nbsp;\u0161kolek. Roz\u0161i\u0159ujeme kapacity, vym\u011b\u0148ujeme elektrorozvody, renovujeme kuchyn\u011b [&hellip;]","protected":false},"author":251,"featured_media":60420,"comment_status":"closed","ping_status":"open","sticky":false,"template":"","format":"standard","meta":[],"categories":[34,74],"tags":[],"_links":{"self":[{"href":"https:\/\/www.praha7.cz\/api\/wp\/v2\/posts\/60415"}],"collection":[{"href":"https:\/\/www.praha7.cz\/api\/wp\/v2\/posts"}],"about":[{"href":"https:\/\/www.praha7.cz\/api\/wp\/v2\/types\/post"}],"author":[{"embeddable":true,"href":"https:\/\/www.praha7.cz\/api\/wp\/v2\/users\/251"}],"replies":[{"embeddable":true,"href":"https:\/\/www.praha7.cz\/api\/wp\/v2\/comments?post=60415"}],"version-history":[{"count":2,"href":"https:\/\/www.praha7.cz\/api\/wp\/v2\/posts\/60415\/revisions"}],"predecessor-version":[{"id":60424,"href":"https:\/\/www.praha7.cz\/api\/wp\/v2\/posts\/60415\/revisions\/60424"}],"wp:featuredmedia":[{"embeddable":true,"href":"https:\/\/www.praha7.cz\/api\/wp\/v2\/media\/60420"}],"wp:attachment":[{"href":"https:\/\/www.praha7.cz\/api\/wp\/v2\/media?parent=60415"}],"wp:term":[{"taxonomy":"category","embeddable":true,"href":"https:\/\/www.praha7.cz\/api\/wp\/v2\/categories?post=60415"},{"taxonomy":"post_tag","embeddable":true,"href":"https:\/\/www.praha7.cz\/api\/wp\/v2\/tags?post=60415"}],"curies":[{"name":"wp","href":"https:\/\/api.w.org\/{rel}","templated":true}]}}