    
{"id":60393,"date":"2022-09-13T12:22:17","date_gmt":"2022-09-13T10:22:17","guid":{"rendered":"https:\/\/www.praha7.cz\/?p=60393"},"modified":"2022-09-13T14:08:38","modified_gmt":"2022-09-13T12:08:38","slug":"14-9-bude-do-1000-zavrena-vydejna-parkovacich-opravneni-v-ic-milady-horakove-2","status":"publish","type":"post","link":"https:\/\/www.praha7.cz\/14-9-bude-do-1000-zavrena-vydejna-parkovacich-opravneni-v-ic-milady-horakove-2\/","title":{"rendered":"14.&nbsp;9.&nbsp;bude do 10.00 zav\u0159en\u00e1 v\u00fddejna parkovac\u00edch opr\u00e1vn\u011bn\u00ed v&nbsp;IC Milady Hor\u00e1kov\u00e9 2"},"content":{"rendered":"<p>[perex]<\/p>\r\n<p>Upozor\u0148ujeme \u0159idi\u010de, \u017ee ve st\u0159edu 14.&nbsp;9.&nbsp;2022 bude z&nbsp;provozn\u00edch d\u016fvod\u016f zav\u0159en\u00e1 v\u00fddejna parkovac\u00edch opr\u00e1vn\u011bn\u00ed v&nbsp;infocentru Milady Hor\u00e1kov\u00e9 2 od 7.30 do 10.00. V\u00fddejna parkovac\u00edch opr\u00e1vn\u011bn\u00ed v&nbsp;p\u0159\u00edzem\u00ed radnice Prahy&nbsp;7 (U&nbsp;Pr\u016fhonu 38) bude otev\u0159ena v&nbsp;b\u011b\u017en\u00e9m re\u017eimu, tedy 14.&nbsp;9.&nbsp;v&nbsp;\u010dasech 7.30\u201312.00 a&nbsp;13.00\u201318.00.<\/p>\r\n<p>D\u011bkujeme za pochopen\u00ed.<\/p>\r\n<p>[\/perex]<\/p>","protected":false},"excerpt":{"rendered":"[perex] Upozor\u0148ujeme \u0159idi\u010de, \u017ee ve st\u0159edu 14.&nbsp;9.&nbsp;2022 bude z&nbsp;provozn\u00edch d\u016fvod\u016f zav\u0159en\u00e1 v\u00fddejna parkovac\u00edch opr\u00e1vn\u011bn\u00ed v&nbsp;infocentru Milady Hor\u00e1kov\u00e9 2 od 7.30 do 10.00. V\u00fddejna parkovac\u00edch opr\u00e1vn\u011bn\u00ed v&nbsp;p\u0159\u00edzem\u00ed radnice Prahy&nbsp;7 (U&nbsp;Pr\u016fhonu 38) bude otev\u0159ena v&nbsp;b\u011b\u017en\u00e9m re\u017eimu, tedy 14.&nbsp;9.&nbsp;v&nbsp;\u010dasech 7.30\u201312.00 a&nbsp;13.00\u201318.00. D\u011bkujeme za pochopen\u00ed. [\/perex]","protected":false},"author":5,"featured_media":37003,"comment_status":"closed","ping_status":"open","sticky":false,"template":"","format":"standard","meta":[],"categories":[34],"tags":[],"_links":{"self":[{"href":"https:\/\/www.praha7.cz\/api\/wp\/v2\/posts\/60393"}],"collection":[{"href":"https:\/\/www.praha7.cz\/api\/wp\/v2\/posts"}],"about":[{"href":"https:\/\/www.praha7.cz\/api\/wp\/v2\/types\/post"}],"author":[{"embeddable":true,"href":"https:\/\/www.praha7.cz\/api\/wp\/v2\/users\/5"}],"replies":[{"embeddable":true,"href":"https:\/\/www.praha7.cz\/api\/wp\/v2\/comments?post=60393"}],"version-history":[{"count":5,"href":"https:\/\/www.praha7.cz\/api\/wp\/v2\/posts\/60393\/revisions"}],"predecessor-version":[{"id":60404,"href":"https:\/\/www.praha7.cz\/api\/wp\/v2\/posts\/60393\/revisions\/60404"}],"wp:featuredmedia":[{"embeddable":true,"href":"https:\/\/www.praha7.cz\/api\/wp\/v2\/media\/37003"}],"wp:attachment":[{"href":"https:\/\/www.praha7.cz\/api\/wp\/v2\/media?parent=60393"}],"wp:term":[{"taxonomy":"category","embeddable":true,"href":"https:\/\/www.praha7.cz\/api\/wp\/v2\/categories?post=60393"},{"taxonomy":"post_tag","embeddable":true,"href":"https:\/\/www.praha7.cz\/api\/wp\/v2\/tags?post=60393"}],"curies":[{"name":"wp","href":"https:\/\/api.w.org\/{rel}","templated":true}]}}