    
{"id":60324,"date":"2022-09-09T10:27:37","date_gmt":"2022-09-09T08:27:37","guid":{"rendered":"https:\/\/www.praha7.cz\/?p=60324"},"modified":"2022-09-09T10:27:37","modified_gmt":"2022-09-09T08:27:37","slug":"praha-7-obsadila-2-misto-v-soutezi-o-nejprivetivejsi-urad","status":"publish","type":"post","link":"https:\/\/www.praha7.cz\/praha-7-obsadila-2-misto-v-soutezi-o-nejprivetivejsi-urad\/","title":{"rendered":"Praha&nbsp;7 obsadila 2.&nbsp;m\u00edsto v&nbsp;sout\u011b\u017ei o&nbsp;nejp\u0159\u00edv\u011btiv\u011bj\u0161\u00ed \u00fa\u0159ad"},"content":{"rendered":"<p>[perex]<\/p>\r\n<p>Sedmi\u010dka z\u00edskala st\u0159\u00edbrnou medaili mezi pra\u017esk\u00fdmi m\u011bstsk\u00fdmi \u010d\u00e1stmi v\u00a0sout\u011b\u017ei P\u0159\u00edv\u011btiv\u00fd \u00fa\u0159ad, kterou ji\u017e sedm\u00fdm rokem po\u0159\u00e1d\u00e1 Ministerstvo vnitra. C\u00edlem tohoto projektu je mapovat a&nbsp;hodnotit otev\u0159enost a&nbsp;vst\u0159\u00edcnost \u00fa\u0159ad\u016f v\u016f\u010di ob\u010dan\u016fm. Praha&nbsp;7 tak nav\u00e1zala na s\u00e9rii \u00fasp\u011b\u0161n\u00fdch um\u00edst\u011bn\u00ed v\u00a0t\u00e9to sout\u011b\u017ei, kterou loni dokonce vyhr\u00e1la.<\/p>\r\n<p>[\/perex]<\/p>\r\n<p><em>\u201e\u0158\u00edk\u00e1 se, \u017ee obh\u00e1jit titul b\u00fdv\u00e1 nejt\u011b\u017e\u0161\u00ed. I&nbsp;kdy\u017e jsme tentokr\u00e1t nedos\u00e1hli na prvn\u00ed p\u0159\u00ed\u010dku, velice si v\u00e1\u017e\u00edm toho, \u017ee se ji\u017e t\u0159et\u00edm rokem v\u00a0konkurenci ostatn\u00edch pra\u017esk\u00fdch m\u011bstsk\u00fdch \u010d\u00e1st\u00ed dr\u017e\u00edme na medailov\u00fdch pozic\u00edch. Otev\u0159enost a&nbsp;vst\u0159\u00edcnost \u00fa\u0159ad\u016f pova\u017euji za nesm\u00edrn\u011b d\u016fle\u017eitou. Obzvl\u00e1\u0161t\u011b v\u00a0dne\u0161n\u00ed dob\u011b dramatick\u00e9ho zdra\u017eov\u00e1n\u00ed a&nbsp;nejistoty se sna\u017e\u00edme d\u011blat maximum pro to, aby ob\u010dan\u00e9 v\u011bd\u011bli, \u017ee jsme tu pro n\u011b a&nbsp;\u017ee se na n\u00e1s v\u00a0obt\u00ed\u017en\u00fdch \u017eivotn\u00edch situac\u00edch mohou v\u017edy obr\u00e1tit. Moc d\u011bkuji v\u0161em pracovn\u00edk\u016fm radnice za jejich skv\u011bl\u00fd p\u0159\u00edstup ke ka\u017edodenn\u00ed\u00a0pr\u00e1ci\u00a0<\/em><em>a pomoci na\u0161im ob\u010dan\u016fm,\u201c<\/em> uvedl <em><strong>starosta Prahy&nbsp;7 Jan \u010ci\u017einsk\u00fd<\/strong><\/em>.<\/p>\r\n<p>Sout\u011b\u017e P\u0159\u00edv\u011btiv\u00fd \u00fa\u0159ad si klade za c\u00edl podporovat a&nbsp;motivovat ve\u0159ejnou spr\u00e1vu v&nbsp;poskytov\u00e1n\u00ed co nejv\u00edce efektivn\u00edch, kvalitn\u00edch a&nbsp;modern\u00edch slu\u017eeb. Hodnocen\u00ed jednotliv\u00fdch m\u011bst a&nbsp;obc\u00ed je postaveno na komplexn\u00edm posuzov\u00e1n\u00ed p\u0159\u00edstupu radnic k\u00a0v\u00fdkonu sv\u00e9 agendy a&nbsp;p\u00e9\u010di o&nbsp;ob\u010dany. P\u0159es sedmdes\u00e1t krit\u00e9ri\u00ed hodnot\u00ed p\u0159\u00edstupnost a&nbsp;otev\u0159enost \u00fa\u0159adu, komunikaci s&nbsp;ve\u0159ejnost\u00ed, digitalizaci slu\u017eeb, realizaci krok\u016f ke zv\u00fd\u0161en\u00ed udr\u017eitelnosti \u010di zapojov\u00e1n\u00ed ob\u010dan\u016f do v\u011bc\u00ed ve\u0159ejn\u00fdch.<\/p>\r\n<p><strong>Praha&nbsp;7 v\u00a0t\u00e9to sout\u011b\u017ei v\u00a0roce 2020 obsadila 3.&nbsp;m\u00edsto a&nbsp;v\u00a0roce 2021 v\u00a0n\u00ed zv\u00edt\u011bzila.\u00a0<\/strong><\/p>\r\n<p>Leto\u0161n\u00edho sedm\u00e9ho ro\u010dn\u00edku sout\u011b\u017ee P\u0159\u00edv\u011btiv\u00fd \u00fa\u0159ad se z\u00fa\u010dastnilo 125 obc\u00ed a&nbsp;m\u011bstsk\u00fdch \u010d\u00e1st\u00ed Prahy s&nbsp;roz\u0161\u00ed\u0159enou p\u016fsobnost\u00ed. Slavnostn\u00ed p\u0159ed\u00e1v\u00e1n\u00ed cen se uskute\u010dnilo 7.&nbsp;z\u00e1\u0159\u00ed 2022 v&nbsp;pra\u017esk\u00e9m Muzeu Policie \u010cesk\u00e9 republiky. V&nbsp;r\u00e1mci sout\u011b\u017ee byla tak\u00e9 vyd\u00e1na publikace p\u0159\u00edklad\u016f dobr\u00e9 praxe. V\u00edce informac\u00ed naleznete na <a href=\"https:\/\/www.mvcr.cz\/clanek\/privetivy-urad-obci-iii-typu-2022.aspx\">webu sout\u011b\u017ee<\/a>.<\/p>","protected":false},"excerpt":{"rendered":"[perex] Sedmi\u010dka z\u00edskala st\u0159\u00edbrnou medaili mezi pra\u017esk\u00fdmi m\u011bstsk\u00fdmi \u010d\u00e1stmi v\u00a0sout\u011b\u017ei P\u0159\u00edv\u011btiv\u00fd \u00fa\u0159ad, kterou ji\u017e sedm\u00fdm rokem po\u0159\u00e1d\u00e1 Ministerstvo vnitra. C\u00edlem tohoto projektu je mapovat a&nbsp;hodnotit otev\u0159enost a&nbsp;vst\u0159\u00edcnost \u00fa\u0159ad\u016f v\u016f\u010di ob\u010dan\u016fm. Praha&nbsp;7 tak nav\u00e1zala na s\u00e9rii \u00fasp\u011b\u0161n\u00fdch um\u00edst\u011bn\u00ed v\u00a0t\u00e9to sout\u011b\u017ei, kterou loni dokonce vyhr\u00e1la. [\/perex] \u201e\u0158\u00edk\u00e1 se, \u017ee obh\u00e1jit titul b\u00fdv\u00e1 nejt\u011b\u017e\u0161\u00ed. I&nbsp;kdy\u017e jsme tentokr\u00e1t nedos\u00e1hli [&hellip;]","protected":false},"author":5,"featured_media":60325,"comment_status":"closed","ping_status":"open","sticky":false,"template":"","format":"standard","meta":[],"categories":[34,74],"tags":[],"_links":{"self":[{"href":"https:\/\/www.praha7.cz\/api\/wp\/v2\/posts\/60324"}],"collection":[{"href":"https:\/\/www.praha7.cz\/api\/wp\/v2\/posts"}],"about":[{"href":"https:\/\/www.praha7.cz\/api\/wp\/v2\/types\/post"}],"author":[{"embeddable":true,"href":"https:\/\/www.praha7.cz\/api\/wp\/v2\/users\/5"}],"replies":[{"embeddable":true,"href":"https:\/\/www.praha7.cz\/api\/wp\/v2\/comments?post=60324"}],"version-history":[{"count":4,"href":"https:\/\/www.praha7.cz\/api\/wp\/v2\/posts\/60324\/revisions"}],"predecessor-version":[{"id":60329,"href":"https:\/\/www.praha7.cz\/api\/wp\/v2\/posts\/60324\/revisions\/60329"}],"wp:featuredmedia":[{"embeddable":true,"href":"https:\/\/www.praha7.cz\/api\/wp\/v2\/media\/60325"}],"wp:attachment":[{"href":"https:\/\/www.praha7.cz\/api\/wp\/v2\/media?parent=60324"}],"wp:term":[{"taxonomy":"category","embeddable":true,"href":"https:\/\/www.praha7.cz\/api\/wp\/v2\/categories?post=60324"},{"taxonomy":"post_tag","embeddable":true,"href":"https:\/\/www.praha7.cz\/api\/wp\/v2\/tags?post=60324"}],"curies":[{"name":"wp","href":"https:\/\/api.w.org\/{rel}","templated":true}]}}