    
{"id":60251,"date":"2022-09-07T12:10:22","date_gmt":"2022-09-07T10:10:22","guid":{"rendered":"https:\/\/www.praha7.cz\/?p=60251"},"modified":"2022-09-07T12:51:32","modified_gmt":"2022-09-07T10:51:32","slug":"sbirka-aktovek-a-skolnich-potreb-a-dar-od-alzy","status":"publish","type":"post","link":"https:\/\/www.praha7.cz\/sbirka-aktovek-a-skolnich-potreb-a-dar-od-alzy\/","title":{"rendered":"Sb\u00edrka aktovek a&nbsp;\u0161koln\u00edch pot\u0159eb a&nbsp;dar od Alzy"},"content":{"rendered":"<p>[perex]<\/p>\r\n<p>D\u011bkujeme v\u0161em d\u00e1rc\u016fm, kte\u0159\u00ed v\u00a0r\u00e1mci tradi\u010dn\u00ed sb\u00edrky aktovek na radnici p\u0159inesli dvacet zachoval\u00fdch aktovek a&nbsp;v\u011bnovali tak\u00e9 pen\u00e1ly, se\u0161ity, psac\u00ed a&nbsp;v\u00fdtvarn\u00e9 pot\u0159eby. Spole\u010dnost Alza p\u0159isp\u011bla hmotn\u00fdm darem v&nbsp;hodnot\u011b 88 tis\u00edc korun, a&nbsp;tak soci\u00e1ln\u00ed odbor mohl vybavit \u0161koln\u00edmi pom\u016fckami v\u0161echny pot\u0159ebn\u00e9 d\u011bti. D\u011bkujeme, \u017ee pom\u00e1h\u00e1te!<\/p>\r\n<p>[\/perex]<\/p>\r\n<p><img loading=\"lazy\" src=\"https:\/\/www.praha7.cz\/wp-content\/uploads\/2022\/09\/alza_dar.jpg\" alt=\"\" width=\"802\" height=\"443\" class=\"alignnone size-full wp-image-60264\" srcset=\"https:\/\/www.praha7.cz\/wp-content\/uploads\/2022\/09\/alza_dar.jpg 802w, https:\/\/www.praha7.cz\/wp-content\/uploads\/2022\/09\/alza_dar-600x331.jpg 600w, https:\/\/www.praha7.cz\/wp-content\/uploads\/2022\/09\/alza_dar-768x424.jpg 768w\" sizes=\"(max-width: 802px) 100vw, 802px\" \/><\/p>\r\n<p><span style=\"font-size: 12px;\">\u010c\u00e1st daru od spole\u010dnosti Alza<\/span><\/p>","protected":false},"excerpt":{"rendered":"[perex] D\u011bkujeme v\u0161em d\u00e1rc\u016fm, kte\u0159\u00ed v\u00a0r\u00e1mci tradi\u010dn\u00ed sb\u00edrky aktovek na radnici p\u0159inesli dvacet zachoval\u00fdch aktovek a&nbsp;v\u011bnovali tak\u00e9 pen\u00e1ly, se\u0161ity, psac\u00ed a&nbsp;v\u00fdtvarn\u00e9 pot\u0159eby. Spole\u010dnost Alza p\u0159isp\u011bla hmotn\u00fdm darem v&nbsp;hodnot\u011b 88 tis\u00edc korun, a&nbsp;tak soci\u00e1ln\u00ed odbor mohl vybavit \u0161koln\u00edmi pom\u016fckami v\u0161echny pot\u0159ebn\u00e9 d\u011bti. D\u011bkujeme, \u017ee pom\u00e1h\u00e1te! [\/perex] \u010c\u00e1st daru od spole\u010dnosti Alza","protected":false},"author":251,"featured_media":60262,"comment_status":"closed","ping_status":"open","sticky":false,"template":"","format":"standard","meta":[],"categories":[34],"tags":[],"_links":{"self":[{"href":"https:\/\/www.praha7.cz\/api\/wp\/v2\/posts\/60251"}],"collection":[{"href":"https:\/\/www.praha7.cz\/api\/wp\/v2\/posts"}],"about":[{"href":"https:\/\/www.praha7.cz\/api\/wp\/v2\/types\/post"}],"author":[{"embeddable":true,"href":"https:\/\/www.praha7.cz\/api\/wp\/v2\/users\/251"}],"replies":[{"embeddable":true,"href":"https:\/\/www.praha7.cz\/api\/wp\/v2\/comments?post=60251"}],"version-history":[{"count":5,"href":"https:\/\/www.praha7.cz\/api\/wp\/v2\/posts\/60251\/revisions"}],"predecessor-version":[{"id":60267,"href":"https:\/\/www.praha7.cz\/api\/wp\/v2\/posts\/60251\/revisions\/60267"}],"wp:featuredmedia":[{"embeddable":true,"href":"https:\/\/www.praha7.cz\/api\/wp\/v2\/media\/60262"}],"wp:attachment":[{"href":"https:\/\/www.praha7.cz\/api\/wp\/v2\/media?parent=60251"}],"wp:term":[{"taxonomy":"category","embeddable":true,"href":"https:\/\/www.praha7.cz\/api\/wp\/v2\/categories?post=60251"},{"taxonomy":"post_tag","embeddable":true,"href":"https:\/\/www.praha7.cz\/api\/wp\/v2\/tags?post=60251"}],"curies":[{"name":"wp","href":"https:\/\/api.w.org\/{rel}","templated":true}]}}