    
{"id":60221,"date":"2022-09-05T14:21:54","date_gmt":"2022-09-05T12:21:54","guid":{"rendered":"https:\/\/www.praha7.cz\/?p=60221"},"modified":"2022-09-05T14:21:54","modified_gmt":"2022-09-05T12:21:54","slug":"hledate-zajimavou-praci-souvisejici-s-ochranou-zvirat-2","status":"publish","type":"post","link":"https:\/\/www.praha7.cz\/hledate-zajimavou-praci-souvisejici-s-ochranou-zvirat-2\/","title":{"rendered":"Hled\u00e1te zaj\u00edmavou pr\u00e1ci souvisej\u00edc\u00ed s&nbsp;ochranou zv\u00ed\u0159at?"},"content":{"rendered":"<p>[perex]<\/p>\r\n<p>\u00da\u0159ad Prahy&nbsp;7 sh\u00e1n\u00ed do sv\u00e9ho t\u00fdmu kolegu\/kolegyni na pozici referent\/ka ZPF a&nbsp;ochrany zv\u00ed\u0159at. Je p\u00e9\u010de o&nbsp;p\u0159\u00edrodu va\u0161\u00edm \u017eivotn\u00edm posl\u00e1n\u00edm? Chcete z\u00faro\u010dit sv\u00e9 znalosti a&nbsp;zku\u0161enosti p\u0159i ochran\u011b zv\u00ed\u0159at a&nbsp;dal\u0161\u00ed smyslupln\u00e9 pr\u00e1ci? M\u00e1te z\u00e1jem pracovat v\u00a0dynamicky se rozv\u00edjej\u00edc\u00ed m\u011bstsk\u00e9 \u010d\u00e1sti pro \u00fa\u0159ad s\u00a0tak trochu jin\u00fdm p\u0159\u00edstupem? Nev\u00e1hejte a&nbsp;p\u0159ihlaste se do na\u0161eho v\u00fdb\u011brov\u00e9ho \u0159\u00edzen\u00ed.<\/p>\r\n<p>[\/perex]<\/p>\r\n<h3>Co u&nbsp;n\u00e1s budete d\u011blat?<\/h3>\r\n<p>Povedete spr\u00e1vn\u00ed \u0159\u00edzen\u00ed v&nbsp;ochran\u011b zv\u00ed\u0159at proti t\u00fdr\u00e1n\u00ed, bude vyd\u00e1vat z\u00e1vazn\u00e1 stanoviska k\u00a0zem\u011bd\u011blsk\u00e9mu p\u016fdn\u00edmu fondu a&nbsp;zaji\u0161\u0165ovat dal\u0161\u00ed administrativn\u00ed pr\u00e1ci spojenou s&nbsp;v\u00fdkonem \u010dinnosti v&nbsp;p\u0159enesen\u00e9 p\u016fsobnosti.<\/p>\r\n<p>&nbsp;<\/p>\r\n<h3>Co od v\u00e1s o\u010dek\u00e1v\u00e1me?<\/h3>\r\n<ul>\r\n\t<li>vysoko\u0161kolsk\u00e9 vzd\u011bl\u00e1n\u00ed v&nbsp;bakal\u00e1\u0159sk\u00e9m studijn\u00edm programu nebo vy\u0161\u0161\u00ed odborn\u00e9 vzd\u011bl\u00e1n\u00ed (zem\u011bd\u011blsk\u00e9 pop\u0159\u00edpad\u011b ekologick\u00e9 odborn\u00e9 vzd\u011bl\u00e1n\u00ed)<\/li>\r\n\t<li>znalost:<\/li>\r\n<\/ul>\r\n<p>z\u00e1kona \u010d. 334\/1992 Sb., o&nbsp;ochran\u011b zem\u011bd\u011blsk\u00e9ho p\u016fdn\u00edho fondu, ve zn\u011bn\u00ed pozd\u011bj\u0161\u00edch p\u0159edpis\u016f<\/p>\r\n<p>z\u00e1kona \u010d. 246\/1992 Sb., na ochranu zv\u00ed\u0159at proti t\u00fdr\u00e1n\u00ed, ve zn\u011bn\u00ed pozd\u011bj\u0161\u00edch p\u0159edpis\u016f<\/p>\r\n<p>z\u00e1kona \u010d. 500\/2004 Sb., Spr\u00e1vn\u00ed \u0159\u00e1d, ve zn\u011bn\u00ed pozd\u011bj\u0161\u00edch p\u0159edpis\u016f<\/p>\r\n<p>z\u00e1kona \u010d. 131\/2000 Sb., o&nbsp;hlavn\u00edm m\u011bst\u011b Praze, ve zn\u011bn\u00ed pozd\u011bj\u0161\u00edch p\u0159edpis\u016f<\/p>\r\n<p>z\u00e1kona \u010d. 250\/2016 Sb., o&nbsp;odpov\u011bdnosti za p\u0159estupky a&nbsp;\u0159\u00edzen\u00ed o&nbsp;nich<\/p>\r\n<p>z\u00e1kona \u010d. 251\/2016 Sb. Z\u00e1kon o&nbsp;n\u011bkter\u00fdch p\u0159estupc\u00edch<\/p>\r\n<ul>\r\n\t<li>pr\u00e1ce ve st\u00e1tn\u00ed spr\u00e1v\u011b v\u00fdhodou<\/li>\r\n\t<li>znalost pr\u00e1ce na PC (Word, MS Excel, Internet)<\/li>\r\n\t<li>zkou\u0161ka ZOZ v\u00fdhodou<\/li>\r\n<\/ul>\r\n<p>&nbsp;<\/p>\r\n<h3>Co v\u00e1m nab\u00edz\u00edme?<\/h3>\r\n<p>Pracovn\u00ed pom\u011br na dobu neur\u010ditou. N\u00e1stupn\u00ed plat v&nbsp;10.&nbsp;platov\u00e9 t\u0159\u00edd\u011b a\u017e do v\u00fd\u0161e 31&nbsp;240&nbsp;K\u010d podle d\u00e9lky odborn\u00e9 praxe. Po zku\u0161ebn\u00ed dob\u011b osobn\u00ed p\u0159\u00edplatek a\u017e do v\u00fd\u0161e 100 %\u00a0maxim\u00e1ln\u00edho n\u00e1stupn\u00edho platu.<\/p>\r\n<table width=\"1109\" height=\"217\" style=\"color: black !important; font-weight: normal !important;\">\r\n<tbody>\r\n<tr>\r\n<td style=\"height: 0px; text-align: center;\"><\/td>\r\n<td style=\"height: 0px; text-align: center;\"><\/td>\r\n<td style=\"height: 0px; text-align: center;\"><\/td>\r\n<\/tr>\r\n<tr>\r\n<td style=\"width: 361px; text-align: center;\">\r\n<p><img loading=\"lazy\" src=\"https:\/\/www.praha7.cz\/wp-content\/uploads\/2018\/11\/rust.jpg\" alt=\"\" width=\"99\" height=\"96\" class=\"alignnone size-full wp-image-21382\" \/><\/p>\r\n<span style=\"font-weight: normal !important; color: black !important;\">Platov\u00e9 ohodnocen\u00ed, kter\u00e9 roste spolu s&nbsp;v\u00e1mi.<\/span><\/td>\r\n<td style=\"width: 363px; text-align: center;\">\r\n<p><img loading=\"lazy\" src=\"https:\/\/www.praha7.cz\/wp-content\/uploads\/2018\/11\/benefit.jpg\" alt=\"\" width=\"99\" height=\"96\" class=\"alignnone size-full wp-image-21381\" \/><\/p>\r\n<span style=\"font-weight: normal !important; color: black !important;\">\u0160irokou \u0161k\u00e1lu benefit\u016f, kter\u00e9 p\u0159ich\u00e1zej\u00ed ve spr\u00e1vn\u00fd \u010das.<\/span><\/td>\r\n<td style=\"width: 363px; text-align: center;\">\r\n<p><img loading=\"lazy\" src=\"https:\/\/www.praha7.cz\/wp-content\/uploads\/2018\/11\/dovolena.jpg\" alt=\"\" width=\"99\" height=\"96\" class=\"alignnone size-full wp-image-21383\" \/><\/p>\r\n<span style=\"font-weight: normal !important; color: black !important;\">5 t\u00fddn\u016f dovolen\u00e9, na kterou nebudete cht\u00edt odjet.<\/span><\/td>\r\n<\/tr>\r\n<tr>\r\n<td style=\"width: 361px; text-align: center;\">\r\n<p><img loading=\"lazy\" src=\"https:\/\/www.praha7.cz\/wp-content\/uploads\/2018\/11\/vzdelavani.jpg\" alt=\"\" width=\"142\" height=\"96\" class=\"alignnone size-full wp-image-21384\" \/><\/p>\r\n<span style=\"font-weight: normal !important; color: black !important;\">Mo\u017enost dal\u0161\u00edho vzd\u011bl\u00e1v\u00e1n\u00ed, abyste se ve sv\u011bt\u011b neztratili.<\/span><\/td>\r\n<td style=\"width: 363px; text-align: center;\">\r\n<p><img loading=\"lazy\" src=\"https:\/\/www.praha7.cz\/wp-content\/uploads\/2018\/11\/inspirace.jpg\" alt=\"\" width=\"99\" height=\"96\" class=\"alignnone size-full wp-image-21385\" \/><\/p>\r\n<span style=\"font-weight: normal !important; color: black !important;\">Pr\u00e1ci v&nbsp;inspirativn\u00edm kolektivu, kde se p\u0159ed n\u00e1pady nezav\u00edraj\u00ed o\u010di.<\/span><\/td>\r\n<td style=\"width: 363px; text-align: center;\">\r\n<p><img loading=\"lazy\" src=\"https:\/\/www.praha7.cz\/wp-content\/uploads\/2018\/11\/perspektiva.jpg\" alt=\"\" width=\"99\" height=\"96\" class=\"alignnone size-full wp-image-21386\" \/><\/p>\r\n<span style=\"font-weight: normal !important; color: black !important;\">Perspektivn\u00ed zam\u011bstn\u00e1n\u00ed, kde pom\u00e1h\u00e1te m\u011bnit sv\u011bt kolem sebe.<\/span><\/td>\r\n<\/tr>\r\n<\/tbody>\r\n<\/table>\r\n<p>&nbsp;<\/p>\r\n<h3>Jak se k\u00a0n\u00e1m dostanete?<\/h3>\r\n<p>P\u0159ihl\u00e1\u0161ku a&nbsp;souhlas se zpracov\u00e1n\u00edm osobn\u00edch \u00fadaj\u016f (naleznete ve <a href=\"https:\/\/www.praha7.cz\/radnice\/povinne-zverejnovane-informace\/formulare\/\">Formul\u00e1\u0159\u00edch Odboru person\u00e1ln\u00edch \u010dinnost\u00ed<\/a>) v\u010detn\u011b strukturovan\u00e9ho \u017eivotopisu, v\u00fdpisu z\u00a0evidence Rejst\u0159\u00edku trest\u016f ne star\u0161\u00edho ne\u017e 3 m\u011bs\u00edce a\u00a0ov\u011b\u0159en\u00e9 kopie dokladu o\u00a0nejvy\u0161\u0161\u00edm dosa\u017een\u00e9m vzd\u011bl\u00e1n\u00ed je mo\u017en\u00e9 osobn\u011b doru\u010dit v\u00a0\u00fa\u0159edn\u00edch hodin\u00e1ch do podatelny \u00da\u0159adu M\u010c Praha\u00a07 nebo zaslat na n\u00ed\u017ee uvedenou adresu\u00a0<span style=\"color: #ff0000;\"><strong>nejpozd\u011bji do 30.&nbsp;9.\u00a02022<\/strong><\/span>.<\/p>\r\n<p>&nbsp;<\/p>\r\n<p><strong>Vznik pracovn\u00edho pom\u011bru dle dohody.<\/strong><\/p>\r\n<p>&nbsp;<\/p>\r\n<p><em>M\u011bstsk\u00e1 \u010d\u00e1st Praha&nbsp;7<\/em><\/p>\r\n<p><em>\u00da\u0159ad m\u011bstsk\u00e9 \u010d\u00e1sti Praha&nbsp;7<\/em><\/p>\r\n<p><em>Odbor person\u00e1ln\u00edch \u010dinnost\u00ed<\/em><\/p>\r\n<p><em>U Pr\u016fhonu 1338\/38<\/em><\/p>\r\n<p><em>170&nbsp;00 Praha&nbsp;7<\/em><\/p>\r\n<p>&nbsp;<\/p>\r\n<p><strong>Ve\u0161ker\u00e9 pot\u0159ebn\u00e9 informace pro p\u0159ihl\u00e1\u0161en\u00ed do v\u00fdb\u011brov\u00e9ho \u0159\u00edzen\u00ed naleznete <a href=\"https:\/\/www.praha7.cz\/wp-content\/uploads\/2022\/09\/O\u017dP-referent-ZPF-a-ochrany-zv\u00ed\u0159at-III.pdf\" target=\"_blank\" rel=\"noopener\">ZDE<\/a>.<\/strong><\/p>","protected":false},"excerpt":{"rendered":"[perex] \u00da\u0159ad Prahy&nbsp;7 sh\u00e1n\u00ed do sv\u00e9ho t\u00fdmu kolegu\/kolegyni na pozici referent\/ka ZPF a&nbsp;ochrany zv\u00ed\u0159at. Je p\u00e9\u010de o&nbsp;p\u0159\u00edrodu va\u0161\u00edm \u017eivotn\u00edm posl\u00e1n\u00edm? Chcete z\u00faro\u010dit sv\u00e9 znalosti a&nbsp;zku\u0161enosti p\u0159i ochran\u011b zv\u00ed\u0159at a&nbsp;dal\u0161\u00ed smyslupln\u00e9 pr\u00e1ci? M\u00e1te z\u00e1jem pracovat v\u00a0dynamicky se rozv\u00edjej\u00edc\u00ed m\u011bstsk\u00e9 \u010d\u00e1sti pro \u00fa\u0159ad s\u00a0tak trochu jin\u00fdm p\u0159\u00edstupem? Nev\u00e1hejte a&nbsp;p\u0159ihlaste se do na\u0161eho v\u00fdb\u011brov\u00e9ho \u0159\u00edzen\u00ed. [\/perex] Co u&nbsp;n\u00e1s [&hellip;]","protected":false},"author":5,"featured_media":48875,"comment_status":"closed","ping_status":"open","sticky":false,"template":"","format":"standard","meta":[],"categories":[34],"tags":[],"_links":{"self":[{"href":"https:\/\/www.praha7.cz\/api\/wp\/v2\/posts\/60221"}],"collection":[{"href":"https:\/\/www.praha7.cz\/api\/wp\/v2\/posts"}],"about":[{"href":"https:\/\/www.praha7.cz\/api\/wp\/v2\/types\/post"}],"author":[{"embeddable":true,"href":"https:\/\/www.praha7.cz\/api\/wp\/v2\/users\/5"}],"replies":[{"embeddable":true,"href":"https:\/\/www.praha7.cz\/api\/wp\/v2\/comments?post=60221"}],"version-history":[{"count":2,"href":"https:\/\/www.praha7.cz\/api\/wp\/v2\/posts\/60221\/revisions"}],"predecessor-version":[{"id":60226,"href":"https:\/\/www.praha7.cz\/api\/wp\/v2\/posts\/60221\/revisions\/60226"}],"wp:featuredmedia":[{"embeddable":true,"href":"https:\/\/www.praha7.cz\/api\/wp\/v2\/media\/48875"}],"wp:attachment":[{"href":"https:\/\/www.praha7.cz\/api\/wp\/v2\/media?parent=60221"}],"wp:term":[{"taxonomy":"category","embeddable":true,"href":"https:\/\/www.praha7.cz\/api\/wp\/v2\/categories?post=60221"},{"taxonomy":"post_tag","embeddable":true,"href":"https:\/\/www.praha7.cz\/api\/wp\/v2\/tags?post=60221"}],"curies":[{"name":"wp","href":"https:\/\/api.w.org\/{rel}","templated":true}]}}