    
{"id":59917,"date":"2023-01-02T11:58:34","date_gmt":"2023-01-02T10:58:34","guid":{"rendered":"https:\/\/www.praha7.cz\/?p=59917"},"modified":"2023-04-13T16:55:56","modified_gmt":"2023-04-13T14:55:56","slug":"balicek-pomoci","status":"publish","type":"post","link":"https:\/\/www.praha7.cz\/balicek-pomoci\/","title":{"rendered":"Rychl\u00e1 pomoc v&nbsp;dob\u011b nouze"},"content":{"rendered":"<p>[perex]<\/p>\r\n<p>Pat\u0159\u00edte mezi n\u00edzkop\u0159\u00edjmov\u00e9 rodiny, samostatn\u011b \u017eij\u00edc\u00ed seniory \u010di dal\u0161\u00ed skupiny, kter\u00e9 nejv\u00edce ohro\u017euje sou\u010dasn\u00e9 zdra\u017eov\u00e1n\u00ed? M\u00e1te n\u011bkoho takov\u00e9ho ve sv\u00e9m sousedstv\u00ed? I&nbsp;v&nbsp;roce 2023 je tu pro v\u00e1s bal\u00ed\u010dek okam\u017eit\u00e9 pomoci pro Pra\u017eany v\u00a0nouzi. Opat\u0159en\u00ed v\u00a0tomto bal\u00ed\u010dku rychle a&nbsp;adresn\u011b pom\u00e1haj\u00ed dom\u00e1cnostem ohro\u017een\u00fdm chudobou \u010di ztr\u00e1tou bydlen\u00ed. V\u00edce informac\u00ed n\u00ed\u017ee.\u00a0<\/p>\r\n<p><strong>Ve\u0161ker\u00e9 informace k\u00a0jednotliv\u00fdm form\u00e1m pomoci Pra\u017ean\u016fm najdete na str\u00e1nk\u00e1ch: <a href=\"https:\/\/pomocprazanum.praha.eu\/cz\/uvod\" target=\"_blank\" rel=\"noopener\">pomocprazanum.praha.eu<\/a><\/strong><\/p>\r\n<p><b>Informace o&nbsp;vl\u00e1dn\u00edm programu De\u0161tn\u00edk proti drahot\u011b najdete na str\u00e1nk\u00e1ch:\u00a0<a href=\"https:\/\/www.destnikprotidrahote.cz\/\">destnikprotidrahote.cz<\/a>\u00a0<\/b><\/p>\r\n<p><strong>Zpravodaj k&nbsp;pomoci Pra\u017ean\u016fm s&nbsp;aktu\u00e1ln\u00edmi informacemi ke sta\u017een\u00ed <a href=\"https:\/\/www.praha7.cz\/wp-content\/uploads\/2023\/01\/Zpravodaj-pomoci-Pra\u017ean\u016fm.pdf\" target=\"_blank\" rel=\"noopener\">ZDE.<\/a><\/strong><\/p>\r\n<p>[\/perex]<\/p>\r\n<h2>Jsou n\u00e1klady spojen\u00e9 s\u00a0bydlen\u00edm nad va\u0161e s\u00edly?<\/h2>\r\n<p><span style=\"color: #ff0000;\"><span style=\"font-size: 20px;\"><strong>Za\u017e\u00e1dejte si o&nbsp;p\u0159\u00edsp\u011bvek na bydlen\u00ed<\/strong><\/span>\u00a0<\/span><\/p>\r\n<p>P\u0159\u00edsp\u011bvek na bydlen\u00ed je z\u00e1klad st\u00e1tn\u00ed soci\u00e1ln\u00ed pomoci, kdy\u017e n\u00e1klady na bydlen\u00ed p\u0159esahuj\u00ed va\u0161e mo\u017enosti. <strong>Od 1.&nbsp;10.&nbsp;2022 se p\u0159\u00edsp\u011bvek na bydlen\u00ed zv\u00ed\u0161il a&nbsp;dos\u00e1hne na n\u011bj v\u00edce lid\u00ed. Dal\u0161\u00ed informace <a href=\"https:\/\/www.finance.cz\/543773-zvyseni-prispevku-na-bydleni-od-1-rijna-2022\/\">ZDE<\/a>.<\/strong><\/p>\r\n<ul>\r\n\t<li>O p\u0159\u00edsp\u011bvek si m\u016f\u017eete za\u017e\u00e1dat na <a href=\"https:\/\/www.uradprace.cz\/web\/cz\/praha-8\" target=\"_blank\" rel=\"noopener\">\u00da\u0159ad\u011b pr\u00e1ce<\/a> (Na Manin\u00e1ch 7). Podrobnosti najdete <a href=\"https:\/\/www.praha7.cz\/potrebuji-zaridit\/socialni-oblast\/socialni-davky\/davky-na-bydleni\/\">zde<\/a>.<\/li>\r\n\t<li>Chcete v\u011bd\u011bt, na jakou v\u00fd\u0161i p\u0159\u00edsp\u011bvku dos\u00e1hnete? Vyzkou\u0161ejte <a href=\"https:\/\/www.energetickyprispevek.cz\/web\/prispevek\/orientacni-vypocet-prispevku-na-bydleni\" target=\"_blank\" rel=\"noopener\">orienta\u010dn\u00ed kalkula\u010dku<\/a> na str\u00e1nk\u00e1ch MPSV.<\/li>\r\n\t<li>S n\u00e1klady na bydlen\u00ed v\u00e1m m\u016f\u017ee pomoci tak\u00e9 <a href=\"https:\/\/www.socialninadacnifond.praha.eu\/program\/podpory-bydleni\" target=\"_blank\" rel=\"noopener\">Soci\u00e1ln\u00ed nada\u010dn\u00ed fond hl. m. Prahy<\/a>.<\/li>\r\n\t<li>Pro ty, kte\u0159\u00ed pot\u0159ebuj\u00ed pomoc se nejen v&nbsp;problematice p\u0159\u00edsp\u011bvku na bydlen\u00ed l\u00e9pe zorientovat, je zde help linka organizace \u010clov\u011bk v&nbsp;t\u00edsni:\u00a0770&nbsp;600&nbsp;800,\u00a0po\u2013p\u00e1 9\u201317 hod., v\u00edce <a href=\"https:\/\/www.praha7.cz\/wp-content\/uploads\/2023\/01\/Poster-energie-A4-1.pdf\" target=\"_blank\" rel=\"noopener\">zde<\/a>.<\/li>\r\n\t<li>Obr\u00e1tit se rovn\u011b\u017e m\u016f\u017eete na <a href=\"http:\/\/www.praha7.cz\/bydleni\" target=\"_blank\" rel=\"noopener\">Kontaktn\u00ed m\u00edsto pro bydlen\u00ed v&nbsp;Praze 7<\/a>, kde v\u00e1m porad\u00ed v\u00a0ot\u00e1zk\u00e1ch spojen\u00fdch s&nbsp;bytovou problematikou.\u00a0<\/li>\r\n<\/ul>\r\n<hr \/>\r\n<h2>Pot\u0159ebujete pomoct s&nbsp;platbami ve \u0161kole \u010di \u0161kolce?<\/h2>\r\n<p><span style=\"color: #ff0000;\"><strong><span style=\"font-size: 20px;\">Obra\u0165te se na \u0159editele va\u0161\u00ed \u0161koly nebo t\u0159\u00eddn\u00edho u\u010ditele<\/span><\/strong><\/span><\/p>\r\n<p><em>Plat\u00ed pro \u0161koln\u00ed za\u0159\u00edzen\u00ed z\u0159izovan\u00e1 hl. m. Prahou a&nbsp;m\u011bstsk\u00fdmi \u010d\u00e1stmi a&nbsp;pro c\u00edrkevn\u00ed M\u0160 a&nbsp;Z\u0160.<\/em><\/p>\r\n<p><strong>Pot\u0159ebujete pomoci s\u00a0\u00fahradou \u0161koly v\u00a0p\u0159\u00edrod\u011b, dru\u017einy, stravn\u00e9ho nebo krou\u017ek\u016f v\u00a0druh\u00e9m pololet\u00ed \u0161koln\u00edho roku?\u00a0<\/strong><strong>V\u00a0sou\u010dasn\u00e9 dob\u011b existuj\u00ed r\u016fzn\u00e9 mo\u017enosti podpory: <a href=\"https:\/\/www.praha7.cz\/potrebuji-zaridit\/socialni-oblast\/podpora-pro-rodiny\/\">ZDE<\/a> najdete jejich souhrn.\u00a0<\/strong><\/p>\r\n<ul>\r\n\t<li>Ohro\u017een\u00e9 rodiny mohou pro sv\u00e9 d\u011bti za\u017e\u00e1dat nap\u0159\u00edklad o\u00a0bezplatn\u00e9 stravn\u00e9, pobyt v\u00a0dru\u017ein\u011b \u010di odpu\u0161t\u011bn\u00ed \u0161kolkovn\u00e9ho.\u00a0\u017d\u00e1dosti pod\u00e1vejte prost\u0159ednictv\u00edm va\u0161\u00ed \u0161koly Formul\u00e1\u0159 najdete\u00a0<a href=\"https:\/\/www.praha7.cz\/wp-content\/uploads\/2022\/08\/6_A4_zadost_dite_zak_ucastnik_balicek.pdf\">ZDE<\/a>.<\/li>\r\n\t<li>Z\u00a0fond\u016f solidarity v\u00e1m mohou \u0161koly vypom\u00e1hat nap\u0159\u00edklad i\u00a0s\u00a0n\u00e1klady na \u0161koln\u00ed pom\u016fcky, krou\u017eky, v\u00fdlety \u010di \u0161koly v\u00a0p\u0159\u00edrod\u011b.\u00a0\u017d\u00e1dosti pod\u00e1vejte prost\u0159ednictv\u00edm va\u0161\u00ed \u0161koly Formul\u00e1\u0159 najdete\u00a0<a href=\"https:\/\/www.praha7.cz\/wp-content\/uploads\/2022\/08\/7_A4_zadost_dite_zak_ucastnik_FOND_SOLIDARITY.pdf\">ZDE<\/a>.<\/li>\r\n\t<li>Pro rodi\u010de z&nbsp;Prahy&nbsp;7, kte\u0159\u00ed si nev\u011bd\u00ed rady v\u00a0moment\u00e1ln\u00ed t\u00ed\u017eiv\u00e9 \u017eivotn\u00ed situaci, je zde <a href=\"http:\/\/www.praha7.cz\/poradna-rodina\" target=\"_blank\" rel=\"noopener\">Poradna pro rodiny<\/a>.<\/li>\r\n<\/ul>\r\n<hr \/>\r\n<p><strong><span style=\"font-size: 20px;\">Pokud se pot\u0159ebujete l\u00e9pe zorientovat v\u00a0nab\u00eddce soci\u00e1ln\u00ed pomoci<\/span>,<\/strong> obra\u0165te se na n\u00e1s: e-mail:\u00a0<a href=\"mailto:socialnipomoc@praha7.cz\">socialnipomoc@praha7.cz<\/a>\u00a0nebo p\u0159\u00edmo na na\u0161e soci\u00e1ln\u00ed pracovnice:<\/p>\r\n<p>Na\u010fu Zelinkovou: 739\u00a0553\u00a0133<\/p>\r\n<p>Kate\u0159inu Laskovskou: 605\u00a0070\u00a0056<\/p>\r\n<p><span style=\"color: #000000;\">Po\u017e\u00e1dat o&nbsp;informace \u010di pomoc v\u00a0t\u011b\u017ek\u00e9 dob\u011b nen\u00ed ostuda!<\/span><\/p>\r\n<hr \/>\r\n<h3>Jak u\u0161et\u0159it p\u0159i vyt\u00e1p\u011bn\u00ed, oh\u0159evu vody, va\u0159en\u00ed, osv\u011btlen\u00ed a&nbsp;u\u017e\u00edv\u00e1n\u00ed spot\u0159ebi\u010d\u016f? Rady a&nbsp;tipy najdete <a href=\"https:\/\/www.praha7.cz\/wp-content\/uploads\/2022\/08\/USPORY_infografika_5_a_souhrn_A3.pdf\">zde<\/a>.<\/h3>","protected":false},"excerpt":{"rendered":"[perex] Pat\u0159\u00edte mezi n\u00edzkop\u0159\u00edjmov\u00e9 rodiny, samostatn\u011b \u017eij\u00edc\u00ed seniory \u010di dal\u0161\u00ed skupiny, kter\u00e9 nejv\u00edce ohro\u017euje sou\u010dasn\u00e9 zdra\u017eov\u00e1n\u00ed? M\u00e1te n\u011bkoho takov\u00e9ho ve sv\u00e9m sousedstv\u00ed? I&nbsp;v&nbsp;roce 2023 je tu pro v\u00e1s bal\u00ed\u010dek okam\u017eit\u00e9 pomoci pro Pra\u017eany v\u00a0nouzi. Opat\u0159en\u00ed v\u00a0tomto bal\u00ed\u010dku rychle a&nbsp;adresn\u011b pom\u00e1haj\u00ed dom\u00e1cnostem ohro\u017een\u00fdm chudobou \u010di ztr\u00e1tou bydlen\u00ed. V\u00edce informac\u00ed n\u00ed\u017ee.\u00a0 Ve\u0161ker\u00e9 informace k\u00a0jednotliv\u00fdm form\u00e1m pomoci Pra\u017ean\u016fm [&hellip;]","protected":false},"author":251,"featured_media":59918,"comment_status":"closed","ping_status":"open","sticky":false,"template":"","format":"standard","meta":[],"categories":[36],"tags":[],"_links":{"self":[{"href":"https:\/\/www.praha7.cz\/api\/wp\/v2\/posts\/59917"}],"collection":[{"href":"https:\/\/www.praha7.cz\/api\/wp\/v2\/posts"}],"about":[{"href":"https:\/\/www.praha7.cz\/api\/wp\/v2\/types\/post"}],"author":[{"embeddable":true,"href":"https:\/\/www.praha7.cz\/api\/wp\/v2\/users\/251"}],"replies":[{"embeddable":true,"href":"https:\/\/www.praha7.cz\/api\/wp\/v2\/comments?post=59917"}],"version-history":[{"count":33,"href":"https:\/\/www.praha7.cz\/api\/wp\/v2\/posts\/59917\/revisions"}],"predecessor-version":[{"id":65876,"href":"https:\/\/www.praha7.cz\/api\/wp\/v2\/posts\/59917\/revisions\/65876"}],"wp:featuredmedia":[{"embeddable":true,"href":"https:\/\/www.praha7.cz\/api\/wp\/v2\/media\/59918"}],"wp:attachment":[{"href":"https:\/\/www.praha7.cz\/api\/wp\/v2\/media?parent=59917"}],"wp:term":[{"taxonomy":"category","embeddable":true,"href":"https:\/\/www.praha7.cz\/api\/wp\/v2\/categories?post=59917"},{"taxonomy":"post_tag","embeddable":true,"href":"https:\/\/www.praha7.cz\/api\/wp\/v2\/tags?post=59917"}],"curies":[{"name":"wp","href":"https:\/\/api.w.org\/{rel}","templated":true}]}}