    
{"id":59741,"date":"2022-08-15T16:36:50","date_gmt":"2022-08-15T14:36:50","guid":{"rendered":"https:\/\/www.praha7.cz\/?p=59741"},"modified":"2022-08-15T18:36:21","modified_gmt":"2022-08-15T16:36:21","slug":"mpsv-spustilo-prijem-zadosti-o-jednorazovy-prispevek-na-dite","status":"publish","type":"post","link":"https:\/\/www.praha7.cz\/mpsv-spustilo-prijem-zadosti-o-jednorazovy-prispevek-na-dite\/","title":{"rendered":"MPSV spustilo p\u0159\u00edjem \u017e\u00e1dost\u00ed o&nbsp;jednor\u00e1zov\u00fd p\u0159\u00edsp\u011bvek na d\u00edt\u011b"},"content":{"rendered":"<p>[perex]<\/p>\r\n<p>Inflaci a&nbsp;r\u016fst \u017eivotn\u00edch n\u00e1klad\u016f v&nbsp;sou\u010dasn\u00e9 situaci asi poci\u0165uje ka\u017ed\u00fd. Jednou z&nbsp;nejzraniteln\u011bj\u0161\u00edch skupin jsou dom\u00e1cnosti s&nbsp;d\u011btmi. Proto rodin\u00e1m se st\u0159edn\u00edmi a&nbsp;n\u00edzk\u00fdmi p\u0159\u00edjmy vyplat\u00ed Ministerstvo pr\u00e1ce a&nbsp;soci\u00e1ln\u00edch v\u011bc\u00ed <a href=\"https:\/\/www.mpsv.cz\/web\/cz\/jednorazovy-prispevek-na-dite?fbclid=IwAR0be5yEt0ejPSKDz76F-l2Ubqy4AWmCdslI_iDK8_32K0RvkjANJm2DVXI\" target=\"_blank\" rel=\"noopener\">jednor\u00e1zov\u00fd p\u0159\u00edsp\u011bvek 5&nbsp;000&nbsp;K\u010d na ka\u017ed\u00e9 d\u00edt\u011b<\/a>. O&nbsp;p\u0159\u00edsp\u011bvek lze \u017e\u00e1dat od 15.&nbsp;srpna 2022.<\/p>\r\n<p>[\/perex]<\/p>\r\n<ul>\r\n\t<li>N\u00e1rok na p\u0159\u00edsp\u011bvek maj\u00ed d\u011bti narozen\u00e9 od 2.&nbsp;srpna 2004 do 31.&nbsp;prosince 2022.<\/li>\r\n\t<li>\u010cek\u00e1te d\u00edt\u011b? Po\u017e\u00e1dat m\u016f\u017eete i&nbsp;po jeho narozen\u00ed, nejpozd\u011bji v\u0161ak do 1.&nbsp;\u010dervence 2023.<\/li>\r\n\t<li>P\u0159\u00edjmy dom\u00e1cnosti nemus\u00edte dokl\u00e1dat, jen potvrd\u00edte, \u017ee v\u00a0roce 2021 nep\u0159es\u00e1hly milion. MPSV si jejich v\u00fd\u0161i ov\u011b\u0159\u00ed samo.<\/li>\r\n\t<li>Pen\u00edze v\u00e1m p\u0159ijdou do 30 dn\u016f od pod\u00e1n\u00ed \u017e\u00e1dosti.\u00a0<\/li>\r\n<\/ul>\r\n<hr \/>\r\n<p><strong>Pokud jste v&nbsp;\u010dervenci pob\u00edrali p\u0159\u00eddavek na d\u00edt\u011b<\/strong>, kter\u00e9 nedos\u00e1hlo p\u0159ed 2.&nbsp;srpnem 2022 dosp\u011blosti, pak tento <strong>jednor\u00e1zov\u00fd p\u0159\u00edsp\u011bvek 5000&nbsp;K\u010d dostanete automaticky a&nbsp;nemus\u00edte o&nbsp;nic \u017e\u00e1dat<\/strong>.<\/p>\r\n<p>Prvn\u00ed platby u\u017e dorazily na \u00fa\u010dty, dal\u0161\u00ed budou n\u00e1sledovat. P\u0159\u00edsp\u011bvek dostanete nejpozd\u011bji s&nbsp;p\u0159\u00eddavkem na d\u00edt\u011b v&nbsp;pr\u016fb\u011bhu srpna.<\/p>\r\n<hr \/>\r\n<p><strong>Podat \u017e\u00e1dost je\u00a0mo\u017en\u00e9\u00a0v <a href=\"https:\/\/jenda.mpsv.cz\/\" target=\"_blank\" rel=\"noopener\">klientsk\u00e9m port\u00e1lu MPSV Jenda<\/a><\/strong>. Budete pot\u0159ebovat elektronickou identitu ob\u010dana (bank ID, NIA ID, moje ID apod.).\u00a0<strong>Druhou mo\u017enost\u00ed je p\u0159ij\u00edt osobn\u011b<\/strong> na vybran\u00e9 pracovi\u0161t\u011b <strong>Czech POINT<\/strong> (na krajsk\u00e9m, m\u011bstsk\u00e9m nebo obecn\u00edm \u00fa\u0159adu). Na Sedmi\u010dce m\u016f\u017eete vyu\u017e\u00edt nap\u0159\u00edklad <a href=\"https:\/\/www.praha7.cz\/potrebuji-zaridit\/egovernment\/czech-point\/\">kontaktn\u00ed m\u00edsto na radnici nebo\u00a0v informa\u010dn\u00edm centru<\/a> (Milady Hor\u00e1kov\u00e9 2).<\/p>\r\n<p><strong>Co budete pot\u0159ebovat?<\/strong><\/p>\r\n<ul>\r\n\t<li>platn\u00fd doklad toto\u017enosti<\/li>\r\n\t<li>jm\u00e9no, p\u0159\u00edjmen\u00ed, rodn\u00e9 p\u0159\u00edjmen\u00ed, rodn\u00e9 \u010d\u00edslo d\u00edt\u011bte\/d\u011bt\u00ed<\/li>\r\n\t<li>pokud jste vdan\u00e1\/\u017eenat\u00fd: jm\u00e9no, p\u0159\u00edjmen\u00ed, rodn\u00e9 p\u0159\u00edjmen\u00ed, rodn\u00e9 \u010d\u00edslo man\u017eela\/man\u017eelky<\/li>\r\n\t<li>v\u00fdplata je mo\u017en\u00e1 po\u0161tovn\u00ed pouk\u00e1zkou nebo na \u00fa\u010det, v\u00a0takov\u00e9m p\u0159\u00edpad\u011b si p\u0159ipravte \u010d\u00edslo \u00fa\u010dtu (u&nbsp;zahrani\u010dn\u00edho BIC a&nbsp;IBAN)<\/li>\r\n\t<li>\u017e\u00e1dat lze tak\u00e9 na z\u00e1klad\u011b pln\u00e9 moci, kter\u00e1 nemus\u00ed b\u00fdt ov\u011b\u0159ena<\/li>\r\n<\/ul>\r\n<hr \/>\r\n<p>M\u00e1te probl\u00e9m se\u00a0do e-identity p\u0159ihl\u00e1sit (zapomenut\u00e9 heslo, technick\u00fd probl\u00e9m&#8230;)? Obra\u0165te se pros\u00edm na tel.\u00a0227&nbsp;023&nbsp;499 (infolinka z\u00e1kladn\u00edch registr\u016f).\u00a0<\/p>\r\n<p><a href=\"https:\/\/www.mpsv.cz\/documents\/20142\/2786931\/otazky_odpovedi_5000_A4_final.pdf\" target=\"_blank\" rel=\"noopener\">\u010casto kladen\u00e9 dotazy<\/a><\/p>\r\n<p>&nbsp;<\/p>\r\n<p><iframe loading=\"lazy\" width=\"560\" height=\"314\" src=\"\/\/www.youtube.com\/embed\/WCMpyi_z8t0?t=3s\" allowfullscreen=\"allowfullscreen\"><\/iframe><\/p>\r\n<p>&nbsp;<\/p>","protected":false},"excerpt":{"rendered":"[perex] Inflaci a&nbsp;r\u016fst \u017eivotn\u00edch n\u00e1klad\u016f v&nbsp;sou\u010dasn\u00e9 situaci asi poci\u0165uje ka\u017ed\u00fd. Jednou z&nbsp;nejzraniteln\u011bj\u0161\u00edch skupin jsou dom\u00e1cnosti s&nbsp;d\u011btmi. Proto rodin\u00e1m se st\u0159edn\u00edmi a&nbsp;n\u00edzk\u00fdmi p\u0159\u00edjmy vyplat\u00ed Ministerstvo pr\u00e1ce a&nbsp;soci\u00e1ln\u00edch v\u011bc\u00ed jednor\u00e1zov\u00fd p\u0159\u00edsp\u011bvek 5&nbsp;000&nbsp;K\u010d na ka\u017ed\u00e9 d\u00edt\u011b. O&nbsp;p\u0159\u00edsp\u011bvek lze \u017e\u00e1dat od 15.&nbsp;srpna 2022. [\/perex] N\u00e1rok na p\u0159\u00edsp\u011bvek maj\u00ed d\u011bti narozen\u00e9 od 2.&nbsp;srpna 2004 do 31.&nbsp;prosince 2022.&nbsp;\u010cek\u00e1te d\u00edt\u011b? Po\u017e\u00e1dat [&hellip;]","protected":false},"author":251,"featured_media":59742,"comment_status":"closed","ping_status":"open","sticky":false,"template":"","format":"standard","meta":[],"categories":[34],"tags":[],"_links":{"self":[{"href":"https:\/\/www.praha7.cz\/api\/wp\/v2\/posts\/59741"}],"collection":[{"href":"https:\/\/www.praha7.cz\/api\/wp\/v2\/posts"}],"about":[{"href":"https:\/\/www.praha7.cz\/api\/wp\/v2\/types\/post"}],"author":[{"embeddable":true,"href":"https:\/\/www.praha7.cz\/api\/wp\/v2\/users\/251"}],"replies":[{"embeddable":true,"href":"https:\/\/www.praha7.cz\/api\/wp\/v2\/comments?post=59741"}],"version-history":[{"count":4,"href":"https:\/\/www.praha7.cz\/api\/wp\/v2\/posts\/59741\/revisions"}],"predecessor-version":[{"id":59747,"href":"https:\/\/www.praha7.cz\/api\/wp\/v2\/posts\/59741\/revisions\/59747"}],"wp:featuredmedia":[{"embeddable":true,"href":"https:\/\/www.praha7.cz\/api\/wp\/v2\/media\/59742"}],"wp:attachment":[{"href":"https:\/\/www.praha7.cz\/api\/wp\/v2\/media?parent=59741"}],"wp:term":[{"taxonomy":"category","embeddable":true,"href":"https:\/\/www.praha7.cz\/api\/wp\/v2\/categories?post=59741"},{"taxonomy":"post_tag","embeddable":true,"href":"https:\/\/www.praha7.cz\/api\/wp\/v2\/tags?post=59741"}],"curies":[{"name":"wp","href":"https:\/\/api.w.org\/{rel}","templated":true}]}}