    
{"id":59576,"date":"2022-08-05T15:34:03","date_gmt":"2022-08-05T13:34:03","guid":{"rendered":"https:\/\/www.praha7.cz\/?p=59576"},"modified":"2022-08-05T15:34:54","modified_gmt":"2022-08-05T13:34:54","slug":"vikendova-vyluka-metra-v-useku-hlavni-nadrazi-vltavska","status":"publish","type":"post","link":"https:\/\/www.praha7.cz\/vikendova-vyluka-metra-v-useku-hlavni-nadrazi-vltavska\/","title":{"rendered":"V\u00edkendov\u00e1 v\u00fdluka metra v&nbsp;\u00faseku Hlavn\u00ed n\u00e1dra\u017e\u00ed \u2013 Vltavsk\u00e1"},"content":{"rendered":"<p>[perex]<\/p>\r\n<p>Trasu C \u010dek\u00e1 o&nbsp;v\u00edkendu <strong>6.&nbsp;a&nbsp;7.&nbsp;srpna 2022<\/strong> v\u00fdluka kv\u016fli modernizaci stanice Florenc, konkr\u00e9tn\u011b v\u00fdm\u011bn\u011b stropn\u00ed desky. Stavba\u0159i budou ze stropu demontovat dal\u0161\u00edch dev\u011bt t\u00e9m\u011b\u0159 30 tun t\u011b\u017ek\u00fdch nosn\u00edk\u016f; v&nbsp;z\u00e1jmu zaji\u0161t\u011bn\u00ed bezpe\u010dnosti tak bude <strong>mezi Hlavn\u00edm n\u00e1dra\u017e\u00edm a&nbsp;Vltavskou provoz metra p\u0159eru\u0161en a&nbsp;nahrazen tramvajovou linkou XC<\/strong>.<\/p>\r\n<p>[\/perex]<\/p>\r\n<p>\u00dasek\u00a0Hlavn\u00ed n\u00e1dra\u017e\u00ed \u2013 Florenc \u2013 Vltavsk\u00e1\u00a0je v&nbsp;sobotu 6.&nbsp;a&nbsp;v&nbsp;ned\u011bli 7.&nbsp;srpna 2022 zcela mimo provoz a&nbsp;je nahrazen tramvajovou linkou XC.<\/p>\r\n<p>Linka XC jezd\u00ed v&nbsp;trase\u00a0Hlavn\u00ed n\u00e1dra\u017e\u00ed \u2013 Masarykovo n\u00e1dra\u017e\u00ed \u2013 B\u00edl\u00e1 labu\u0165 \u2013 T\u011b\u0161nov \u2013 \u0160tvanice \u2013 Vltavsk\u00e1 (pod mostem) \u2013 Strossmayerovo n\u00e1m\u011bst\u00ed \u2013 Veletr\u017en\u00ed pal\u00e1c \u2013 V\u00fdstavi\u0161t\u011b. V&nbsp;zast\u00e1vce Hlavn\u00ed n\u00e1dra\u017e\u00ed linka vyu\u017e\u00edv\u00e1 nov\u011b vybudovanou kone\u010dnou v&nbsp;ulici Opletalova.<br \/>\r\nPro cestu do oblasti Florence, pros\u00edme, vyu\u017eijte zast\u00e1vku linky XC B\u00edl\u00e1 labu\u0165, metro B, \u010di ostatn\u00ed povrchovou dopravu.<\/p>\r\n<p>Cestuj\u00edc\u00ed mohou vyu\u017e\u00edt tak\u00e9 linku 36, kter\u00e1 jezd\u00ed v&nbsp;trase\u00a0Zvona\u0159ka \u2013 I. P. Pavlova \u2013 Karlovo n\u00e1m\u011bst\u00ed \u2013 V\u00e1clavsk\u00e9 n\u00e1m\u011bst\u00ed \u2013 Masarykovo n\u00e1dra\u017e\u00ed \u2013 B\u00edl\u00e1 labu\u0165 \u2013 Vltavsk\u00e1 (pod mostem) \u2013 V\u00fdstavi\u0161t\u011b \u2013 N\u00e1dra\u017e\u00ed Hole\u0161ovice \u2013 Kobylisy \u2013 L\u00e1dv\u00ed \u2013 S\u00eddli\u0161t\u011b \u010e\u00e1blice. V&nbsp;\u00faseku Kobylisy \u2013 S\u00eddli\u0161t\u011b \u010e\u00e1blice pouze vybran\u00e9 spoje.<br \/>\r\n\u00a0<\/p>\r\n<p><a href=\"https:\/\/www.praha7.cz\/wp-content\/uploads\/2022\/08\/mhd_omezen\u00ed.png\"><img loading=\"lazy\" src=\"https:\/\/www.praha7.cz\/wp-content\/uploads\/2022\/08\/mhd_omezen\u00ed-200x200.png\" alt=\"\" width=\"200\" height=\"200\" class=\"alignnone wp-image-59577 size-thumbnail\" \/><\/a><\/p>\r\n<p>&nbsp;<\/p>\r\n<p>Detaily najdete na str\u00e1nk\u00e1ch <a href=\"https:\/\/pid.cz\/vyluky\/florenc-vyluka-metra-c\/?fbclid=IwAR1IuHVcjW_tnKTxn4MZOxsRMmI2yWfXqffQx5-XvWfRIwQsAYZNrCAMUBA\">PID<\/a>.<\/p>","protected":false},"excerpt":{"rendered":"[perex] Trasu C \u010dek\u00e1 o&nbsp;v\u00edkendu 6.&nbsp;a&nbsp;7.&nbsp;srpna 2022 v\u00fdluka kv\u016fli modernizaci stanice Florenc, konkr\u00e9tn\u011b v\u00fdm\u011bn\u011b stropn\u00ed desky. Stavba\u0159i budou ze stropu demontovat dal\u0161\u00edch dev\u011bt t\u00e9m\u011b\u0159 30 tun t\u011b\u017ek\u00fdch nosn\u00edk\u016f; v&nbsp;z\u00e1jmu zaji\u0161t\u011bn\u00ed bezpe\u010dnosti tak bude mezi Hlavn\u00edm n\u00e1dra\u017e\u00edm a&nbsp;Vltavskou provoz metra p\u0159eru\u0161en a&nbsp;nahrazen tramvajovou linkou XC. [\/perex] \u00dasek\u00a0Hlavn\u00ed n\u00e1dra\u017e\u00ed \u2013 Florenc \u2013 Vltavsk\u00e1\u00a0je v&nbsp;sobotu 6.&nbsp;a&nbsp;v&nbsp;ned\u011bli 7.&nbsp;srpna 2022 [&hellip;]","protected":false},"author":251,"featured_media":59578,"comment_status":"closed","ping_status":"open","sticky":false,"template":"","format":"standard","meta":[],"categories":[34],"tags":[],"_links":{"self":[{"href":"https:\/\/www.praha7.cz\/api\/wp\/v2\/posts\/59576"}],"collection":[{"href":"https:\/\/www.praha7.cz\/api\/wp\/v2\/posts"}],"about":[{"href":"https:\/\/www.praha7.cz\/api\/wp\/v2\/types\/post"}],"author":[{"embeddable":true,"href":"https:\/\/www.praha7.cz\/api\/wp\/v2\/users\/251"}],"replies":[{"embeddable":true,"href":"https:\/\/www.praha7.cz\/api\/wp\/v2\/comments?post=59576"}],"version-history":[{"count":3,"href":"https:\/\/www.praha7.cz\/api\/wp\/v2\/posts\/59576\/revisions"}],"predecessor-version":[{"id":59581,"href":"https:\/\/www.praha7.cz\/api\/wp\/v2\/posts\/59576\/revisions\/59581"}],"wp:featuredmedia":[{"embeddable":true,"href":"https:\/\/www.praha7.cz\/api\/wp\/v2\/media\/59578"}],"wp:attachment":[{"href":"https:\/\/www.praha7.cz\/api\/wp\/v2\/media?parent=59576"}],"wp:term":[{"taxonomy":"category","embeddable":true,"href":"https:\/\/www.praha7.cz\/api\/wp\/v2\/categories?post=59576"},{"taxonomy":"post_tag","embeddable":true,"href":"https:\/\/www.praha7.cz\/api\/wp\/v2\/tags?post=59576"}],"curies":[{"name":"wp","href":"https:\/\/api.w.org\/{rel}","templated":true}]}}