    
{"id":59261,"date":"2022-07-27T09:03:58","date_gmt":"2022-07-27T07:03:58","guid":{"rendered":"https:\/\/www.praha7.cz\/?p=59261"},"modified":"2022-07-27T09:03:58","modified_gmt":"2022-07-27T07:03:58","slug":"putovani-kyprem-v-botanicke-zahrade","status":"publish","type":"post","link":"https:\/\/www.praha7.cz\/putovani-kyprem-v-botanicke-zahrade\/","title":{"rendered":"Putov\u00e1n\u00ed Kyprem v&nbsp;Botanick\u00e9 zahrad\u011b"},"content":{"rendered":"<p>[perex]<\/p>\r\n<p>V trojsk\u00e9 Botanick\u00e9 zahrad\u011b m\u016f\u017eete do 21.&nbsp;srpna 2022 nav\u0161t\u00edvit v\u00fdstavu fotografi\u00ed s&nbsp;n\u00e1zvem\u00a0Botanick\u00e1 putov\u00e1n\u00ed Kyprem. V\u00fdstava navazuje na knihu kur\u00e1tora Petra Hanzelky, v&nbsp;n\u00ed\u017e popisuje sv\u00e9 z\u00e1\u017eitky z&nbsp;opakovan\u00fdch botanick\u00fdch expedic. Kypr p\u0159edstavuje p\u0159edev\u0161\u00edm jako m\u00edsto s&nbsp;podivuhodn\u00fdm rostlinn\u00fdm bohatstv\u00edm, kter\u00e9 se jinde nevyskytuje, kyperskou p\u0159\u00edrodu ukazuje ve t\u0159ech r\u016fzn\u00fdch ro\u010dn\u00edch obdob\u00edch a&nbsp;p\u0159ibli\u017euje v\u00fdrazn\u00e9 prom\u011bny, kter\u00fdmi tamn\u00ed vegetace proch\u00e1z\u00ed.<\/p>\r\n<p>[\/perex]<\/p>\r\n<p>Pozornost je v\u011bnov\u00e1na tak\u00e9 fenom\u00e9nu kulturn\u00ed krajiny ve St\u0159edozem\u00ed, kter\u00e1 u\u017e po n\u011bkolik tis\u00edcilet\u00ed ovliv\u0148uje \u010dinnost \u010dlov\u011bka a&nbsp;kter\u00e1 ostrov p\u0159etvo\u0159ila do podoby, jakou zn\u00e1me dnes.<\/p>\r\n<p>V\u00fdstavu najdete v&nbsp;expozici St\u0159edozem\u00ed a&nbsp;v&nbsp;Ornament\u00e1ln\u00ed zahrad\u011b,\u00a0nejlep\u0161\u00ed trasa vede od\u00a0zast\u00e1vky autobusu 112 Zoologick\u00e1 zahrada, vstup z\u00a0ul. N\u00e1dvorn\u00ed.\u00a0<br \/>\r\nDal\u0161\u00ed <a href=\"https:\/\/www.botanicka.cz\/clanky\/akce\/kypr-fotograficka-vystava-prednaska-a-krest-knihy\" target=\"_blank\" rel=\"noopener\">info o&nbsp;v\u00fdstav\u011b a&nbsp;vstupenky<\/a> online.<\/p>\r\n<p>&nbsp;<\/p>","protected":false},"excerpt":{"rendered":"[perex] V&nbsp;trojsk\u00e9 Botanick\u00e9 zahrad\u011b m\u016f\u017eete do 21.&nbsp;srpna 2022 nav\u0161t\u00edvit v\u00fdstavu fotografi\u00ed s&nbsp;n\u00e1zvem\u00a0Botanick\u00e1 putov\u00e1n\u00ed Kyprem. V\u00fdstava navazuje na knihu kur\u00e1tora Petra Hanzelky, v&nbsp;n\u00ed\u017e popisuje sv\u00e9 z\u00e1\u017eitky z&nbsp;opakovan\u00fdch botanick\u00fdch expedic. Kypr p\u0159edstavuje p\u0159edev\u0161\u00edm jako m\u00edsto s&nbsp;podivuhodn\u00fdm rostlinn\u00fdm bohatstv\u00edm, kter\u00e9 se jinde nevyskytuje, kyperskou p\u0159\u00edrodu ukazuje ve t\u0159ech r\u016fzn\u00fdch ro\u010dn\u00edch obdob\u00edch a&nbsp;p\u0159ibli\u017euje v\u00fdrazn\u00e9 prom\u011bny, kter\u00fdmi tamn\u00ed vegetace [&hellip;]","protected":false},"author":251,"featured_media":59263,"comment_status":"closed","ping_status":"open","sticky":false,"template":"","format":"standard","meta":[],"categories":[34],"tags":[],"_links":{"self":[{"href":"https:\/\/www.praha7.cz\/api\/wp\/v2\/posts\/59261"}],"collection":[{"href":"https:\/\/www.praha7.cz\/api\/wp\/v2\/posts"}],"about":[{"href":"https:\/\/www.praha7.cz\/api\/wp\/v2\/types\/post"}],"author":[{"embeddable":true,"href":"https:\/\/www.praha7.cz\/api\/wp\/v2\/users\/251"}],"replies":[{"embeddable":true,"href":"https:\/\/www.praha7.cz\/api\/wp\/v2\/comments?post=59261"}],"version-history":[{"count":2,"href":"https:\/\/www.praha7.cz\/api\/wp\/v2\/posts\/59261\/revisions"}],"predecessor-version":[{"id":59265,"href":"https:\/\/www.praha7.cz\/api\/wp\/v2\/posts\/59261\/revisions\/59265"}],"wp:featuredmedia":[{"embeddable":true,"href":"https:\/\/www.praha7.cz\/api\/wp\/v2\/media\/59263"}],"wp:attachment":[{"href":"https:\/\/www.praha7.cz\/api\/wp\/v2\/media?parent=59261"}],"wp:term":[{"taxonomy":"category","embeddable":true,"href":"https:\/\/www.praha7.cz\/api\/wp\/v2\/categories?post=59261"},{"taxonomy":"post_tag","embeddable":true,"href":"https:\/\/www.praha7.cz\/api\/wp\/v2\/tags?post=59261"}],"curies":[{"name":"wp","href":"https:\/\/api.w.org\/{rel}","templated":true}]}}