    
{"id":59195,"date":"2022-07-22T15:45:00","date_gmt":"2022-07-22T13:45:00","guid":{"rendered":"https:\/\/www.praha7.cz\/?p=59195"},"modified":"2022-07-22T15:46:36","modified_gmt":"2022-07-22T13:46:36","slug":"verejnost-muze-pomoct-s-obnovou-vitraze-v-prumyslovem-palaci","status":"publish","type":"post","link":"https:\/\/www.praha7.cz\/verejnost-muze-pomoct-s-obnovou-vitraze-v-prumyslovem-palaci\/","title":{"rendered":"Ve\u0159ejnost m\u016f\u017ee pomoct s&nbsp;obnovou vitr\u00e1\u017ee v&nbsp;Pr\u016fmyslov\u00e9m pal\u00e1ci"},"content":{"rendered":"<p>[perex]<\/p>\r\n<h3>Praha hled\u00e1 p\u0159esnou podobu p\u016fvodn\u00ed vitr\u00e1\u017ee od mal\u00ed\u0159e Mikol\u00e1\u0161e Al\u0161e. Pomoci s\u00a0obnovou historick\u00e9ho prvku na Pr\u016fmyslov\u00e9m pal\u00e1ci tak m\u016f\u017ee i&nbsp;ve\u0159ejnost.<\/h3>\r\n<p>Rekonstrukce Pr\u016fmyslov\u00e9ho pal\u00e1ce v\u00a0are\u00e1lu V\u00fdstavi\u0161t\u011b Praha je v&nbsp;pln\u00e9m proudu a&nbsp;nyn\u00ed se dost\u00e1v\u00e1 i&nbsp;na obnovu historicky cenn\u00fdch prvk\u016f. Ji\u017e n\u011bkolik m\u011bs\u00edc\u016f se deinstaluj\u00ed a&nbsp;renovuj\u00ed p\u016fvodn\u00ed vitr\u00e1\u017ee. Nyn\u00ed v\u0161ak hlavn\u00ed m\u011bsto tak\u00e9 hled\u00e1 fotografii malovan\u00e9 vitr\u00e1\u017ee ze \u0161t\u00edtu vyho\u0159el\u00e9ho lev\u00e9ho k\u0159\u00eddla od \u010desk\u00e9ho mal\u00ed\u0159e Mikol\u00e1\u0161e Al\u0161e. Fotografie pom\u016f\u017ee um\u011bleck\u00e9mu skl\u00e1\u0159i Zde\u0148ku Kudl\u00e1\u010dkovi ur\u010dit p\u0159esnou barevnost repliky unik\u00e1tn\u00ed vitr\u00e1\u017eov\u00e9 malby p\u0159i jej\u00edm vzniku.\u00a0<\/p>\r\n<p style=\"text-align: left;\"><strong>Fotografie je mo\u017en\u00e9 zas\u00edlat do konce roku na e-mail:\u00a0<br \/>\r\n<a href=\"mailto:HledaSeAles@navystavisti.cz\">HledaSeAles@navystavisti.cz<\/a><\/strong><\/p>\r\n<p>[\/perex]<\/p>\r\n<p><em>\u201eV Pr\u016fmyslov\u00e9m pal\u00e1ci jsme v&nbsp;oblasti z\u00e1chrany historick\u00e9 hodnoty a&nbsp;cenn\u00fdch prvku ji\u017e odvedli kus pr\u00e1ce. Te\u010f m\u00e1me p\u0159ed sebou opravdu velkou v\u00fdzvu \u2013 vytvo\u0159it repliku vitr\u00e1\u017eov\u00e9 malby od Mikol\u00e1\u0161e Al\u0161e o\u00a0plo\u0161e 19 metr\u016f \u010dtvere\u010dn\u00edch. V\u011b\u0159\u00edm, \u017ee n\u00e1m s&nbsp;t\u00edmto \u00fakolem mohou pomoci Pra\u017ean\u00e9 nebo kdokoli, kdo m\u00e1 k&nbsp;dispozici kvalitn\u00ed fotodokumentaci vitr\u00e1\u017ee ze \u0161t\u00edtu lev\u00e9ho k\u0159\u00eddla pal\u00e1ce,\u201c<\/em> \u0159\u00edk\u00e1 Pavel Vyhn\u00e1nek, n\u00e1m\u011bstek prim\u00e1tora hl. m. Prahy pro oblast financ\u00ed a\u00a0rozpo\u010dtu, kter\u00fd m\u00e1 are\u00e1l V\u00fdstavi\u0161t\u011b Praha na starosti.<\/p>\r\n<p>Praha v&nbsp;sou\u010dasnosti hled\u00e1 kvalitn\u00ed fotografii malovan\u00e9 vitr\u00e1\u017ee ze \u0161t\u00edtu vyho\u0159el\u00e9ho lev\u00e9ho k\u0159\u00eddla, kter\u00fd zdobila malba Orba a&nbsp;lov od Mikol\u00e1\u0161e Al\u0161e z&nbsp;roku 1890. Do z\u00e1chrany historick\u00e9ho odkazu se mohou zapojit i&nbsp;Pra\u017ean\u00e9 a&nbsp;n\u00e1v\u0161t\u011bvn\u00edci, kte\u0159\u00ed by mohli poskytnout fotografie, na nich\u017e by byla malovan\u00e1 vitr\u00e1\u017e zachycen\u00e1.<\/p>\r\n<p><em>\u201ePevn\u011b usilujeme o&nbsp;to, aby rekonstrukce Pr\u016fmyslov\u00e9ho pal\u00e1ce prob\u00edhala tak, aby byla maxim\u00e1ln\u011b zachov\u00e1na jeho p\u016fvodn\u00ed podoba. Dal\u0161\u00edm d\u016fle\u017eit\u00fdm miln\u00edkem rekonstrukce je tak zhotoven\u00ed co nejp\u0159esn\u011bj\u0161\u00ed kopie vitr\u00e1\u017en\u00ed malby od Mikol\u00e1\u0161e Al\u0161e. Nejen Pra\u017eany proto pros\u00edme, aby n\u00e1m sv\u00e9 fotografie pos\u00edlali do konce leto\u0161n\u00edho roku na e-mail <a href=\"mailto:HledaSeAles@navystavisti.cz\">HledaSeAles@navystavisti.cz<\/a>. Jako odm\u011bnu za poslan\u00e9 fotografie nab\u00edz\u00edme komentovanou prohl\u00eddku stavbou s&nbsp;architektem Vladim\u00edrem Thielem,\u201d<\/em> dopl\u0148uje Tom\u00e1\u0161 H\u00fcbl, p\u0159edseda p\u0159edstavenstva V\u00fdstavi\u0161t\u011b Praha.<\/p>\r\n<p>Malovan\u00e1 vitr\u00e1\u017e o&nbsp;rozm\u011bru 5,8 na 3,3 metru s&nbsp;n\u00e1zvem Orba a&nbsp;lov zobrazovala \u017eenu s&nbsp;obiln\u00fdm snopem p\u0159edstavuj\u00edc\u00ed orbu a&nbsp;mu\u017ee s&nbsp;o\u0161t\u011bpem jako alegorii lovu. Druh\u00e1 vitr\u00e1\u017e s&nbsp;n\u00e1zvem Alegorie Pr\u016fmysl a&nbsp;v\u011bda, kter\u00e1 se nach\u00e1z\u00ed na \u0161t\u00edtu prav\u00e9ho k\u0159\u00eddla, a&nbsp;proto z\u016fstala p\u0159ed po\u017e\u00e1rem uchr\u00e1n\u011bna, se pr\u00e1v\u011b nyn\u00ed ve skl\u00e1\u0159sk\u00fdch d\u00edln\u00e1ch Kolektiv Ateliers renovuje.<\/p>\r\n<p><em>\u201eSpole\u010dn\u011b s&nbsp;t\u00fdmem odborn\u00edk\u016f a&nbsp;pam\u00e1tk\u00e1\u0159\u016f usilujeme o&nbsp;co nejp\u0159esn\u011bj\u0161\u00ed podobu malovan\u00e9 vitr\u00e1\u017ee, kterou kompletn\u011b zni\u010dil po\u017e\u00e1r. Obrac\u00edme se proto na v\u0161echny, kdo by m\u011bli k&nbsp;dispozici fotografie pr\u00e1v\u011b \u010d\u00e1sti Pr\u016fmyslov\u00e9ho pal\u00e1ce z&nbsp;dob p\u0159ed po\u017e\u00e1rem, a&nbsp;pros\u00edme ve\u0159ejnost o&nbsp;poskytnut\u00ed fotografi\u00ed, kde je zachycena malovan\u00e1 vitr\u00e1\u017e na lev\u00e9m k\u0159\u00eddle od Mikol\u00e1\u0161e Al\u0161e. Spole\u010dn\u011b tak m\u016f\u017eeme zachr\u00e1nit kus historie,\u201c<\/em> apeluje n\u00e1m\u011bstek Pavel Vyhn\u00e1nek.<\/p>\r\n<p>Nyn\u00ed je k&nbsp;dispozici zachovan\u00e1 kresba, na jej\u00ed\u017e motiv vznikne nov\u00e1 malba, kterou m\u00e1 na starosti um\u011bleck\u00fd skl\u00e1\u0159 a&nbsp;vedouc\u00ed studia Kolektiv Ateliers Zden\u011bk Kudl\u00e1\u010dek. Poskytnut\u00e1 kvalitn\u00ed fotografie pom\u016f\u017ee tomuto odborn\u00edkovi a&nbsp;jeho t\u00fdmu ur\u010dit p\u0159esn\u00e9 odst\u00edny barev pro zhotoven\u00ed nov\u00e9 malby. P\u016fvodn\u011b se toti\u017e jednalo o&nbsp;zcela detailn\u00ed a&nbsp;vz\u00e1cnou malbu do nejmen\u0161\u00edch podrobnost\u00ed.<\/p>\r\n<p>Ojedin\u011bl\u00fd je i&nbsp;postup, kter\u00fdm fin\u00e1ln\u00ed v\u00fdtvor vznikne. Nejde toti\u017e o&nbsp;malov\u00e1n\u00ed barvami tak, jak si asi v\u011bt\u0161ina z&nbsp;n\u00e1s dovede p\u0159edstavit.\u00a0 <em>\u201eVe skute\u010dnosti nejde o&nbsp;barvu, ale jemn\u011b namlet\u00e9 n\u00edzkotaviteln\u00e9 sklo, ze kter\u00e9ho vytv\u00e1\u0159\u00edme jemn\u00fd pudr. Tento sklen\u011bn\u00fd pudr pak sm\u00edch\u00e1me na sklen\u011bn\u00e9 p\u00edskovan\u00e9 desti\u010dce pomoc\u00ed t\u0159\u00ed\u010de s&nbsp;pojidly. Rozd\u00edln\u011b pracujeme i&nbsp;podle toho, jestli chceme z\u00edskat mastnou, nebo vodovou konzistenci. Mastn\u00e1 varianta vznik\u00e1 sm\u00edch\u00e1n\u00edm pudru s\u00a0terpent\u00fdnem a&nbsp;damarou nebo s\u00edtotiskov\u00fdm olejem, n\u011bkdy p\u0159id\u00e1v\u00e1me i&nbsp;petrolej. Naopak vodov\u00e1 varianta se m\u00edch\u00e1 s&nbsp;destilovanou vodou a&nbsp;medem nebo cukrem, p\u0159\u00edpadn\u011b s&nbsp;arabskou gumou, ob\u010das i&nbsp;s&nbsp;trochou octa,\u201c<\/em> vysv\u011btluje um\u011bleck\u00fd skl\u00e1\u0159 Zden\u011bk Kudl\u00e1\u010dek netradi\u010dn\u00ed metodu.<\/p>\r\n<p><em>\u201eM\u00edch\u00e1n\u00ed a&nbsp;zkou\u0161ka vypalovac\u00ed a&nbsp;konturovac\u00ed barvy je d\u016fle\u017eit\u00fd krok. Jde o&nbsp;to vychytat spr\u00e1vn\u00fd odst\u00edn na jednotliv\u00e1 nov\u00e1 skla. D\u016fraz klademe tak\u00e9 na stejn\u00fd dekor \u010di zp\u016fsob p\u016fvodn\u00ed v\u00fdroby. Ve\u0161ker\u00e1 skla jsou malov\u00e1na na prosv\u011btlovac\u00edm stole, co\u017e je omalovan\u00e1 tabule skla, kter\u00e1 je podsv\u00edcena sv\u011btlem. Imituje tak fin\u00e1ln\u00ed sv\u011bteln\u00e9 podm\u00ednky v&nbsp;okn\u011b, co\u017e je d\u016fle\u017eit\u00e9 k&nbsp;odhadnut\u00ed odst\u00ednu a&nbsp;intenzity n\u00e1nosu skl\u00e1\u0159sk\u00e9 barvy. C\u00edlem je, aby nov\u00e1 skla nebyla rozpoznateln\u00e1 od p\u016fvodn\u00edch. U&nbsp;n\u00e1s nam\u00edchanou barvu na vitr\u00e1\u017ee nan\u00e1\u0161\u00edme r\u016fzn\u00fdmi druhy \u0161t\u011btc\u016f z&nbsp;vever\u010d\u00edch, kun\u00edch a&nbsp;jezev\u010d\u00edch chlup\u016f, ale i&nbsp;syntetick\u00fdch vl\u00e1ken. Po nanesen\u00ed na sklo nech\u00e1me barvu uschnout a&nbsp;pot\u00e9 j\u00ed d\u00e1me vyp\u00e1lit do pece na zhruba 550 stup\u0148\u016f celsia. Po v\u00fdpalu je t\u0159eba sklo velmi \u0161etrn\u011b ochladit tak, aby v&nbsp;n\u011bm nebylo nap\u011bt\u00ed a&nbsp;n\u00e1sledn\u011b nepraskalo. Tvorba kopie zabere zhruba t\u0159i m\u011bs\u00edce. K&nbsp;tomu je\u0161t\u011b jeden a&nbsp;p\u016fl m\u011bs\u00edce tvorba \u0161ablony, \u0159ez\u00e1n\u00ed, skl\u00e1d\u00e1n\u00ed, letov\u00e1n\u00ed, kytov\u00e1n\u00ed, \u010di\u0161t\u011bn\u00ed a&nbsp;mont\u00e1\u017ee,\u201c<\/em> dod\u00e1v\u00e1 Zden\u011bk Kudl\u00e1\u010dek.<\/p>\r\n<p>D\u00edky n\u00e1ro\u010dn\u00e9 rekonstrukci, kter\u00e1 bude trvat n\u00e1sleduj\u00edc\u00ed t\u0159i roky, bude Pr\u016fmyslov\u00fd pal\u00e1c op\u011bt plnit sv\u016fj \u00fa\u010del v&nbsp;are\u00e1lu V\u00fdstavi\u0161t\u011b Praha, kter\u00fd je ur\u010den pro mezin\u00e1rodn\u00ed veletrhy a&nbsp;v\u00fdstavy. Budova se tak po komplexn\u00ed obnov\u011b a&nbsp;modernizaci stane op\u011bt dominantou pro \u0161irok\u00e9 okol\u00ed.<\/p>\r\n<p>&nbsp;<\/p>\r\n<p><a href=\"https:\/\/www.praha7.cz\/wp-content\/uploads\/2022\/07\/Vitr\u00e1\u017e-od-Mikol\u00e1\u0161e-Al\u0161e.jpg\"><img loading=\"lazy\" src=\"https:\/\/www.praha7.cz\/wp-content\/uploads\/2022\/07\/Vitr\u00e1\u017e-od-Mikol\u00e1\u0161e-Al\u0161e.jpg\" alt=\"\" width=\"276\" height=\"205\" class=\"alignnone size-full wp-image-59196\" \/><\/a><\/p>\r\n<p><em>Jedna z&nbsp;m\u00e1la fotografi\u00ed p\u016fvodn\u00ed vitr\u00e1\u017ee. Autor: Ji\u0159\u00ed Wagner<\/em><\/p>\r\n<p>&nbsp;<\/p>\r\n<p><strong>Ztracen\u00e1 vitr\u00e1\u017e v\u00a0\u010d\u00edslech<\/strong><\/p>\r\n<p>&#8211;\u00a0\u00a0\u00a0\u00a0\u00a0\u00a0\u00a0\u00a0\u00a0 Malba je velk\u00e1 19 metr\u016f \u010dtvere\u010dn\u00edch (5,8 na 3,3 metru)<\/p>\r\n<p>&#8211;\u00a0\u00a0\u00a0\u00a0\u00a0\u00a0\u00a0\u00a0\u00a0 3 m\u011bs\u00edce zabere samotn\u00e1 malba, dal\u0161\u00ed 1,5 m\u011bs\u00edce pak dal\u0161\u00ed pr\u00e1ce (tvorba \u0161ablon, \u0159ez\u00e1n\u00ed atd.)<\/p>\r\n<p>&#8211;\u00a0\u00a0\u00a0\u00a0\u00a0\u00a0\u00a0\u00a0\u00a0 980 kus\u016f skel je zapot\u0159eb\u00ed na tuto malovanou vitr\u00e1\u017e<\/p>\r\n<p>&nbsp;<\/p>","protected":false},"excerpt":{"rendered":"[perex] Praha hled\u00e1 p\u0159esnou podobu p\u016fvodn\u00ed vitr\u00e1\u017ee od mal\u00ed\u0159e Mikol\u00e1\u0161e Al\u0161e. Pomoci s\u00a0obnovou historick\u00e9ho prvku na Pr\u016fmyslov\u00e9m pal\u00e1ci tak m\u016f\u017ee i&nbsp;ve\u0159ejnost. Rekonstrukce Pr\u016fmyslov\u00e9ho pal\u00e1ce v\u00a0are\u00e1lu V\u00fdstavi\u0161t\u011b Praha je v&nbsp;pln\u00e9m proudu a&nbsp;nyn\u00ed se dost\u00e1v\u00e1 i&nbsp;na obnovu historicky cenn\u00fdch prvk\u016f. Ji\u017e n\u011bkolik m\u011bs\u00edc\u016f se deinstaluj\u00ed a&nbsp;renovuj\u00ed p\u016fvodn\u00ed vitr\u00e1\u017ee. Nyn\u00ed v\u0161ak hlavn\u00ed m\u011bsto tak\u00e9 hled\u00e1 fotografii malovan\u00e9 vitr\u00e1\u017ee [&hellip;]","protected":false},"author":5,"featured_media":59197,"comment_status":"closed","ping_status":"open","sticky":false,"template":"","format":"standard","meta":[],"categories":[34],"tags":[],"_links":{"self":[{"href":"https:\/\/www.praha7.cz\/api\/wp\/v2\/posts\/59195"}],"collection":[{"href":"https:\/\/www.praha7.cz\/api\/wp\/v2\/posts"}],"about":[{"href":"https:\/\/www.praha7.cz\/api\/wp\/v2\/types\/post"}],"author":[{"embeddable":true,"href":"https:\/\/www.praha7.cz\/api\/wp\/v2\/users\/5"}],"replies":[{"embeddable":true,"href":"https:\/\/www.praha7.cz\/api\/wp\/v2\/comments?post=59195"}],"version-history":[{"count":4,"href":"https:\/\/www.praha7.cz\/api\/wp\/v2\/posts\/59195\/revisions"}],"predecessor-version":[{"id":59201,"href":"https:\/\/www.praha7.cz\/api\/wp\/v2\/posts\/59195\/revisions\/59201"}],"wp:featuredmedia":[{"embeddable":true,"href":"https:\/\/www.praha7.cz\/api\/wp\/v2\/media\/59197"}],"wp:attachment":[{"href":"https:\/\/www.praha7.cz\/api\/wp\/v2\/media?parent=59195"}],"wp:term":[{"taxonomy":"category","embeddable":true,"href":"https:\/\/www.praha7.cz\/api\/wp\/v2\/categories?post=59195"},{"taxonomy":"post_tag","embeddable":true,"href":"https:\/\/www.praha7.cz\/api\/wp\/v2\/tags?post=59195"}],"curies":[{"name":"wp","href":"https:\/\/api.w.org\/{rel}","templated":true}]}}