    
{"id":58813,"date":"2022-06-30T11:23:13","date_gmt":"2022-06-30T09:23:13","guid":{"rendered":"https:\/\/www.praha7.cz\/?p=58813"},"modified":"2022-06-30T11:23:13","modified_gmt":"2022-06-30T09:23:13","slug":"praha-7-ziska-dum-v-ulici-jana-zajice-do-vyhradniho-vlastnictvi","status":"publish","type":"post","link":"https:\/\/www.praha7.cz\/praha-7-ziska-dum-v-ulici-jana-zajice-do-vyhradniho-vlastnictvi\/","title":{"rendered":"Praha&nbsp;7 z\u00edsk\u00e1 d\u016fm v&nbsp;ulici Jana Zaj\u00edce do v\u00fdhradn\u00edho vlastnictv\u00ed"},"content":{"rendered":"<p>[perex]<\/p>\r\n<p>Praha\u00a07 od minul\u00e9ho volebn\u00edho obdob\u00ed aktivn\u011b \u0159e\u0161\u00ed domy v\u00a0pod\u00edlov\u00e9m spoluvlastnictv\u00ed. Na zased\u00e1n\u00ed Zastupitelstva M\u010c Praha&nbsp;7 v\u00a0pond\u011bl\u00ed 27.&nbsp;6.&nbsp;2022 byl ukon\u010den t\u00e9m\u011b\u0159 osm let trvaj\u00edc\u00ed spor t\u00fdkaj\u00edc\u00ed se p\u0159edposledn\u00edho z\u00a0t\u011bchto dom\u016f. Praha&nbsp;7 se dohodla se spoluvlastn\u00edkem na odkoupen\u00ed 1\/3 domu na adrese Jana Zaj\u00edce 19 za cenu stanovenou soudn\u00edm znalcem a&nbsp;z\u00edskala tak \u0161est byt\u016f a&nbsp;dva nebytov\u00e9 prostory do v\u00fdhradn\u00edho vlastnictv\u00ed.<\/p>\r\n<p>[\/perex]<\/p>\r\n<p>Stanoven\u00e1 \u010d\u00e1stka za odkup 1\/3 domu \u010din\u00ed dle znaleck\u00e9ho posudku 14,2 mil. K\u010d.<\/p>\r\n<p><em>\u201eJsme r\u00e1di, \u017ee se n\u00e1m mimosoudn\u00edm vypo\u0159\u00e1d\u00e1n\u00edm poda\u0159ilo ukon\u010dit spor, kter\u00fd se t\u00e1hne od roku 2014. Jedn\u00e1 se ji\u017e o&nbsp;sedm\u00fd pod\u00edlov\u00fd d\u016fm, jeho\u017e vlastnictv\u00ed jsme od minul\u00e9ho volebn\u00edho obdob\u00ed vypo\u0159\u00e1dali. Zbavujeme t\u00edm m\u011bstskou \u010d\u00e1st vlekl\u00fdch komplikac\u00ed, kter\u00e9 z\u00a0pod\u00edlov\u00e9ho vlastnictv\u00ed vypl\u00fdvaj\u00ed. Domy m\u016f\u017eeme adekv\u00e1tn\u011b udr\u017eovat v\u010detn\u011b realizace v\u011bt\u0161\u00edch rekonstrukc\u00ed a&nbsp;s&nbsp;byty pracujeme v&nbsp;r\u00e1mci na\u0161eho syst\u00e9mu podporovan\u00e9ho bydlen\u00ed, zat\u00edmco spoluvlastn\u00edci obvykle trvaj\u00ed pouze na komer\u010dn\u00edch pron\u00e1jmech,\u201c<\/em> uvedl <em><strong>m\u00edstostarosta Prahy&nbsp;7 Kamil Vav\u0159inec Mare\u0161<\/strong><\/em>.<\/p>","protected":false},"excerpt":{"rendered":"[perex] Praha\u00a07 od minul\u00e9ho volebn\u00edho obdob\u00ed aktivn\u011b \u0159e\u0161\u00ed domy v\u00a0pod\u00edlov\u00e9m spoluvlastnictv\u00ed. Na zased\u00e1n\u00ed Zastupitelstva M\u010c Praha&nbsp;7 v\u00a0pond\u011bl\u00ed 27.&nbsp;6.&nbsp;2022 byl ukon\u010den t\u00e9m\u011b\u0159 osm let trvaj\u00edc\u00ed spor t\u00fdkaj\u00edc\u00ed se p\u0159edposledn\u00edho z\u00a0t\u011bchto dom\u016f. Praha&nbsp;7 se dohodla se spoluvlastn\u00edkem na odkoupen\u00ed 1\/3 domu na adrese Jana Zaj\u00edce 19 za cenu stanovenou soudn\u00edm znalcem a&nbsp;z\u00edskala tak \u0161est byt\u016f a&nbsp;dva nebytov\u00e9 [&hellip;]","protected":false},"author":5,"featured_media":58814,"comment_status":"closed","ping_status":"open","sticky":false,"template":"","format":"standard","meta":[],"categories":[34,74],"tags":[],"_links":{"self":[{"href":"https:\/\/www.praha7.cz\/api\/wp\/v2\/posts\/58813"}],"collection":[{"href":"https:\/\/www.praha7.cz\/api\/wp\/v2\/posts"}],"about":[{"href":"https:\/\/www.praha7.cz\/api\/wp\/v2\/types\/post"}],"author":[{"embeddable":true,"href":"https:\/\/www.praha7.cz\/api\/wp\/v2\/users\/5"}],"replies":[{"embeddable":true,"href":"https:\/\/www.praha7.cz\/api\/wp\/v2\/comments?post=58813"}],"version-history":[{"count":1,"href":"https:\/\/www.praha7.cz\/api\/wp\/v2\/posts\/58813\/revisions"}],"predecessor-version":[{"id":58815,"href":"https:\/\/www.praha7.cz\/api\/wp\/v2\/posts\/58813\/revisions\/58815"}],"wp:featuredmedia":[{"embeddable":true,"href":"https:\/\/www.praha7.cz\/api\/wp\/v2\/media\/58814"}],"wp:attachment":[{"href":"https:\/\/www.praha7.cz\/api\/wp\/v2\/media?parent=58813"}],"wp:term":[{"taxonomy":"category","embeddable":true,"href":"https:\/\/www.praha7.cz\/api\/wp\/v2\/categories?post=58813"},{"taxonomy":"post_tag","embeddable":true,"href":"https:\/\/www.praha7.cz\/api\/wp\/v2\/tags?post=58813"}],"curies":[{"name":"wp","href":"https:\/\/api.w.org\/{rel}","templated":true}]}}