    
{"id":58793,"date":"2022-06-30T10:58:33","date_gmt":"2022-06-30T08:58:33","guid":{"rendered":"https:\/\/www.praha7.cz\/?p=58793"},"modified":"2022-06-30T10:58:33","modified_gmt":"2022-06-30T08:58:33","slug":"oprava-komunikace-ve-stromovce-7-cervence","status":"publish","type":"post","link":"https:\/\/www.praha7.cz\/oprava-komunikace-ve-stromovce-7-cervence\/","title":{"rendered":"Oprava komunikace ve Stromovce 7.&nbsp;\u010dervence"},"content":{"rendered":"<p>[perex]<\/p>\r\n<p>Informujeme n\u00e1v\u0161t\u011bvn\u00edky Kr\u00e1lovsk\u00e9 obory, \u017ee ve \u010dtvrtek 7.&nbsp;\u010dervence 2022 bude na jeden den uzav\u0159en pr\u016fchod pod \u017eeleznic\u00ed z\u00a0ulice Za Elektr\u00e1rnou do Stromovky. V&nbsp;m\u00edst\u011b bude prob\u00edhat pokl\u00e1dka nov\u00e9ho \u017eivi\u010dn\u00e9ho povrchu. Pro pr\u016fchod\u00a0pou\u017eijte pros\u00edm <a href=\"https:\/\/www.praha7.cz\/wp-content\/uploads\/2022\/06\/stromovka_cesta-1.png\">navr\u017eenou obchoz\u00ed trasu<\/a>, za p\u0159\u00edpadn\u00e9 komplikace se omlouv\u00e1me. \u00daprava prob\u011bhne v&nbsp;gesci Odd\u011blen\u00ed p\u00e9\u010de o&nbsp;zele\u0148 Magistr\u00e1tu hlavn\u00edho m\u011bsta Prahy, pod kterou spr\u00e1va parku Stromovka spad\u00e1.\u00a0\u00a0<\/p>\r\n<p>[\/perex]<\/p>\r\n<p><a href=\"https:\/\/www.praha7.cz\/wp-content\/uploads\/2022\/06\/stromovka_cesta-1.png\"><img loading=\"lazy\" src=\"https:\/\/www.praha7.cz\/wp-content\/uploads\/2022\/06\/stromovka_cesta-1-200x200.png\" alt=\"\" width=\"200\" height=\"200\" class=\"alignnone wp-image-58810 size-thumbnail\" \/><\/a><\/p>","protected":false},"excerpt":{"rendered":"[perex] Informujeme n\u00e1v\u0161t\u011bvn\u00edky Kr\u00e1lovsk\u00e9 obory, \u017ee ve \u010dtvrtek 7.&nbsp;\u010dervence 2022 bude na jeden den uzav\u0159en pr\u016fchod pod \u017eeleznic\u00ed z\u00a0ulice Za Elektr\u00e1rnou do Stromovky. V&nbsp;m\u00edst\u011b bude prob\u00edhat pokl\u00e1dka nov\u00e9ho \u017eivi\u010dn\u00e9ho povrchu. Pro pr\u016fchod\u00a0pou\u017eijte pros\u00edm navr\u017eenou obchoz\u00ed trasu, za p\u0159\u00edpadn\u00e9 komplikace se omlouv\u00e1me. \u00daprava prob\u011bhne v&nbsp;gesci Odd\u011blen\u00ed p\u00e9\u010de o&nbsp;zele\u0148 Magistr\u00e1tu hlavn\u00edho m\u011bsta Prahy, pod kterou spr\u00e1va parku [&hellip;]","protected":false},"author":251,"featured_media":17327,"comment_status":"closed","ping_status":"open","sticky":false,"template":"","format":"standard","meta":[],"categories":[34],"tags":[],"_links":{"self":[{"href":"https:\/\/www.praha7.cz\/api\/wp\/v2\/posts\/58793"}],"collection":[{"href":"https:\/\/www.praha7.cz\/api\/wp\/v2\/posts"}],"about":[{"href":"https:\/\/www.praha7.cz\/api\/wp\/v2\/types\/post"}],"author":[{"embeddable":true,"href":"https:\/\/www.praha7.cz\/api\/wp\/v2\/users\/251"}],"replies":[{"embeddable":true,"href":"https:\/\/www.praha7.cz\/api\/wp\/v2\/comments?post=58793"}],"version-history":[{"count":3,"href":"https:\/\/www.praha7.cz\/api\/wp\/v2\/posts\/58793\/revisions"}],"predecessor-version":[{"id":58812,"href":"https:\/\/www.praha7.cz\/api\/wp\/v2\/posts\/58793\/revisions\/58812"}],"wp:featuredmedia":[{"embeddable":true,"href":"https:\/\/www.praha7.cz\/api\/wp\/v2\/media\/17327"}],"wp:attachment":[{"href":"https:\/\/www.praha7.cz\/api\/wp\/v2\/media?parent=58793"}],"wp:term":[{"taxonomy":"category","embeddable":true,"href":"https:\/\/www.praha7.cz\/api\/wp\/v2\/categories?post=58793"},{"taxonomy":"post_tag","embeddable":true,"href":"https:\/\/www.praha7.cz\/api\/wp\/v2\/tags?post=58793"}],"curies":[{"name":"wp","href":"https:\/\/api.w.org\/{rel}","templated":true}]}}