    
{"id":58737,"date":"2022-06-28T13:50:09","date_gmt":"2022-06-28T11:50:09","guid":{"rendered":"https:\/\/www.praha7.cz\/?p=58737"},"modified":"2022-06-28T14:19:16","modified_gmt":"2022-06-28T12:19:16","slug":"praha-7-se-pousti-do-promeny-dalsiho-podchodu","status":"publish","type":"post","link":"https:\/\/www.praha7.cz\/praha-7-se-pousti-do-promeny-dalsiho-podchodu\/","title":{"rendered":"Praha&nbsp;7 se pou\u0161t\u00ed do prom\u011bny dal\u0161\u00edho podchodu"},"content":{"rendered":"<p>[perex]<\/p>\r\n<p>Dal\u0161\u00ed zanedban\u00e1 a&nbsp;temn\u00e1 z\u00e1kout\u00ed pod Hl\u00e1vkov\u00fdm mostem dostanou nov\u00fd \u017eivot. M\u010c Praha&nbsp;7 ve spolupr\u00e1ci s&nbsp;hl. m. Prahou a&nbsp;dal\u0161\u00edmi partnery v&nbsp;minul\u00e9m roce zrealizovala \u00fasp\u011b\u0161nou prom\u011bnu nevyu\u017e\u00edvan\u00fdch zpustl\u00fdch podchod\u016f u&nbsp;stanice MHD Vltavsk\u00e1 v&nbsp;unik\u00e1tn\u00ed prostor pro sportovn\u00ed a&nbsp;volno\u010dasov\u00e9 aktivity. Nyn\u00ed se velk\u00e9 zm\u011bny chystaj\u00ed v&nbsp;dal\u0161\u00ed \u010d\u00e1sti labyrintu nevzhledn\u00fdch podchod\u016f p\u0159\u00edmo u&nbsp;Vltavy.<\/p>\r\n<p>[\/perex]<\/p>\r\n<p><em>\u201eKdy\u017e jsme se rozhodli zkusit prom\u011bnit nevyu\u017e\u00edvan\u00e9 ch\u00e1traj\u00edc\u00ed podchody na Vltavsk\u00e9 v&nbsp;otev\u0159en\u00fd sportovn\u00ed a&nbsp;komunitn\u00ed prostor, byl to vlastn\u011b experiment a&nbsp;velk\u00fd krok do nezn\u00e1ma, kter\u00fd mohl dopadnout jakkoli. V\u00fdsledek p\u0159ed\u010dil na\u0161e o\u010dek\u00e1v\u00e1n\u00ed. Podchody \u017eij\u00ed a&nbsp;aktu\u00e1ln\u011b se chystaj\u00ed na svou prvn\u00ed letn\u00ed sez\u00f3nu, kdy to v&nbsp;nich o\u017eije je\u0161t\u011b o&nbsp;n\u011bco v\u00edc. Otev\u00edr\u00e1 se zde poj\u00edzdn\u00e9 ob\u010derstven\u00ed, kde bude z\u00e1rove\u0148 p\u016fj\u010dovna sportovn\u00edho vybaven\u00ed, a&nbsp;p\u0159es l\u00e9to se chyst\u00e1 zaj\u00edmav\u00fd program. N\u00e1v\u0161t\u011bvn\u00edci se mohou t\u011b\u0161it na mal\u00e9 hudebn\u00ed produkce, sportovn\u00ed workshopy pro d\u011bti\u00a0<\/em><em>a ml\u00e1de\u017e, filmov\u00e9 projekce a&nbsp;dal\u0161\u00ed doprovodn\u00e9 aktivity,\u201c<\/em> uvedla <em><strong>m\u00edstostarostka Prahy&nbsp;7 Hana T\u0159e\u0161t\u00edkov\u00e1<\/strong><\/em>.<\/p>\r\n<p><em>\u201ePokra\u010dov\u00e1n\u00ed projektu d\u00e1v\u00e1 druh\u00fd \u017eivot a&nbsp;funkci dal\u0161\u00edmu m\u00edstu, kter\u00e9 \u00fapln\u011b zbyte\u010dn\u011b le\u017eelo ladem bez pov\u0161imnut\u00ed. Nyn\u00ed bude slou\u017eit Pra\u017ean\u016fm pro sport, kulturu a&nbsp;tr\u00e1ven\u00ed voln\u00e9ho \u010dasu. Z\u00e1rove\u0148 prom\u011bnu jist\u011b ocen\u00ed i&nbsp;p\u011b\u0161\u00ed, kte\u0159\u00ed u\u017e nebudou muset chodit temn\u00fdm zanedban\u00fdm podchodem. Stanice metra Vltavsk\u00e1 a&nbsp;jej\u00ed okol\u00ed se b\u011bhem posledn\u00edch let v\u00fdrazn\u011b m\u011bn\u00ed\u00a0<\/em><em>k lep\u0161\u00edmu. Najdeme zde um\u011bleck\u00e9 instalace jako mozaiky, plastiky a&nbsp;skl\u00e1\u0159sk\u00e1 d\u00edla. Opravenou font\u00e1nu Faun a&nbsp;Vltava socha\u0159\u016f Miroslava a&nbsp;Olgy Hude\u010dkov\u00fdch \u010di o\u010di\u0161t\u011bnou vitr\u00e1\u017e skl\u00e1\u0159\u016f V\u00e1clava Zaj\u00edce a&nbsp;Jana Fi\u0161ery ned\u00e1vno doplnila i&nbsp;origin\u00e1ln\u00ed malba zobrazuj\u00edc\u00ed stavby v&nbsp;Praze 7 velk\u00e1 t\u00e9m\u011b\u0159 200 \u010dtvere\u010dn\u00edch metr\u016f,\u201c<\/em> \u0159ekl <em><strong>n\u00e1m\u011bstek prim\u00e1tora hl. m. Prahy Adam Scheinherr<\/strong><\/em>.<\/p>\r\n<p>Upraven\u00e9 podchody na Vltavsk\u00e9 se krom\u011b z\u00e1jmu \u0161irok\u00e9 ve\u0159ejnosti do\u010dkaly tak\u00e9 uzn\u00e1n\u00ed mezi architekty. Projekt byl nominov\u00e1n mezi 29 nejlep\u0161\u00edch lo\u0148sk\u00fdch staveb v&nbsp;r\u00e1mci \u010cesk\u00e9 ceny za architekturu.<\/p>\r\n<p>M\u010c Praha&nbsp;7 v\u0161ak nezah\u00e1l\u00ed a&nbsp;ve spolupr\u00e1ci s\u00a0hl. m. Prahou, TSK hl. m. Prahy, Technologiemi hl. m. Prahy a&nbsp;ostatn\u00edmi partnery se ji\u017e pou\u0161t\u00ed do prom\u011bny dal\u0161\u00edho podchodu. Ten je situov\u00e1n bezprost\u0159edn\u011b k&nbsp;lev\u00e9mu b\u0159ehu Vltavy u&nbsp;paty Hl\u00e1vkova mostu.<\/p>\r\n<p>Stejn\u011b jako v\u00a0p\u0159edchoz\u00ed etap\u011b zde dojde k&nbsp;d\u016fkladn\u00e9mu vy\u010di\u0161t\u011bn\u00ed cel\u00e9ho prostoru, v\u00fdm\u011bn\u011b povrch\u016f, instalaci kvalitn\u00edho osv\u011btlen\u00ed a&nbsp;n\u00e1sledn\u011b um\u00edst\u011bn\u00ed mobiln\u00edch prvk\u016f typick\u00fdch pro sportovn\u00ed street spot. Smyslem projektu je vytvo\u0159it dal\u0161\u00ed multifunk\u010dn\u00ed prostor v&nbsp;centru m\u011bsta, kter\u00fd m\u016f\u017ee fungovat nez\u00e1visle na ro\u010dn\u00edm obdob\u00ed, po\u010das\u00ed \u010di denn\u00ed dob\u011b. Prostor je z\u00e1rove\u0148 navr\u017een tak, \u017ee i&nbsp;za pln\u00e9ho provozu umo\u017e\u0148uje zachovat transportn\u00ed funkci podchodu pro chodce a&nbsp;cyklisty.<\/p>\r\n<p>Pl\u00e1novan\u00e9 \u00fapravy op\u011bt vych\u00e1zej\u00ed z\u00a0n\u00e1vrh\u016f Richarda Preislera a&nbsp;Martina Kontry, projekt p\u0159ipravilo U&nbsp;\/ U&nbsp;Studio.<\/p>\r\n<p><em>\u201eBudou zde op\u011bt p\u0159ek\u00e1\u017eky a&nbsp;ter\u00e9nn\u00ed prvky pro skateboarding, BMX a&nbsp;d\u016fraz tentokr\u00e1t klademe na kolob\u011b\u017ek\u00e1\u0159e, na n\u011b\u017e se v\u00a0podobn\u00fdch spotech ob\u010das trochu zapom\u00edn\u00e1. V\u00a0dal\u0161\u00ed \u010d\u00e1sti podchodu pak bude m\u00edsto pro workout a&nbsp;lanov\u00fd les se \u0161plhac\u00edmi lany, hrazdami a&nbsp;houpa\u010dkami. Chyb\u011bt nebude ani prostor pro street art,\u201c<\/em> uvedli <em><strong>spoluauto\u0159i konceptu Richard Preisler a&nbsp;Martin Kontra<\/strong><\/em>.<\/p>\r\n<p>S\u00a0realizac\u00ed projektu se po\u010d\u00edt\u00e1 do konce tohoto roku.<\/p>\r\n<p>&nbsp;<\/p>\r\n<p><strong>Vizu\u00e1ly rekonstrukce podchod\u016f &#8211; etapa 2<\/strong><\/p>\r\n<p><img loading=\"lazy\" src=\"https:\/\/www.praha7.cz\/wp-content\/uploads\/2022\/06\/podchody-II-etapa_vizual-1-1500x1000.jpeg\" alt=\"\" width=\"640\" height=\"427\" class=\"alignnone size-large wp-image-58738\" srcset=\"https:\/\/www.praha7.cz\/wp-content\/uploads\/2022\/06\/podchody-II-etapa_vizual-1-1500x1000.jpeg 1500w, https:\/\/www.praha7.cz\/wp-content\/uploads\/2022\/06\/podchody-II-etapa_vizual-1-600x400.jpeg 600w, https:\/\/www.praha7.cz\/wp-content\/uploads\/2022\/06\/podchody-II-etapa_vizual-1-768x512.jpeg 768w\" sizes=\"(max-width: 640px) 100vw, 640px\" \/> <img loading=\"lazy\" src=\"https:\/\/www.praha7.cz\/wp-content\/uploads\/2022\/06\/podchody-II-etapa_vizual-3-1500x844.png\" alt=\"\" width=\"640\" height=\"360\" class=\"alignnone size-large wp-image-58740\" srcset=\"https:\/\/www.praha7.cz\/wp-content\/uploads\/2022\/06\/podchody-II-etapa_vizual-3-1500x844.png 1500w, https:\/\/www.praha7.cz\/wp-content\/uploads\/2022\/06\/podchody-II-etapa_vizual-3-600x338.png 600w, https:\/\/www.praha7.cz\/wp-content\/uploads\/2022\/06\/podchody-II-etapa_vizual-3-768x432.png 768w, https:\/\/www.praha7.cz\/wp-content\/uploads\/2022\/06\/podchody-II-etapa_vizual-3.png 1920w\" sizes=\"(max-width: 640px) 100vw, 640px\" \/> <img loading=\"lazy\" src=\"https:\/\/www.praha7.cz\/wp-content\/uploads\/2022\/06\/podchody-II-etapa_vizual-4-1500x844.png\" alt=\"\" width=\"640\" height=\"360\" class=\"alignnone size-large wp-image-58741\" srcset=\"https:\/\/www.praha7.cz\/wp-content\/uploads\/2022\/06\/podchody-II-etapa_vizual-4-1500x844.png 1500w, https:\/\/www.praha7.cz\/wp-content\/uploads\/2022\/06\/podchody-II-etapa_vizual-4-600x338.png 600w, https:\/\/www.praha7.cz\/wp-content\/uploads\/2022\/06\/podchody-II-etapa_vizual-4-768x432.png 768w, https:\/\/www.praha7.cz\/wp-content\/uploads\/2022\/06\/podchody-II-etapa_vizual-4.png 1920w\" sizes=\"(max-width: 640px) 100vw, 640px\" \/><\/p>\r\n<p>&nbsp;<\/p>\r\n<p><strong>Sou\u010dasn\u00fd stav<\/strong><\/p>\r\n<p><img loading=\"lazy\" src=\"https:\/\/www.praha7.cz\/wp-content\/uploads\/2022\/06\/podchod_II-etapa_-pred-2-1500x1000.jpg\" alt=\"\" width=\"640\" height=\"427\" class=\"alignnone size-large wp-image-58742\" srcset=\"https:\/\/www.praha7.cz\/wp-content\/uploads\/2022\/06\/podchod_II-etapa_-pred-2-1500x1000.jpg 1500w, https:\/\/www.praha7.cz\/wp-content\/uploads\/2022\/06\/podchod_II-etapa_-pred-2-600x400.jpg 600w, https:\/\/www.praha7.cz\/wp-content\/uploads\/2022\/06\/podchod_II-etapa_-pred-2-768x512.jpg 768w\" sizes=\"(max-width: 640px) 100vw, 640px\" \/> <img loading=\"lazy\" src=\"https:\/\/www.praha7.cz\/wp-content\/uploads\/2022\/06\/podchod_II-etapa_-pred-1-1500x1000.jpg\" alt=\"\" width=\"640\" height=\"427\" class=\"alignnone size-large wp-image-58743\" srcset=\"https:\/\/www.praha7.cz\/wp-content\/uploads\/2022\/06\/podchod_II-etapa_-pred-1-1500x1000.jpg 1500w, https:\/\/www.praha7.cz\/wp-content\/uploads\/2022\/06\/podchod_II-etapa_-pred-1-600x400.jpg 600w, https:\/\/www.praha7.cz\/wp-content\/uploads\/2022\/06\/podchod_II-etapa_-pred-1-768x512.jpg 768w, https:\/\/www.praha7.cz\/wp-content\/uploads\/2022\/06\/podchod_II-etapa_-pred-1.jpg 1800w\" sizes=\"(max-width: 640px) 100vw, 640px\" \/><\/p>\r\n<p>&nbsp;<\/p>\r\n<p><strong>Setk\u00e1n\u00ed v&nbsp;podchodech\u00a0<\/strong><\/p>\r\n<p><img loading=\"lazy\" src=\"https:\/\/www.praha7.cz\/wp-content\/uploads\/2022\/06\/Martin-Hrouda_skate_out-1500x1000.jpg\" alt=\"\" width=\"640\" height=\"427\" class=\"alignnone size-large wp-image-58745\" srcset=\"https:\/\/www.praha7.cz\/wp-content\/uploads\/2022\/06\/Martin-Hrouda_skate_out-1500x1000.jpg 1500w, https:\/\/www.praha7.cz\/wp-content\/uploads\/2022\/06\/Martin-Hrouda_skate_out-600x400.jpg 600w, https:\/\/www.praha7.cz\/wp-content\/uploads\/2022\/06\/Martin-Hrouda_skate_out-768x512.jpg 768w\" sizes=\"(max-width: 640px) 100vw, 640px\" \/> <img loading=\"lazy\" src=\"https:\/\/www.praha7.cz\/wp-content\/uploads\/2022\/06\/podchody_Trestikova_Scheinherr-1500x1000.jpg\" alt=\"\" width=\"640\" height=\"427\" class=\"alignnone size-large wp-image-58746\" srcset=\"https:\/\/www.praha7.cz\/wp-content\/uploads\/2022\/06\/podchody_Trestikova_Scheinherr-1500x1000.jpg 1500w, https:\/\/www.praha7.cz\/wp-content\/uploads\/2022\/06\/podchody_Trestikova_Scheinherr-600x400.jpg 600w, https:\/\/www.praha7.cz\/wp-content\/uploads\/2022\/06\/podchody_Trestikova_Scheinherr-768x512.jpg 768w\" sizes=\"(max-width: 640px) 100vw, 640px\" \/> <img loading=\"lazy\" src=\"https:\/\/www.praha7.cz\/wp-content\/uploads\/2022\/06\/podchody_mluvci-1500x1000.jpg\" alt=\"\" width=\"640\" height=\"427\" class=\"alignnone size-large wp-image-58747\" srcset=\"https:\/\/www.praha7.cz\/wp-content\/uploads\/2022\/06\/podchody_mluvci-1500x1000.jpg 1500w, https:\/\/www.praha7.cz\/wp-content\/uploads\/2022\/06\/podchody_mluvci-600x400.jpg 600w, https:\/\/www.praha7.cz\/wp-content\/uploads\/2022\/06\/podchody_mluvci-768x512.jpg 768w\" sizes=\"(max-width: 640px) 100vw, 640px\" \/><\/p>","protected":false},"excerpt":{"rendered":"[perex] Dal\u0161\u00ed zanedban\u00e1 a&nbsp;temn\u00e1 z\u00e1kout\u00ed pod Hl\u00e1vkov\u00fdm mostem dostanou nov\u00fd \u017eivot. M\u010c Praha&nbsp;7 ve spolupr\u00e1ci s&nbsp;hl. m. Prahou a&nbsp;dal\u0161\u00edmi partnery v&nbsp;minul\u00e9m roce zrealizovala \u00fasp\u011b\u0161nou prom\u011bnu nevyu\u017e\u00edvan\u00fdch zpustl\u00fdch podchod\u016f u&nbsp;stanice MHD Vltavsk\u00e1 v&nbsp;unik\u00e1tn\u00ed prostor pro sportovn\u00ed a&nbsp;volno\u010dasov\u00e9 aktivity. Nyn\u00ed se velk\u00e9 zm\u011bny chystaj\u00ed v&nbsp;dal\u0161\u00ed \u010d\u00e1sti labyrintu nevzhledn\u00fdch podchod\u016f p\u0159\u00edmo u&nbsp;Vltavy. [\/perex] \u201eKdy\u017e jsme se rozhodli zkusit [&hellip;]","protected":false},"author":5,"featured_media":58739,"comment_status":"closed","ping_status":"open","sticky":false,"template":"","format":"standard","meta":[],"categories":[36,74],"tags":[],"_links":{"self":[{"href":"https:\/\/www.praha7.cz\/api\/wp\/v2\/posts\/58737"}],"collection":[{"href":"https:\/\/www.praha7.cz\/api\/wp\/v2\/posts"}],"about":[{"href":"https:\/\/www.praha7.cz\/api\/wp\/v2\/types\/post"}],"author":[{"embeddable":true,"href":"https:\/\/www.praha7.cz\/api\/wp\/v2\/users\/5"}],"replies":[{"embeddable":true,"href":"https:\/\/www.praha7.cz\/api\/wp\/v2\/comments?post=58737"}],"version-history":[{"count":5,"href":"https:\/\/www.praha7.cz\/api\/wp\/v2\/posts\/58737\/revisions"}],"predecessor-version":[{"id":58754,"href":"https:\/\/www.praha7.cz\/api\/wp\/v2\/posts\/58737\/revisions\/58754"}],"wp:featuredmedia":[{"embeddable":true,"href":"https:\/\/www.praha7.cz\/api\/wp\/v2\/media\/58739"}],"wp:attachment":[{"href":"https:\/\/www.praha7.cz\/api\/wp\/v2\/media?parent=58737"}],"wp:term":[{"taxonomy":"category","embeddable":true,"href":"https:\/\/www.praha7.cz\/api\/wp\/v2\/categories?post=58737"},{"taxonomy":"post_tag","embeddable":true,"href":"https:\/\/www.praha7.cz\/api\/wp\/v2\/tags?post=58737"}],"curies":[{"name":"wp","href":"https:\/\/api.w.org\/{rel}","templated":true}]}}