    
{"id":58725,"date":"2022-06-28T11:36:29","date_gmt":"2022-06-28T09:36:29","guid":{"rendered":"https:\/\/www.praha7.cz\/?p=58725"},"modified":"2025-12-02T12:54:22","modified_gmt":"2025-12-02T11:54:22","slug":"praha-7-schvalila-pripominky-k-metropolitnimu-planu","status":"publish","type":"post","link":"https:\/\/www.praha7.cz\/praha-7-schvalila-pripominky-k-metropolitnimu-planu\/","title":{"rendered":"Praha&nbsp;7 schv\u00e1lila p\u0159ipom\u00ednky k&nbsp;Metropolitn\u00edmu pl\u00e1nu"},"content":{"rendered":"<p>[perex]<\/p>\r\n<p>V\u00edce ne\u017e sto z\u00e1sadn\u00edch p\u0159ipom\u00ednek k\u00a0projedn\u00e1van\u00e9mu Metropolitn\u00edmu pl\u00e1nu schv\u00e1lilo Zastupitelstvo M\u010c Praha&nbsp;7 na sv\u00e9m zased\u00e1n\u00ed v\u00a0pond\u011bl\u00ed 27.&nbsp;6.&nbsp;2022. M\u011bstsk\u00e1 \u010d\u00e1st chce mimo jin\u00e9 ohl\u00eddat v\u00fd\u0161ku z\u00e1stavby na sv\u00e9m \u00fazem\u00ed, chr\u00e1nit st\u00e1vaj\u00edc\u00ed zele\u0148, doplnit nov\u00e9 zelen\u00e9 plochy a&nbsp;ve\u0159ejnou vybavenost, zajistit, aby v&nbsp;rozvojov\u00fdch \u00fazem\u00edch nedoch\u00e1zelo k&nbsp;nekoordinovan\u00e9 z\u00e1stavb\u011b a&nbsp;aby cel\u00e1 m\u011bstsk\u00e1 \u010d\u00e1st byla bezpe\u010dn\u011b a&nbsp;pohodln\u011b prostupn\u00e1 pro v\u0161echny obyvatele.<\/p>\r\n<h3><a href=\"https:\/\/www.praha7.cz\/wp-content\/uploads\/2022\/06\/Z\u00e1sadn\u00ed-p\u0159ipom\u00ednky-M\u010c-Praha-7-k-Metropolitn\u00edmu-pl\u00e1nu.pdf\" target=\"_blank\" rel=\"noopener\">Kompletn\u00ed p\u0159ipom\u00ednky M\u010c Praha\u00a07 k\u00a0Metropolitn\u00edmu pl\u00e1nu naleznete zde.<\/a><\/h3>\r\n<p>[\/perex]<\/p>\r\n<p><em>\u201eSou\u010dasn\u00fd \u00fazemn\u00ed pl\u00e1n Prahy je ji\u017e zastaral\u00fd a&nbsp;neodpov\u00edd\u00e1 aktu\u00e1ln\u00edm pot\u0159eb\u00e1m rozvoje hlavn\u00edho m\u011bsta. Metropolitn\u00ed pl\u00e1n po sv\u00e9m projedn\u00e1n\u00ed a&nbsp;schv\u00e1len\u00ed v\u00fdznamn\u011b ovlivn\u00ed rozvoj m\u011bsta i&nbsp;Prahy&nbsp;7 v&nbsp;budouc\u00edch letech. Bude slou\u017eit jako st\u011b\u017eejn\u00ed n\u00e1stroj pro rozhodov\u00e1n\u00ed o&nbsp;tom, co se na ka\u017ed\u00e9m \u00fazem\u00ed \u010di pozemku bude moci zm\u011bnit. Proto jsme tomuto dokumentu v\u011bnovali velkou pozornost, podrobn\u011b jsme jej analyzovali, komunikovali s&nbsp;ob\u010dany i&nbsp;odborn\u00edky a&nbsp;naslouchali jejich p\u0159ipom\u00ednk\u00e1m,\u201c<\/em>\u00a0uvedl <em><strong>starosta Prahy&nbsp;7 Jan \u010ci\u017einsk\u00fd<\/strong><\/em>.<\/p>\r\n<p><em>\u201eZa st\u011b\u017eejn\u00ed pova\u017eujeme, aby v\u00fd\u0161kov\u00e1 regulace odpov\u00eddala charakteru okoln\u00ed z\u00e1stavby a&nbsp;aby doch\u00e1zelo k\u00a0dostate\u010dn\u00e9 ochran\u011b zelen\u011b z&nbsp;d\u016fvodu prevence m\u011bstsk\u00e9ho tepeln\u00e9ho ostrova\u00a0<\/em><em>a zm\u011bn mikroklimatu m\u011bsta. Chceme, aby zde byl dostatek ploch pro nov\u00e9 parky a&nbsp;ob\u010danskou vybavenost, aby z\u00e1stavba Prahy&nbsp;7 d\u00e1vala smysl, byla dob\u0159e prostupn\u00e1, r\u016fznorod\u00e1 a&nbsp;nevznikaly zde velk\u00e9 monofunk\u010dn\u00ed bloky. Na\u0161\u00edm c\u00edlem je \u017eiv\u00e9 m\u011bsto kr\u00e1tk\u00fdch vzd\u00e1lenost\u00ed,\u201c<\/em> \u0159ekla <strong><em>m\u00edstostarostka Prahy&nbsp;7 Lenka Burgerov\u00e1<\/em><\/strong>, kter\u00e1 m\u00e1 na starosti \u00fazemn\u00ed rozvoj.<\/p>\r\n<p>\u010c\u00e1st p\u0159ipom\u00ednek k\u00a0Metropolitn\u00edmu pl\u00e1nu byla tak\u00e9 v\u011bnov\u00e1na \u00fazem\u00ed Bubny-Z\u00e1tory. Praha&nbsp;7 dlouhodob\u011b usiluje o&nbsp;smyslupln\u00e9 zformov\u00e1n\u00ed budouc\u00edho rozvoje jednoho z&nbsp;nejv\u011bt\u0161\u00edch a&nbsp;nejv\u00fdznamn\u011bj\u0161\u00edch brownfield\u016f v\u00a0Praze, \u0159e\u0161\u00ed zde v\u00fd\u0161kovou a&nbsp;objemovou z\u00e1stavbu, velikost obchodn\u00edch ploch, zastoupen\u00ed zelen\u011b \u010di p\u0159esn\u00e9 vymezen\u00ed pozemk\u016f pro v\u00fdstavbu nov\u00fdch \u0161kol, \u0161kolek a&nbsp;dal\u0161\u00ed ve\u0159ejn\u00e9 vybavenosti. Podrobn\u011b se toto t\u00e9ma \u0159e\u0161ilo ji\u017e p\u0159i projedn\u00e1v\u00e1n\u00ed <a href=\"https:\/\/www.praha7.cz\/rada-prahy-7-schvalila-zasadni-pripominky-ke-zmene-uzemniho-planu-pro-bubny-zatory\/\">zm\u011bny st\u00e1vaj\u00edc\u00edho \u00fazemn\u00edho pl\u00e1nu pro Bubny-Z\u00e1tory<\/a>.<\/p>\r\n<p>Velk\u00fd z\u00e1jem ve\u0159ejnosti bud\u00ed tak\u00e9 budouc\u00ed um\u00edst\u011bn\u00ed mostu, kter\u00fd propoj\u00ed Hole\u0161ovice s&nbsp;Karl\u00ednem.<\/p>\r\n<p>\u201ePro Prahu 7 je d\u016fle\u017eit\u00e9, aby v\u00fdstavba mostu nebyla do budoucna znemo\u017en\u011bna, tak jako n\u00e1m p\u0159edchoz\u00ed generace neznemo\u017enily realizaci l\u00e1vky na \u0160tvanici a&nbsp;do Karl\u00edna, kter\u00e1 se aktu\u00e1ln\u011b stav\u00ed. Proto se na \u00farovni magistr\u00e1tu i&nbsp;v\u00a0r\u00e1mci jedn\u00e1n\u00ed s\u00a0odborn\u00edky a&nbsp;\u0161irokou ve\u0159ejnost\u00ed dlouhodob\u011b zasazujeme o&nbsp;to, aby byly d\u016fkladn\u011b zv\u00e1\u017eeny a&nbsp;prov\u011b\u0159eny v\u0161echny mysliteln\u00e9 varianty um\u00edst\u011bn\u00ed mostu a&nbsp;zvolena byla ta, kter\u00e1 bude d\u00e1vat nejv\u011bt\u0161\u00ed smysl z\u00a0hlediska konstruk\u010dn\u00edho, urbanistick\u00e9ho, protipovod\u0148ov\u00e9ho a&nbsp;podobn\u011b,\u201c doplnil <strong><em>starosta Jan \u010ci\u017einsk\u00fd<\/em><\/strong>.<\/p>\r\n<p>V\u00a0Metropolitn\u00edm pl\u00e1nu se M\u010c Praha&nbsp;7 zasazuje o&nbsp;to, aby tramvajov\u00e1 tra\u0165, kter\u00e1 p\u0159es most povede, nebyla v\u00a0tomto dokumentu pevn\u011b ukotvena, odpov\u00eddala budouc\u00edmu um\u00edst\u011bn\u00ed mostu a&nbsp;jeho n\u00e1vaznostem.<\/p>\r\n<p>&nbsp;<\/p>","protected":false},"excerpt":{"rendered":"[perex] V\u00edce ne\u017e sto z\u00e1sadn\u00edch p\u0159ipom\u00ednek k\u00a0projedn\u00e1van\u00e9mu Metropolitn\u00edmu pl\u00e1nu schv\u00e1lilo Zastupitelstvo M\u010c Praha&nbsp;7 na sv\u00e9m zased\u00e1n\u00ed v\u00a0pond\u011bl\u00ed 27.&nbsp;6.&nbsp;2022. M\u011bstsk\u00e1 \u010d\u00e1st chce mimo jin\u00e9 ohl\u00eddat v\u00fd\u0161ku z\u00e1stavby na sv\u00e9m \u00fazem\u00ed, chr\u00e1nit st\u00e1vaj\u00edc\u00ed zele\u0148, doplnit nov\u00e9 zelen\u00e9 plochy a&nbsp;ve\u0159ejnou vybavenost, zajistit, aby v&nbsp;rozvojov\u00fdch \u00fazem\u00edch nedoch\u00e1zelo k&nbsp;nekoordinovan\u00e9 z\u00e1stavb\u011b a&nbsp;aby cel\u00e1 m\u011bstsk\u00e1 \u010d\u00e1st byla bezpe\u010dn\u011b a&nbsp;pohodln\u011b prostupn\u00e1 pro v\u0161echny [&hellip;]","protected":false},"author":5,"featured_media":16277,"comment_status":"closed","ping_status":"open","sticky":false,"template":"","format":"standard","meta":[],"categories":[34,74],"tags":[145,110],"_links":{"self":[{"href":"https:\/\/www.praha7.cz\/api\/wp\/v2\/posts\/58725"}],"collection":[{"href":"https:\/\/www.praha7.cz\/api\/wp\/v2\/posts"}],"about":[{"href":"https:\/\/www.praha7.cz\/api\/wp\/v2\/types\/post"}],"author":[{"embeddable":true,"href":"https:\/\/www.praha7.cz\/api\/wp\/v2\/users\/5"}],"replies":[{"embeddable":true,"href":"https:\/\/www.praha7.cz\/api\/wp\/v2\/comments?post=58725"}],"version-history":[{"count":8,"href":"https:\/\/www.praha7.cz\/api\/wp\/v2\/posts\/58725\/revisions"}],"predecessor-version":[{"id":58783,"href":"https:\/\/www.praha7.cz\/api\/wp\/v2\/posts\/58725\/revisions\/58783"}],"wp:featuredmedia":[{"embeddable":true,"href":"https:\/\/www.praha7.cz\/api\/wp\/v2\/media\/16277"}],"wp:attachment":[{"href":"https:\/\/www.praha7.cz\/api\/wp\/v2\/media?parent=58725"}],"wp:term":[{"taxonomy":"category","embeddable":true,"href":"https:\/\/www.praha7.cz\/api\/wp\/v2\/categories?post=58725"},{"taxonomy":"post_tag","embeddable":true,"href":"https:\/\/www.praha7.cz\/api\/wp\/v2\/tags?post=58725"}],"curies":[{"name":"wp","href":"https:\/\/api.w.org\/{rel}","templated":true}]}}