    
{"id":58710,"date":"2022-06-27T19:57:28","date_gmt":"2022-06-27T17:57:28","guid":{"rendered":"https:\/\/www.praha7.cz\/?p=58710"},"modified":"2022-06-27T19:57:28","modified_gmt":"2022-06-27T17:57:28","slug":"detsky-prazdninovy-kurz-cestiny-pro-cizince","status":"publish","type":"post","link":"https:\/\/www.praha7.cz\/detsky-prazdninovy-kurz-cestiny-pro-cizince\/","title":{"rendered":"D\u011btsk\u00fd pr\u00e1zdninov\u00fd kurz \u010de\u0161tiny pro cizince"},"content":{"rendered":"<p>[perex]<\/p>\r\n<p>M\u010c Praha&nbsp;7 ve spolupr\u00e1ci s&nbsp;Ministerstvem vnitra \u010cR po\u0159\u00e1daj\u00ed pr\u00e1zdninov\u00e9 kurzy pro d\u011bti.\u00a0<\/p>\r\n<p>[\/perex]<\/p>\r\n<p>D\u011bti, za\u010d\u00e1te\u010dn\u00edci i&nbsp;pokro\u010dil\u00ed, se mohou z\u00e1bavnou formou v\u00fduky pono\u0159it do taj\u016f \u010desk\u00e9ho jazyka. V\u00fduka bude prob\u00edhat v\u00a0\u010dase 8\u201312 hodin (\u010dty\u0159i hodiny v\u00fduky denn\u011b) v\u00a0Z\u0160 U&nbsp;Uranie, v&nbsp;parc\u00edch, na h\u0159i\u0161t\u00edch, ve Stromovce i&nbsp;planet\u00e1riu. Kurz je zdarma.<\/p>\r\n<p><strong>Term\u00edny:<\/strong><\/p>\r\n<ul>\r\n\t<li>18.\u201329.&nbsp;7.&nbsp;2022 pro pokro\u010dil\u00e9<\/li>\r\n\t<li>8.\u201319.&nbsp;8.&nbsp;2022 pro za\u010d\u00e1te\u010dn\u00edky<\/li>\r\n<\/ul>\r\n<p>&nbsp;<\/p>\r\n<p>\u2022 \u0414\u0418\u0422\u042f\u0427\u0406 \u041a\u0410\u041d\u0406\u041a\u0423\u041b\u042f\u0420\u041d\u0406 \u041a\u0423\u0420\u0421\u0418 \u0427\u0415\u0421\u042c\u041a\u041e\u0407 \u041c\u041e\u0412\u0418 \u0414\u041b\u042f \u041f\u041e\u0427\u0410\u0422\u041a\u0406\u0412\u0426\u0406\u0412 \u0422\u0410 \u041f\u0420\u041e\u0421\u0423\u041d\u0423\u0422\u0418\u0425<\/p>\r\n<p>\u2022 KH\u00d3A H\u1eccC V\u1ec0 K\u1ef2 NGH\u1ec8 CHO TR\u1eba EM B\u1eb0NG TI\u1ebeNG S\u00c9C CHO NG\u01af\u1edcI M\u1edaI B\u1eaeT \u0110\u1ea6U V\u00c0<\/p>\r\n<p>N\u00c2NG CAO<\/p>\r\n<p>\u2022 CURSO VACACIONAL DE IDIOMA CHECO PARA NI\u00d1OS PRINCIPIANTES Y AVANZADOS<\/p>\r\n<p>\u2022 CHILDREN\u2019S CZECH LANGUAGE SUMMER COURSE FOR BEGINNERS AND ADVANCED<\/p>\r\n<p>\u2022 \u0414\u0415\u0422\u0421\u041a\u0418\u0415 \u041a\u0410\u041d\u0418\u041a\u0423\u041b\u042f\u0420\u041d\u042b\u0415 \u041a\u0423\u0420\u0421\u042b \u0427\u0415\u0428\u0421\u041a\u041e\u0413\u041e \u042f\u0417\u042b\u041a\u0410 \u0414\u041b\u042f \u041d\u0410\u0427\u0418\u041d\u0410\u042e\u0429\u0418\u0425<\/p>\r\n<p>\u0418 \u041f\u0420\u041e\u0414\u041e\u041b\u0416\u0410\u042e\u0429\u0418\u0425<\/p>\r\n<p>&nbsp;<\/p>\r\n<p>V\u00edce informac\u00ed a&nbsp;registrace: <\/p>\r\n<p>\u0414\u043e\u0434\u0430\u0442\u043a\u043e\u0432\u0430 \u0456\u043d\u0444\u043e\u0440\u043c\u0430\u0446\u0456\u044f \u0442\u0430 \u0440\u0435\u0454\u0441\u0442\u0440\u0430\u0446\u0456\u044f:<\/p>\r\n<p>Th\u00eam th\u00f4ng tin v\u00e0 \u0111\u0103ng k\u00fd:<\/p>\r\n<p>M\u00e1s informaci\u00f3n e inscripci\u00f3n:<\/p>\r\n<p>More information and registration:<\/p>\r\n<p>\u0414\u043e\u043f\u043e\u043b\u043d\u0438\u0442\u0435\u043b\u044c\u043d\u0430\u044f \u0438\u043d\u0444\u043e\u0440\u043c\u0430\u0446\u0438\u044f \u0438 \u0440\u0435\u0433\u0438\u0441\u0442\u0440\u0430\u0446\u0438\u044f:<\/p>\r\n<p><strong>Tom\u00e1\u0161 Taich, tel. 603&nbsp;372&nbsp;148, <a href=\"mailto:TaichT@Praha7.cz\">TaichT@Praha7.cz<\/a><\/strong><\/p>\r\n<p>&nbsp;<\/p>","protected":false},"excerpt":{"rendered":"[perex] M\u010c Praha&nbsp;7 ve spolupr\u00e1ci s&nbsp;Ministerstvem vnitra \u010cR po\u0159\u00e1daj\u00ed pr\u00e1zdninov\u00e9 kurzy pro d\u011bti.\u00a0 [\/perex] D\u011bti, za\u010d\u00e1te\u010dn\u00edci i&nbsp;pokro\u010dil\u00ed, se mohou z\u00e1bavnou formou v\u00fduky pono\u0159it do taj\u016f \u010desk\u00e9ho jazyka. V\u00fduka bude prob\u00edhat v\u00a0\u010dase 8\u201312 hodin (\u010dty\u0159i hodiny v\u00fduky denn\u011b) v\u00a0Z\u0160 U&nbsp;Uranie, v&nbsp;parc\u00edch, na h\u0159i\u0161t\u00edch, ve Stromovce i&nbsp;planet\u00e1riu. Kurz je zdarma. Term\u00edny: 18.\u201329.&nbsp;7.&nbsp;2022 pro pokro\u010dil\u00e9 8.\u201319.&nbsp;8.&nbsp;2022 pro za\u010d\u00e1te\u010dn\u00edky [&hellip;]","protected":false},"author":251,"featured_media":58711,"comment_status":"closed","ping_status":"open","sticky":false,"template":"","format":"standard","meta":[],"categories":[34],"tags":[],"_links":{"self":[{"href":"https:\/\/www.praha7.cz\/api\/wp\/v2\/posts\/58710"}],"collection":[{"href":"https:\/\/www.praha7.cz\/api\/wp\/v2\/posts"}],"about":[{"href":"https:\/\/www.praha7.cz\/api\/wp\/v2\/types\/post"}],"author":[{"embeddable":true,"href":"https:\/\/www.praha7.cz\/api\/wp\/v2\/users\/251"}],"replies":[{"embeddable":true,"href":"https:\/\/www.praha7.cz\/api\/wp\/v2\/comments?post=58710"}],"version-history":[{"count":4,"href":"https:\/\/www.praha7.cz\/api\/wp\/v2\/posts\/58710\/revisions"}],"predecessor-version":[{"id":58716,"href":"https:\/\/www.praha7.cz\/api\/wp\/v2\/posts\/58710\/revisions\/58716"}],"wp:featuredmedia":[{"embeddable":true,"href":"https:\/\/www.praha7.cz\/api\/wp\/v2\/media\/58711"}],"wp:attachment":[{"href":"https:\/\/www.praha7.cz\/api\/wp\/v2\/media?parent=58710"}],"wp:term":[{"taxonomy":"category","embeddable":true,"href":"https:\/\/www.praha7.cz\/api\/wp\/v2\/categories?post=58710"},{"taxonomy":"post_tag","embeddable":true,"href":"https:\/\/www.praha7.cz\/api\/wp\/v2\/tags?post=58710"}],"curies":[{"name":"wp","href":"https:\/\/api.w.org\/{rel}","templated":true}]}}