    
{"id":58693,"date":"2022-06-27T18:14:18","date_gmt":"2022-06-27T16:14:18","guid":{"rendered":"https:\/\/www.praha7.cz\/?p=58693"},"modified":"2022-06-27T18:14:36","modified_gmt":"2022-06-27T16:14:36","slug":"vystava-studentskych-fotografii-v-prizemi-radnice","status":"publish","type":"post","link":"https:\/\/www.praha7.cz\/vystava-studentskych-fotografii-v-prizemi-radnice\/","title":{"rendered":"V\u00fdstava studentsk\u00fdch fotografi\u00ed v&nbsp;p\u0159\u00edzem\u00ed radnice"},"content":{"rendered":"<p>[perex]<\/p>\r\n<p>Zveme v\u00e1s na v\u00fdstavu studentsk\u00fdch fotografi\u00ed, kter\u00e9 si m\u016f\u017eete prohl\u00e9dnout v&nbsp;p\u0159\u00edzem\u00ed radnice sm\u011brem do ulice U&nbsp;Pr\u016fhonu do poloviny \u010dervence 2022.<\/p>\r\n<p>[\/perex]<\/p>\r\n<p><a href=\"https:\/\/www.facebook.com\/zastupitelstvomladych\" target=\"_blank\" rel=\"noopener\">Zastupitelstvo mlad\u00fdch Prahy&nbsp;7<\/a> uspo\u0159\u00e1dalo v&nbsp;pr\u016fb\u011bhu prvn\u00ed poloviny roku fotosout\u011b\u017e pro studenty z\u00e1kladn\u00edch a&nbsp;st\u0159edn\u00edch \u0161kol v&nbsp;Praze 7. C\u00edlem fotosout\u011b\u017ee bylo iniciovat diskuzi o&nbsp;soci\u00e1ln\u00edch ot\u00e1zk\u00e1ch pr\u00e1v\u011b mezi mlad\u00fdmi lidmi, kte\u0159\u00ed, a\u010d se do podobn\u00fdch debat zapojuj\u00ed z\u0159\u00eddka, mohou na danou problematiku p\u0159in\u00e9st pohled z&nbsp;nov\u00e9 perspektivy. Studenti zas\u00edlali fotografie soci\u00e1ln\u011b patologick\u00fdch jev\u016f, kter\u00e9 pova\u017euj\u00ed za nejproblemati\u010dt\u011bj\u0161\u00ed a&nbsp;nejpal\u010div\u011bj\u0161\u00ed.<\/p>\r\n<p>\u00da\u010dastn\u00edci sout\u011b\u017eili ve dvou kategori\u00edch. V&nbsp;t\u00e9 prvn\u00ed vyb\u00edrala nejpoveden\u011bj\u0161\u00ed fotografii Rada M\u010c Prahy&nbsp;7, v&nbsp;t\u00e9 druh\u00e9 hlasovali lid\u00e9 na soci\u00e1ln\u00edch s\u00edt\u00edch Zastupitelstva mlad\u00fdch Prahy&nbsp;7. V&nbsp;prvn\u00ed kategorii zv\u00edt\u011bzila Ad\u00e9la Tr\u00e1vn\u00ed\u010dkov\u00e1. V&nbsp;druh\u00e9 kategorii zv\u00edt\u011bzil Vladislav Nahorniuk.<\/p>\r\n<p><img loading=\"lazy\" src=\"https:\/\/www.praha7.cz\/wp-content\/uploads\/2022\/06\/foto2_Adela_Travnickova-400x400.jpg\" alt=\"\" width=\"400\" height=\"400\" class=\"wp-image-58694 size-medium\" srcset=\"https:\/\/www.praha7.cz\/wp-content\/uploads\/2022\/06\/foto2_Adela_Travnickova-400x400.jpg 400w, https:\/\/www.praha7.cz\/wp-content\/uploads\/2022\/06\/foto2_Adela_Travnickova-200x200.jpg 200w, https:\/\/www.praha7.cz\/wp-content\/uploads\/2022\/06\/foto2_Adela_Travnickova-768x768.jpg 768w, https:\/\/www.praha7.cz\/wp-content\/uploads\/2022\/06\/foto2_Adela_Travnickova-1000x1000.jpg 1000w, https:\/\/www.praha7.cz\/wp-content\/uploads\/2022\/06\/foto2_Adela_Travnickova.jpg 2048w\" sizes=\"(max-width: 400px) 100vw, 400px\" \/><\/p>\r\n<p>foto Ad\u00e9la Tr\u00e1vn\u00ed\u010dkov\u00e1<\/p>\r\n<p>Na fotosout\u011b\u017e navazoval kulat\u00fd st\u016fl k&nbsp;t\u00e9matu, na n\u011bm\u017e m\u011bli \u00fa\u010dastn\u00edci sout\u011b\u017ee i&nbsp;\u010dlenov\u00e9 Zastupitelstva mlad\u00fdch Praha&nbsp;7 jedine\u010dnou mo\u017enost prodiskutovat konkr\u00e9tn\u00ed jevy zachycen\u00e9 na fotografi\u00edch s&nbsp;odborn\u00edky na danou problematiku Zde\u0148kem Hor\u00e1kem a&nbsp;Petrou H\u00e1\u010dkovou z&nbsp;Centra soci\u00e1ln\u00edch slu\u017eeb a&nbsp;radn\u00ed pro \u0161kolstv\u00ed Hanou \u0160i\u0161kovou, radn\u00edm pro soci\u00e1ln\u00ed a&nbsp;zdravotn\u00ed politiku Jakobem Hurrlem a&nbsp;dal\u0161\u00edmi hosty.<\/p>\r\n<p><img loading=\"lazy\" src=\"https:\/\/www.praha7.cz\/wp-content\/uploads\/2022\/06\/zastupitelstvo-mladych_zdrojFB-600x400.jpg\" alt=\"\" width=\"600\" height=\"400\" class=\"alignnone size-medium wp-image-58695\" srcset=\"https:\/\/www.praha7.cz\/wp-content\/uploads\/2022\/06\/zastupitelstvo-mladych_zdrojFB-600x400.jpg 600w, https:\/\/www.praha7.cz\/wp-content\/uploads\/2022\/06\/zastupitelstvo-mladych_zdrojFB-768x512.jpg 768w, https:\/\/www.praha7.cz\/wp-content\/uploads\/2022\/06\/zastupitelstvo-mladych_zdrojFB-1500x1000.jpg 1500w, https:\/\/www.praha7.cz\/wp-content\/uploads\/2022\/06\/zastupitelstvo-mladych_zdrojFB.jpg 2048w\" sizes=\"(max-width: 600px) 100vw, 600px\" \/><\/p>\r\n<p><img loading=\"lazy\" src=\"https:\/\/www.praha7.cz\/wp-content\/uploads\/2022\/06\/IMG_5082-600x400.jpg\" alt=\"\" width=\"600\" height=\"400\" class=\"alignnone size-medium wp-image-58697\" srcset=\"https:\/\/www.praha7.cz\/wp-content\/uploads\/2022\/06\/IMG_5082-600x400.jpg 600w, https:\/\/www.praha7.cz\/wp-content\/uploads\/2022\/06\/IMG_5082-768x512.jpg 768w, https:\/\/www.praha7.cz\/wp-content\/uploads\/2022\/06\/IMG_5082-1500x1000.jpg 1500w\" sizes=\"(max-width: 600px) 100vw, 600px\" \/><\/p>\r\n<p>&nbsp;<\/p>","protected":false},"excerpt":{"rendered":"[perex] Zveme v\u00e1s na v\u00fdstavu studentsk\u00fdch fotografi\u00ed, kter\u00e9 si m\u016f\u017eete prohl\u00e9dnout v&nbsp;p\u0159\u00edzem\u00ed radnice sm\u011brem do ulice U&nbsp;Pr\u016fhonu do poloviny \u010dervence 2022. [\/perex] Zastupitelstvo mlad\u00fdch Prahy&nbsp;7 uspo\u0159\u00e1dalo v&nbsp;pr\u016fb\u011bhu prvn\u00ed poloviny roku fotosout\u011b\u017e pro studenty z\u00e1kladn\u00edch a&nbsp;st\u0159edn\u00edch \u0161kol v&nbsp;Praze 7. C\u00edlem fotosout\u011b\u017ee bylo iniciovat diskuzi o&nbsp;soci\u00e1ln\u00edch ot\u00e1zk\u00e1ch pr\u00e1v\u011b mezi mlad\u00fdmi lidmi, kte\u0159\u00ed, a\u010d se do podobn\u00fdch debat [&hellip;]","protected":false},"author":251,"featured_media":58700,"comment_status":"closed","ping_status":"open","sticky":false,"template":"","format":"standard","meta":[],"categories":[34],"tags":[],"_links":{"self":[{"href":"https:\/\/www.praha7.cz\/api\/wp\/v2\/posts\/58693"}],"collection":[{"href":"https:\/\/www.praha7.cz\/api\/wp\/v2\/posts"}],"about":[{"href":"https:\/\/www.praha7.cz\/api\/wp\/v2\/types\/post"}],"author":[{"embeddable":true,"href":"https:\/\/www.praha7.cz\/api\/wp\/v2\/users\/251"}],"replies":[{"embeddable":true,"href":"https:\/\/www.praha7.cz\/api\/wp\/v2\/comments?post=58693"}],"version-history":[{"count":4,"href":"https:\/\/www.praha7.cz\/api\/wp\/v2\/posts\/58693\/revisions"}],"predecessor-version":[{"id":58703,"href":"https:\/\/www.praha7.cz\/api\/wp\/v2\/posts\/58693\/revisions\/58703"}],"wp:featuredmedia":[{"embeddable":true,"href":"https:\/\/www.praha7.cz\/api\/wp\/v2\/media\/58700"}],"wp:attachment":[{"href":"https:\/\/www.praha7.cz\/api\/wp\/v2\/media?parent=58693"}],"wp:term":[{"taxonomy":"category","embeddable":true,"href":"https:\/\/www.praha7.cz\/api\/wp\/v2\/categories?post=58693"},{"taxonomy":"post_tag","embeddable":true,"href":"https:\/\/www.praha7.cz\/api\/wp\/v2\/tags?post=58693"}],"curies":[{"name":"wp","href":"https:\/\/api.w.org\/{rel}","templated":true}]}}