    
{"id":58676,"date":"2022-07-01T14:41:27","date_gmt":"2022-07-01T12:41:27","guid":{"rendered":"https:\/\/www.praha7.cz\/?p=58676"},"modified":"2022-07-01T14:41:27","modified_gmt":"2022-07-01T12:41:27","slug":"eurotramvaj-a-zmeny-v-provozu-mhd","status":"publish","type":"post","link":"https:\/\/www.praha7.cz\/eurotramvaj-a-zmeny-v-provozu-mhd\/","title":{"rendered":"Eurotramvaj a&nbsp;zm\u011bny v&nbsp;provozu MHD"},"content":{"rendered":"<p>[perex]<\/p>\r\n<p>V p\u00e1tek 1.&nbsp;\u010dervence 2022 se \u010cesk\u00e1 republika ujala p\u016flro\u010dn\u00edho p\u0159edsednictv\u00ed v&nbsp;Rad\u011b Evropsk\u00e9 unie. Na \u00fazem\u00ed\u00a0republiky se po\u0159\u00e1d\u00e1 \u0159ada akc\u00ed a&nbsp;jedn\u00e1n\u00ed. Jedn\u00edm z&nbsp;prvk\u016f, kter\u00e9 \u010desk\u00e9 p\u0159edsednictv\u00ed p\u0159ipom\u00edn\u00e1, je tak\u00e9 Eurotramvaj, kter\u00e1 ulicemi Prahy bude jezdit a\u017e do \u010dervna 2023. Polep tramvaje vznikl na z\u00e1klad\u011b sout\u011b\u017ee na osloven\u00fdch pra\u017esk\u00fdch \u0161kol\u00e1ch. Jako nejlep\u0161\u00ed byl vybr\u00e1n n\u00e1vrh s&nbsp;n\u00e1zvem \u201eV\u011bda a&nbsp;zdravotnictv\u00ed\u201c od Anety Bromovsk\u00e9.<\/p>\r\n<p>[\/perex]<\/p>\r\n<p>Tramvaj svou podobou vyzdvihuje p\u0159edsednictv\u00ed a&nbsp;zd\u016fraz\u0148uje priority, kter\u00e9 si pro n\u011bj Praha p\u0159edsevzala. Autorkou v\u00edt\u011bzn\u00e9ho n\u00e1vrhu \u201eV\u011bda a&nbsp;zdravotnictv\u00ed\u201c\u00a0 je Aneta Bromovsk\u00e1, studentka t\u0159et\u00edho ro\u010dn\u00edku \u0161koly Michael \u2013 St\u0159edn\u00ed \u0161koly a&nbsp;Vy\u0161\u0161\u00ed odborn\u00e9 \u0161koly reklamn\u00ed a&nbsp;um\u011bleck\u00e9 tvorby, s. r. o.<\/p>\r\n<p><em>\u201eTato tramvaj n\u00e1m bude v&nbsp;pr\u016fb\u011bhu cel\u00e9ho roku a&nbsp;v&nbsp;souvislosti s&nbsp;p\u0159edsednictv\u00edm p\u0159ipom\u00ednat, \u017ee Praha je pomysln\u00fdm srdcem, mozkem, ale i&nbsp;pl\u00edcemi Evropy. D\u011bkuji v\u0161em student\u016fm a&nbsp;studentk\u00e1m, kte\u0159\u00ed se do sout\u011b\u017ee zapojili, a&nbsp;gratuluji autorce v\u00edt\u011bzn\u00e9ho n\u00e1vrhu. Jsem hrd\u00fd, \u017ee m\u00e1me v&nbsp;Praze tak nadan\u00e9 studenty,\u201c<\/em> uvedl prim\u00e1tor hl. m. Prahy Zden\u011bk H\u0159ib.<\/p>\r\n<p>Studenti si mohli vybrat z&nbsp;celkem sedmi okruh\u016f pro sv\u00e9 n\u00e1vrhy. Konkr\u00e9tn\u011b se jednalo o&nbsp;ochranu demokratick\u00fdch hodnot, klimatickou zm\u011bnu, chytr\u00e1 \u0159e\u0161en\u00ed, kulturu, vzd\u011bl\u00e1v\u00e1n\u00ed, v\u011bdu a&nbsp;Prahu jako m\u011bsto inovac\u00ed. K&nbsp;vyhodnocen\u00ed celkem dorazilo dvacet jedna r\u016fzn\u00fdch n\u00e1vrh\u016f.<\/p>\r\n<p><em>\u201ePraha byla v\u017edycky geografick\u00fdm srdcem Evropy a&nbsp;v&nbsp;roce 2022 bude i&nbsp;politick\u00fdm. \u010cesk\u00e1 republika bude p\u0159edsedat Rad\u011b Evropsk\u00e9 unie. V\u011bda a&nbsp;zdravotnictv\u00ed jsou \u00fazce spojen\u00e9 pojmy. Po p\u0159e\u010dten\u00ed zad\u00e1n\u00ed sout\u011b\u017ee se mi ihned vybavilo srdce, a&nbsp;tak\u00e9 mozek a&nbsp;pl\u00edce. Ji\u017e dlouho vn\u00edm\u00e1m rychl\u00fd a&nbsp;pozitivn\u00ed v\u00fdvoj v&nbsp;oboru zdravotnictv\u00ed. Z&nbsp;tohoto d\u016fvodu jsem se rozhodla n\u011bkolik objev\u016f vyzdvihnout a&nbsp;uk\u00e1zat, jak\u00e9 neuv\u011b\u0159iteln\u00e9 pokroky jsme v&nbsp;oblasti l\u00e9ka\u0159stv\u00ed u\u010dinili. Domn\u00edv\u00e1m se, \u017ee \u010desk\u00e9 zdravotnictv\u00ed dr\u017e\u00ed krok s&nbsp;evropskou \u0161pi\u010dkou. Zam\u011b\u0159it se pr\u00e1v\u011b na takov\u00e9 t\u00e9ma bylo jasnou volbou,\u201c<\/em> uvedla autorka v\u00edt\u011bzn\u00e9ho n\u00e1vrhu Aneta Bromovsk\u00e1.<\/p>\r\n<p><img loading=\"lazy\" src=\"https:\/\/www.praha7.cz\/wp-content\/uploads\/2022\/06\/DSC_5781-mensi-600x400.jpg\" alt=\"\" width=\"600\" height=\"400\" class=\"alignnone size-medium wp-image-58679\" srcset=\"https:\/\/www.praha7.cz\/wp-content\/uploads\/2022\/06\/DSC_5781-mensi-600x400.jpg 600w, https:\/\/www.praha7.cz\/wp-content\/uploads\/2022\/06\/DSC_5781-mensi-768x512.jpg 768w, https:\/\/www.praha7.cz\/wp-content\/uploads\/2022\/06\/DSC_5781-mensi-1500x1000.jpg 1500w\" sizes=\"(max-width: 600px) 100vw, 600px\" \/><\/p>\r\n<p><img loading=\"lazy\" src=\"https:\/\/www.praha7.cz\/wp-content\/uploads\/2022\/06\/DSC_5674-mensi-600x400.jpg\" alt=\"\" width=\"600\" height=\"400\" class=\"alignnone size-medium wp-image-58678\" srcset=\"https:\/\/www.praha7.cz\/wp-content\/uploads\/2022\/06\/DSC_5674-mensi-600x400.jpg 600w, https:\/\/www.praha7.cz\/wp-content\/uploads\/2022\/06\/DSC_5674-mensi-768x512.jpg 768w, https:\/\/www.praha7.cz\/wp-content\/uploads\/2022\/06\/DSC_5674-mensi-1500x1000.jpg 1500w\" sizes=\"(max-width: 600px) 100vw, 600px\" \/><\/p>\r\n<p>Tramvaj bude jezdit Prahou jeden rok, tedy do poloviny roku 2023. Na svou prvn\u00ed cestu se vydala 23.&nbsp;\u010dervna 2022 pod \u010d\u00edslem linky 17, sv\u00e9 \u010d\u00edslo d\u00e1le m\u011bn\u00ed dle pot\u0159eby, nej\u010dast\u011bji bude vypravov\u00e1na na linku 22, co\u017e je jedna z&nbsp;p\u00e1te\u0159n\u00edch a&nbsp;nejdel\u0161\u00edch tramvajov\u00fdch linek v&nbsp;Praze, kter\u00e1\u00a0nav\u00edc jezd\u00ed centrem a&nbsp;kolem nejnav\u0161t\u011bvovan\u011bj\u0161\u00edch pra\u017esk\u00fdch pam\u00e1tek. N\u00e1klady \u010dinily 150\u00a0000 korun za polep tramvaje, samotnou tramvaj poskytl Dopravn\u00ed podnik hl. m. Prahy zdarma v&nbsp;r\u00e1mci spolupr\u00e1ce s\u00a0m\u011bstem.<\/p>\r\n<hr \/>\r\n<p>O <a href=\"https:\/\/www.dpp.cz\/omezeni-a-mimoradne-udalosti\/detail\/13935?fbclid=IwAR0FBYa7sO3feke9kGk1g4CUgEZMVoiuEwCjiUv5ftvGSYl6Q7mvH7N_jSE\" target=\"_blank\" rel=\"noopener\">letn\u00edch pr\u00e1zdnin\u00e1ch<\/a> bude MHD v&nbsp;Praze jezdit dle klasick\u00fdch pr\u00e1zdninov\u00fdch j\u00edzdn\u00edch \u0159\u00e1d\u016f, po jejich skon\u010den\u00ed op\u011bt v&nbsp;pln\u00e9m rozsahu dle st\u00e1vaj\u00edc\u00edch grafikon\u016f. Naopak, d\u00edky p\u0159edsednictv\u00ed a&nbsp;rekonstrukci Barrandovsk\u00e9ho mostu, bude letos v&nbsp;metru a&nbsp;tramvaj\u00edch m\u00e9n\u011b v\u00fdluk ne\u017e po jin\u00e9 roky a&nbsp;nedojde k&nbsp;postupn\u00e9 v\u00fdm\u011bn\u011b d\u0159ev\u011bn\u00fdch pra\u017ec\u016f za betonov\u00e9 na lince metra C, kter\u00e1 t\u00e9m\u011b\u0159 pravideln\u011b prob\u00edh\u00e1 cca 10 dn\u016f na za\u010d\u00e1tku pr\u00e1zdnin.<\/p>\r\n<p>Od 1.&nbsp;\u010dervence 2022 doch\u00e1z\u00ed v&nbsp;provozu PID k&nbsp;n\u011bkolika <a href=\"https:\/\/www.dpp.cz\/omezeni-a-mimoradne-udalosti\/detail\/13934?fbclid=IwAR1KUe3b_uqhe5P3n-KSFB5t_Zk2W80oHXR1Qwfbjgz5CigntWNSmST_ZjA\" target=\"_blank\" rel=\"noopener\">trval\u00fdm zm\u011bn\u00e1m a&nbsp;\u00faprav\u00e1m<\/a>. Na \u00fazem\u00ed Prahy&nbsp;7 do\u0161lo k&nbsp;p\u0159ejmenov\u00e1n\u00ed tramvajov\u00e9 zast\u00e1vky Pra\u017esk\u00e1 tr\u017enice. Nov\u00fd n\u00e1zev zn\u00ed\u00a0Hole\u0161ovick\u00e1 tr\u017enice.<\/p>","protected":false},"excerpt":{"rendered":"[perex] V&nbsp;p\u00e1tek 1.&nbsp;\u010dervence 2022 se \u010cesk\u00e1 republika ujala p\u016flro\u010dn\u00edho p\u0159edsednictv\u00ed v&nbsp;Rad\u011b Evropsk\u00e9 unie. Na \u00fazem\u00ed\u00a0republiky se po\u0159\u00e1d\u00e1 \u0159ada akc\u00ed a&nbsp;jedn\u00e1n\u00ed. Jedn\u00edm z&nbsp;prvk\u016f, kter\u00e9 \u010desk\u00e9 p\u0159edsednictv\u00ed p\u0159ipom\u00edn\u00e1, je tak\u00e9 Eurotramvaj, kter\u00e1 ulicemi Prahy bude jezdit a\u017e do \u010dervna 2023. Polep tramvaje vznikl na z\u00e1klad\u011b sout\u011b\u017ee na osloven\u00fdch pra\u017esk\u00fdch \u0161kol\u00e1ch. Jako nejlep\u0161\u00ed byl vybr\u00e1n n\u00e1vrh s&nbsp;n\u00e1zvem [&hellip;]","protected":false},"author":251,"featured_media":58680,"comment_status":"closed","ping_status":"open","sticky":false,"template":"","format":"standard","meta":[],"categories":[34],"tags":[],"_links":{"self":[{"href":"https:\/\/www.praha7.cz\/api\/wp\/v2\/posts\/58676"}],"collection":[{"href":"https:\/\/www.praha7.cz\/api\/wp\/v2\/posts"}],"about":[{"href":"https:\/\/www.praha7.cz\/api\/wp\/v2\/types\/post"}],"author":[{"embeddable":true,"href":"https:\/\/www.praha7.cz\/api\/wp\/v2\/users\/251"}],"replies":[{"embeddable":true,"href":"https:\/\/www.praha7.cz\/api\/wp\/v2\/comments?post=58676"}],"version-history":[{"count":3,"href":"https:\/\/www.praha7.cz\/api\/wp\/v2\/posts\/58676\/revisions"}],"predecessor-version":[{"id":58839,"href":"https:\/\/www.praha7.cz\/api\/wp\/v2\/posts\/58676\/revisions\/58839"}],"wp:featuredmedia":[{"embeddable":true,"href":"https:\/\/www.praha7.cz\/api\/wp\/v2\/media\/58680"}],"wp:attachment":[{"href":"https:\/\/www.praha7.cz\/api\/wp\/v2\/media?parent=58676"}],"wp:term":[{"taxonomy":"category","embeddable":true,"href":"https:\/\/www.praha7.cz\/api\/wp\/v2\/categories?post=58676"},{"taxonomy":"post_tag","embeddable":true,"href":"https:\/\/www.praha7.cz\/api\/wp\/v2\/tags?post=58676"}],"curies":[{"name":"wp","href":"https:\/\/api.w.org\/{rel}","templated":true}]}}