    
{"id":58674,"date":"2022-06-27T16:44:08","date_gmt":"2022-06-27T14:44:08","guid":{"rendered":"https:\/\/www.praha7.cz\/?p=58674"},"modified":"2022-06-27T16:46:53","modified_gmt":"2022-06-27T14:46:53","slug":"praha-7-uctila-pamatku-milady-horakove-a-dalsich-obeti-komunistickeho-rezimu-2","status":"publish","type":"post","link":"https:\/\/www.praha7.cz\/praha-7-uctila-pamatku-milady-horakove-a-dalsich-obeti-komunistickeho-rezimu-2\/","title":{"rendered":"Praha&nbsp;7 uctila pam\u00e1tku Milady Hor\u00e1kov\u00e9 a&nbsp;dal\u0161\u00edch ob\u011bt\u00ed komunistick\u00e9ho re\u017eimu"},"content":{"rendered":"<p>[perex]<\/p>\r\n<p>U pam\u011btn\u00ed desky v\u011bnovan\u00e9 JUDr. Milad\u011b Hor\u00e1kov\u00e9 (na dom\u011b v\u00a0ulici Milady Hor\u00e1kov\u00e9 2) uspo\u0159\u00e1dala M\u010c Praha\u00a07 vzpom\u00ednkov\u00fd akt. Konal se 27.&nbsp;\u010dervna 2022 u\u00a0p\u0159\u00edle\u017eitosti Dne pam\u00e1tky ob\u011bt\u00ed komunistick\u00e9ho re\u017eimu.\u00a0<\/p>\r\n<p>[\/perex]<\/p>\r\n<p>V pond\u011bl\u00ed 27.&nbsp;\u010dervna 2022 uplynulo ji\u017e 72 let ode dne, kdy byl vykon\u00e1n rozsudek smrti, vynesen\u00fd totalitn\u00edm komunistick\u00fdm re\u017eimem nad \u010deskou vlasteneckou politi\u010dkou doktorkou Miladou Hor\u00e1kovou. U&nbsp;pam\u011btn\u00ed desky v\u011bnovan\u00e9 t\u00e9to v\u00fdjime\u010dn\u00e9 \u017een\u011b si z\u00e1stupci M\u010c Praha&nbsp;7 i&nbsp;\u0161irok\u00e1 ve\u0159ejnost p\u0159ipomn\u011bli jej\u00ed v\u00fdznamn\u00e9 \u010diny a&nbsp;vzpomn\u011bli tak\u00e9 na dal\u0161\u00ed ob\u011bti komunistick\u00e9ho re\u017eimu. Pietn\u00ed akt prob\u011bhl za \u00fa\u010dasti m\u00edstostarosty M\u010c Praha&nbsp;7 Kamila Vav\u0159ince Mare\u0161e, z\u00e1stupc\u016f \u010ceskoslovensk\u00e9 obce legion\u00e1\u0159sk\u00e9, \u010cesk\u00e9 obce sokolsk\u00e9, Krajsk\u00e9ho\u00a0vojensk\u00e9ho velitelstv\u00ed hlavn\u00edho m\u011bsta Prahy a&nbsp;Obce bar\u00e1\u010dn\u00edk\u016f.\u00a0<\/p>\r\n<p>\u201eJdu s&nbsp;hlavou vzty\u010denou, mus\u00ed se um\u011bt i&nbsp;prohr\u00e1t,\u201c napsala ve sv\u00e9m posledn\u00edm dopise Milada Hor\u00e1kov\u00e1, odv\u00e1\u017en\u00e1 a&nbsp;hrd\u00e1 \u017eena, kterou se nepoda\u0159ilo zlomit ani nacist\u016fm, ani komunist\u016fm. Odkaz ob\u011bt\u00ed komunistick\u00e9ho re\u017eimu je v&nbsp;t\u00e9to slo\u017eit\u00e9 dob\u011b st\u00e1le aktu\u00e1ln\u00ed a&nbsp;\u017eiv\u00fd.\u00a0P\u0159ipom\u00edn\u00e1me si tyto zlo\u010diny, abychom nenaslouchali t\u011bm, kte\u0159\u00ed op\u011bt hl\u00e1saj\u00ed nerovnost mezi lidmi a&nbsp;rozdm\u00fdch\u00e1vaj\u00ed nen\u00e1vist.<\/p>\r\n<p><img loading=\"lazy\" src=\"https:\/\/www.praha7.cz\/wp-content\/uploads\/2022\/06\/DSC_0066-600x400.jpg\" alt=\"\" width=\"600\" height=\"400\" class=\"alignnone size-medium wp-image-58689\" srcset=\"https:\/\/www.praha7.cz\/wp-content\/uploads\/2022\/06\/DSC_0066-600x400.jpg 600w, https:\/\/www.praha7.cz\/wp-content\/uploads\/2022\/06\/DSC_0066-768x512.jpg 768w, https:\/\/www.praha7.cz\/wp-content\/uploads\/2022\/06\/DSC_0066-1500x1000.jpg 1500w\" sizes=\"(max-width: 600px) 100vw, 600px\" \/><\/p>\r\n<p>&nbsp;<\/p>\r\n<p><img loading=\"lazy\" src=\"https:\/\/www.praha7.cz\/wp-content\/uploads\/2022\/06\/DSC_0060-1-600x400.jpg\" alt=\"\" width=\"600\" height=\"400\" class=\"alignnone size-medium wp-image-58688\" srcset=\"https:\/\/www.praha7.cz\/wp-content\/uploads\/2022\/06\/DSC_0060-1-600x400.jpg 600w, https:\/\/www.praha7.cz\/wp-content\/uploads\/2022\/06\/DSC_0060-1-768x512.jpg 768w, https:\/\/www.praha7.cz\/wp-content\/uploads\/2022\/06\/DSC_0060-1-1500x1000.jpg 1500w\" sizes=\"(max-width: 600px) 100vw, 600px\" \/><\/p>\r\n<p>&nbsp;<\/p>\r\n<p>&nbsp;<\/p>","protected":false},"excerpt":{"rendered":"[perex] U&nbsp;pam\u011btn\u00ed desky v\u011bnovan\u00e9 JUDr. Milad\u011b Hor\u00e1kov\u00e9 (na dom\u011b v\u00a0ulici Milady Hor\u00e1kov\u00e9 2) uspo\u0159\u00e1dala M\u010c Praha\u00a07 vzpom\u00ednkov\u00fd akt. Konal se 27.&nbsp;\u010dervna 2022 u\u00a0p\u0159\u00edle\u017eitosti Dne pam\u00e1tky ob\u011bt\u00ed komunistick\u00e9ho re\u017eimu.\u00a0 [\/perex] V&nbsp;pond\u011bl\u00ed 27.&nbsp;\u010dervna 2022 uplynulo ji\u017e 72 let ode dne, kdy byl vykon\u00e1n rozsudek smrti, vynesen\u00fd totalitn\u00edm komunistick\u00fdm re\u017eimem nad \u010deskou vlasteneckou politi\u010dkou doktorkou Miladou [&hellip;]","protected":false},"author":251,"featured_media":58690,"comment_status":"closed","ping_status":"open","sticky":false,"template":"","format":"standard","meta":[],"categories":[34,74],"tags":[],"_links":{"self":[{"href":"https:\/\/www.praha7.cz\/api\/wp\/v2\/posts\/58674"}],"collection":[{"href":"https:\/\/www.praha7.cz\/api\/wp\/v2\/posts"}],"about":[{"href":"https:\/\/www.praha7.cz\/api\/wp\/v2\/types\/post"}],"author":[{"embeddable":true,"href":"https:\/\/www.praha7.cz\/api\/wp\/v2\/users\/251"}],"replies":[{"embeddable":true,"href":"https:\/\/www.praha7.cz\/api\/wp\/v2\/comments?post=58674"}],"version-history":[{"count":2,"href":"https:\/\/www.praha7.cz\/api\/wp\/v2\/posts\/58674\/revisions"}],"predecessor-version":[{"id":58691,"href":"https:\/\/www.praha7.cz\/api\/wp\/v2\/posts\/58674\/revisions\/58691"}],"wp:featuredmedia":[{"embeddable":true,"href":"https:\/\/www.praha7.cz\/api\/wp\/v2\/media\/58690"}],"wp:attachment":[{"href":"https:\/\/www.praha7.cz\/api\/wp\/v2\/media?parent=58674"}],"wp:term":[{"taxonomy":"category","embeddable":true,"href":"https:\/\/www.praha7.cz\/api\/wp\/v2\/categories?post=58674"},{"taxonomy":"post_tag","embeddable":true,"href":"https:\/\/www.praha7.cz\/api\/wp\/v2\/tags?post=58674"}],"curies":[{"name":"wp","href":"https:\/\/api.w.org\/{rel}","templated":true}]}}