    
{"id":58656,"date":"2022-06-24T15:28:19","date_gmt":"2022-06-24T13:28:19","guid":{"rendered":"https:\/\/www.praha7.cz\/?p=58656"},"modified":"2022-06-24T15:28:19","modified_gmt":"2022-06-24T13:28:19","slug":"krest-audioknihy-o-osudech-parasutistu","status":"publish","type":"post","link":"https:\/\/www.praha7.cz\/krest-audioknihy-o-osudech-parasutistu\/","title":{"rendered":"K\u0159est audioknihy o&nbsp;osudech para\u0161utist\u016f"},"content":{"rendered":"<p>[perex]<\/p>\r\n<p>Druh\u00fd d\u00edl Dosko\u010di\u0161t\u011b protektor\u00e1t autorky Jitky Neradov\u00e9 p\u0159in\u00e1\u0161\u00ed portr\u00e9ty 58 odv\u00e1\u017en\u00fdch mu\u017e\u016f z&nbsp;lond\u00fdnsk\u00fdch v\u00fdsadk\u016f. Audiokniha obsahuje i&nbsp;obs\u00e1hl\u00fd booklet s&nbsp;n\u00e1zvy a&nbsp;daty v\u00fdsadk\u016f a&nbsp;s&nbsp;fotografi\u00ed ka\u017ed\u00e9ho z&nbsp;dnes \u010dasto zapomenut\u00fdch hrdin\u016f. K\u0159est prob\u011bhne 28.&nbsp;\u010dervna 2022.<\/p>\r\n<p>[\/perex]<\/p>\r\n<p>Jitka Neradov\u00e1 zmapovala v\u00fdsadky z&nbsp;let 1943\u20131945, tedy po \u00fasp\u011b\u0161n\u00e9m atent\u00e1tu na Reinharda Heydricha. Audioknihu na\u010detli Simona Postlerov\u00e1 a&nbsp;Martin Zah\u00e1lka, hudbou opat\u0159il Raven.\u00a0Audiokniha\u00a0<a href=\"https:\/\/www.radioteka.cz\/detail\/croslovo-799583-jitka-neradova-doskociste-protektorat-2\" target=\"_blank\" rel=\"noopener\">Dosko\u010di\u0161t\u011b protektor\u00e1t 2<\/a>, kter\u00e1 vych\u00e1z\u00ed u&nbsp;p\u0159\u00edle\u017eitosti 80.&nbsp;v\u00fdro\u010d\u00ed atent\u00e1tu na\u00a0zastupuj\u00edc\u00edho \u0159\u00ed\u0161sk\u00e9ho protektora\u00a0Reinharda Heydricha, bude pok\u0159t\u011bna v&nbsp;\u00fater\u00fd 28.&nbsp;\u010dervna 2022 v&nbsp;18 hodin v\u00a0klubu Letka (Letohradsk\u00e1 44).<\/p>\r\n<p>Atent\u00e1tu se v&nbsp;\u0161ir\u0161\u00edch souvislostech v\u011bnuje tak\u00e9 <a href=\"http:\/\/www.vhu.cz\/category\/atentat-80-let\/\" target=\"_blank\" rel=\"noopener\">projekt Vojensk\u00e9ho historick\u00e9ho \u00fastavu Praha<\/a>, kter\u00fd od z\u00e1\u0159\u00ed 2021 do l\u00e9ta 2022 zve\u0159ej\u0148uje\u00a0rozs\u00e1hlou s\u00e9rii materi\u00e1l\u016f.<\/p>\r\n<p>&nbsp;<\/p>","protected":false},"excerpt":{"rendered":"[perex] Druh\u00fd d\u00edl Dosko\u010di\u0161t\u011b protektor\u00e1t autorky Jitky Neradov\u00e9 p\u0159in\u00e1\u0161\u00ed portr\u00e9ty 58 odv\u00e1\u017en\u00fdch mu\u017e\u016f z&nbsp;lond\u00fdnsk\u00fdch v\u00fdsadk\u016f. Audiokniha obsahuje i&nbsp;obs\u00e1hl\u00fd booklet s&nbsp;n\u00e1zvy a&nbsp;daty v\u00fdsadk\u016f a&nbsp;s&nbsp;fotografi\u00ed ka\u017ed\u00e9ho z&nbsp;dnes \u010dasto zapomenut\u00fdch hrdin\u016f. K\u0159est prob\u011bhne 28.&nbsp;\u010dervna 2022. [\/perex] Jitka Neradov\u00e1 zmapovala v\u00fdsadky z&nbsp;let 1943\u20131945, tedy po \u00fasp\u011b\u0161n\u00e9m atent\u00e1tu na Reinharda Heydricha. Audioknihu na\u010detli Simona Postlerov\u00e1 a&nbsp;Martin Zah\u00e1lka, hudbou opat\u0159il Raven.\u00a0Audiokniha\u00a0Dosko\u010di\u0161t\u011b [&hellip;]","protected":false},"author":251,"featured_media":58657,"comment_status":"closed","ping_status":"open","sticky":false,"template":"","format":"standard","meta":[],"categories":[34],"tags":[],"_links":{"self":[{"href":"https:\/\/www.praha7.cz\/api\/wp\/v2\/posts\/58656"}],"collection":[{"href":"https:\/\/www.praha7.cz\/api\/wp\/v2\/posts"}],"about":[{"href":"https:\/\/www.praha7.cz\/api\/wp\/v2\/types\/post"}],"author":[{"embeddable":true,"href":"https:\/\/www.praha7.cz\/api\/wp\/v2\/users\/251"}],"replies":[{"embeddable":true,"href":"https:\/\/www.praha7.cz\/api\/wp\/v2\/comments?post=58656"}],"version-history":[{"count":2,"href":"https:\/\/www.praha7.cz\/api\/wp\/v2\/posts\/58656\/revisions"}],"predecessor-version":[{"id":58659,"href":"https:\/\/www.praha7.cz\/api\/wp\/v2\/posts\/58656\/revisions\/58659"}],"wp:featuredmedia":[{"embeddable":true,"href":"https:\/\/www.praha7.cz\/api\/wp\/v2\/media\/58657"}],"wp:attachment":[{"href":"https:\/\/www.praha7.cz\/api\/wp\/v2\/media?parent=58656"}],"wp:term":[{"taxonomy":"category","embeddable":true,"href":"https:\/\/www.praha7.cz\/api\/wp\/v2\/categories?post=58656"},{"taxonomy":"post_tag","embeddable":true,"href":"https:\/\/www.praha7.cz\/api\/wp\/v2\/tags?post=58656"}],"curies":[{"name":"wp","href":"https:\/\/api.w.org\/{rel}","templated":true}]}}