    
{"id":58632,"date":"2022-06-23T16:28:21","date_gmt":"2022-06-23T14:28:21","guid":{"rendered":"https:\/\/www.praha7.cz\/?p=58632"},"modified":"2022-06-23T16:28:58","modified_gmt":"2022-06-23T14:28:58","slug":"vymena-nadob-na-tuky-a-oleje","status":"publish","type":"post","link":"https:\/\/www.praha7.cz\/vymena-nadob-na-tuky-a-oleje\/","title":{"rendered":"V\u00fdm\u011bna n\u00e1dob na tuky a&nbsp;oleje"},"content":{"rendered":"<p>[perex]<\/p>\r\n<p>Upozor\u0148ujeme ob\u010dany, \u017ee v\u00a0t\u00fddnu od soboty 25.&nbsp;6.&nbsp;do soboty 2.&nbsp;7.&nbsp;2022 prob\u011bhne na \u00fazem\u00ed Prahy&nbsp;7 v\u00fdm\u011bna n\u00e1dob na jedl\u00e9 tuky a&nbsp;oleje. D\u016fvodem je p\u0159echod na celopra\u017esk\u00fd syst\u00e9m svozu tohoto odpadu. V\u00a0uveden\u00e9m obdob\u00ed se m\u016f\u017ee st\u00e1t, \u017ee na p\u0159\u00edslu\u0161n\u00fdch stanovi\u0161t\u00edch budou v\u00a0\u0159\u00e1du n\u011bkolika dn\u016f mezi odvozem star\u00fdch n\u00e1dob a&nbsp;um\u00edst\u011bn\u00ed nov\u00fdch kontejnery na tuky a&nbsp;oleje sch\u00e1zet.<\/p>\r\n<p>Omlouv\u00e1me se za kr\u00e1tkodob\u00e9 komplikace a&nbsp;d\u011bkujeme, \u017ee t\u0159\u00edd\u00edte.<\/p>\r\n<p>Seznam stanovi\u0161\u0165 kontejner\u016f na oleje a&nbsp;tuky najdete <a href=\"https:\/\/www.praha7.cz\/temata\/odpad\/kontejnery-na-oleje-a-tuky\/\">zde<\/a>.<\/p>\r\n<p>[\/perex]<\/p>","protected":false},"excerpt":{"rendered":"[perex] Upozor\u0148ujeme ob\u010dany, \u017ee v\u00a0t\u00fddnu od soboty 25.&nbsp;6.&nbsp;do soboty 2.&nbsp;7.&nbsp;2022 prob\u011bhne na \u00fazem\u00ed Prahy&nbsp;7 v\u00fdm\u011bna n\u00e1dob na jedl\u00e9 tuky a&nbsp;oleje. D\u016fvodem je p\u0159echod na celopra\u017esk\u00fd syst\u00e9m svozu tohoto odpadu. V\u00a0uveden\u00e9m obdob\u00ed se m\u016f\u017ee st\u00e1t, \u017ee na p\u0159\u00edslu\u0161n\u00fdch stanovi\u0161t\u00edch budou v\u00a0\u0159\u00e1du n\u011bkolika dn\u016f mezi odvozem star\u00fdch n\u00e1dob a&nbsp;um\u00edst\u011bn\u00ed nov\u00fdch kontejnery na tuky a&nbsp;oleje sch\u00e1zet. Omlouv\u00e1me se [&hellip;]","protected":false},"author":5,"featured_media":58645,"comment_status":"closed","ping_status":"open","sticky":false,"template":"","format":"standard","meta":[],"categories":[34],"tags":[],"_links":{"self":[{"href":"https:\/\/www.praha7.cz\/api\/wp\/v2\/posts\/58632"}],"collection":[{"href":"https:\/\/www.praha7.cz\/api\/wp\/v2\/posts"}],"about":[{"href":"https:\/\/www.praha7.cz\/api\/wp\/v2\/types\/post"}],"author":[{"embeddable":true,"href":"https:\/\/www.praha7.cz\/api\/wp\/v2\/users\/5"}],"replies":[{"embeddable":true,"href":"https:\/\/www.praha7.cz\/api\/wp\/v2\/comments?post=58632"}],"version-history":[{"count":3,"href":"https:\/\/www.praha7.cz\/api\/wp\/v2\/posts\/58632\/revisions"}],"predecessor-version":[{"id":58646,"href":"https:\/\/www.praha7.cz\/api\/wp\/v2\/posts\/58632\/revisions\/58646"}],"wp:featuredmedia":[{"embeddable":true,"href":"https:\/\/www.praha7.cz\/api\/wp\/v2\/media\/58645"}],"wp:attachment":[{"href":"https:\/\/www.praha7.cz\/api\/wp\/v2\/media?parent=58632"}],"wp:term":[{"taxonomy":"category","embeddable":true,"href":"https:\/\/www.praha7.cz\/api\/wp\/v2\/categories?post=58632"},{"taxonomy":"post_tag","embeddable":true,"href":"https:\/\/www.praha7.cz\/api\/wp\/v2\/tags?post=58632"}],"curies":[{"name":"wp","href":"https:\/\/api.w.org\/{rel}","templated":true}]}}