    
{"id":58584,"date":"2022-06-22T16:31:11","date_gmt":"2022-06-22T14:31:11","guid":{"rendered":"https:\/\/www.praha7.cz\/?p=58584"},"modified":"2022-06-22T16:39:14","modified_gmt":"2022-06-22T14:39:14","slug":"pribehy-nasich-sousedu","status":"publish","type":"post","link":"https:\/\/www.praha7.cz\/pribehy-nasich-sousedu\/","title":{"rendered":"P\u0159\u00edb\u011bhy na\u0161ich soused\u016f"},"content":{"rendered":"<p>[perex]<\/p>\r\n<p><a href=\"https:\/\/www.pribehynasichsousedu.cz\/\" target=\"_blank\" rel=\"noopener\">P\u0159\u00edb\u011bhy na\u0161ich soused\u016f<\/a> je vzd\u011bl\u00e1vac\u00ed projekt neziskov\u00e9 organizace <a href=\"https:\/\/www.postbellum.cz\/\" target=\"_blank\" rel=\"noopener\">Post Bellum<\/a> pro \u017e\u00e1ky osm\u00fdch a&nbsp;dev\u00e1t\u00fdch t\u0159\u00edd Z\u0160 a&nbsp;terci\u00ed a&nbsp;kvart v\u00edcelet\u00fdch gymn\u00e1zi\u00ed. Ti maj\u00ed za \u00fakol vyzpov\u00eddat pam\u011btn\u00edka, nato\u010dit vzpom\u00ednky, digitalizovat fotografie, prozkoumat archivy a&nbsp;vytvo\u0159it rozhlasovou, televizn\u00ed nebo psanou report\u00e1\u017e \u010di dokument. Nakonec vystoup\u00ed p\u0159ed publikem a&nbsp;v\u00fdsledky sv\u00e9 pr\u00e1ce p\u0159edstav\u00ed ve\u0159ejnosti a&nbsp;odborn\u00e9 porot\u011b. Jedna z&nbsp;takov\u00fdch prezentac\u00ed se uskute\u010dn\u00ed<strong>\u00a023.&nbsp;\u010dervna 2022 od 17 hodin v&nbsp;Bio Oko<\/strong>.<\/p>\r\n<p>[\/perex]<\/p>\r\n<p>Na webov\u00fdch str\u00e1nk\u00e1ch projektu najdete v\u00edce ne\u017e dva tis\u00edce pam\u011btnick\u00fdch p\u0159\u00edb\u011bh\u016f. Letos uspo\u0159\u00e1dalo sv\u016fj prvn\u00ed ro\u010dn\u00edk projektu i&nbsp;\u010dty\u0159let\u00e9 <a href=\"https:\/\/gymnazium.pametnaroda.cz\/\" target=\"_blank\" rel=\"noopener\">Gymn\u00e1zium Pam\u011bti n\u00e1roda<\/a> (GPN) a&nbsp;s&nbsp;p\u0159\u00edb\u011bhy \u0161esti pam\u011btn\u00edk\u016f se p\u0159ipojilo ke stovk\u00e1m \u0161kol, je\u017e se na dokumentov\u00e1n\u00ed a&nbsp;p\u0159ed\u00e1v\u00e1n\u00ed zku\u0161enost\u00ed z&nbsp;generace na generaci formou \u017eivotn\u00edho p\u0159\u00edb\u011bhu pod\u00edlej\u00ed. Jednou z&nbsp;pam\u011btnic leto\u0161n\u00edho ro\u010dn\u00edku je i&nbsp;obyvatelka Sedmi\u010dky pan\u00ed Jarmila \u010cern\u00e1 (*1931), je\u017e cel\u00fd \u017eivot pracovala pro \u010cerven\u00fd k\u0159\u00ed\u017e jako \u0161kolitelka i&nbsp;zdravotnice. Aktivn\u00ed seniorka aktu\u00e1ln\u011b zp\u00edv\u00e1 ve t\u0159ech sborech.\u00a0<\/p>\r\n<p>V porot\u011b, kter\u00e1 bude hodnotit pr\u00e1ce student\u016f prvn\u00edho ro\u010dn\u00edku GPN i&nbsp;jejich v\u00fdkony na prezentaci, zasednou historik, n\u00e1m\u011bstek gener\u00e1ln\u00edho \u0159editele N\u00e1rodn\u00edho muzea a&nbsp;spoluautor podcastu <a href=\"https:\/\/prepistedejiny.cz\/\" target=\"_blank\" rel=\"noopener\">P\u0159epi\u0161te d\u011bjiny<\/a> Michal Stehl\u00edk, editor \u010cesk\u00e9ho rozhlasu Tom\u00e1\u0161 Kohout a&nbsp;Knihovnou V\u00e1clava Havla ocen\u011bn\u00e1 \u010de\u0161tin\u00e1\u0159ka z&nbsp;Gymn\u00e1zia Oty Pavla Pavl\u00edna Krupov\u00e1. Z\u00e1v\u011bre\u010dn\u00e1 prezentace se uskute\u010dn\u00ed ve \u010dtvrtek 23.&nbsp;\u010dervna od 17 hodin v&nbsp;Bio Oko. Vstup voln\u00fd.\u00a0<\/p>\r\n<a href=\"https:\/\/www.praha7.cz\/wp-content\/uploads\/2022\/06\/PNS-GPN-pozvanka.pdf\" class=\"pdfemb-viewer\" style=\"\" data-width=\"max\" data-height=\"max\"  data-toolbar=\"bottom\" data-toolbar-fixed=\"off\">PNS GPN-pozvanka<br\/><\/a>","protected":false},"excerpt":{"rendered":"[perex] P\u0159\u00edb\u011bhy na\u0161ich soused\u016f je vzd\u011bl\u00e1vac\u00ed projekt neziskov\u00e9 organizace Post Bellum pro \u017e\u00e1ky osm\u00fdch a&nbsp;dev\u00e1t\u00fdch t\u0159\u00edd Z\u0160 a&nbsp;terci\u00ed a&nbsp;kvart v\u00edcelet\u00fdch gymn\u00e1zi\u00ed. Ti maj\u00ed za \u00fakol vyzpov\u00eddat pam\u011btn\u00edka, nato\u010dit vzpom\u00ednky, digitalizovat fotografie, prozkoumat archivy a&nbsp;vytvo\u0159it rozhlasovou, televizn\u00ed nebo psanou report\u00e1\u017e \u010di dokument. Nakonec vystoup\u00ed p\u0159ed publikem a&nbsp;v\u00fdsledky sv\u00e9 pr\u00e1ce p\u0159edstav\u00ed ve\u0159ejnosti a&nbsp;odborn\u00e9 porot\u011b. Jedna z&nbsp;takov\u00fdch prezentac\u00ed [&hellip;]","protected":false},"author":251,"featured_media":58585,"comment_status":"closed","ping_status":"open","sticky":false,"template":"","format":"standard","meta":[],"categories":[34],"tags":[],"_links":{"self":[{"href":"https:\/\/www.praha7.cz\/api\/wp\/v2\/posts\/58584"}],"collection":[{"href":"https:\/\/www.praha7.cz\/api\/wp\/v2\/posts"}],"about":[{"href":"https:\/\/www.praha7.cz\/api\/wp\/v2\/types\/post"}],"author":[{"embeddable":true,"href":"https:\/\/www.praha7.cz\/api\/wp\/v2\/users\/251"}],"replies":[{"embeddable":true,"href":"https:\/\/www.praha7.cz\/api\/wp\/v2\/comments?post=58584"}],"version-history":[{"count":3,"href":"https:\/\/www.praha7.cz\/api\/wp\/v2\/posts\/58584\/revisions"}],"predecessor-version":[{"id":58589,"href":"https:\/\/www.praha7.cz\/api\/wp\/v2\/posts\/58584\/revisions\/58589"}],"wp:featuredmedia":[{"embeddable":true,"href":"https:\/\/www.praha7.cz\/api\/wp\/v2\/media\/58585"}],"wp:attachment":[{"href":"https:\/\/www.praha7.cz\/api\/wp\/v2\/media?parent=58584"}],"wp:term":[{"taxonomy":"category","embeddable":true,"href":"https:\/\/www.praha7.cz\/api\/wp\/v2\/categories?post=58584"},{"taxonomy":"post_tag","embeddable":true,"href":"https:\/\/www.praha7.cz\/api\/wp\/v2\/tags?post=58584"}],"curies":[{"name":"wp","href":"https:\/\/api.w.org\/{rel}","templated":true}]}}