    
{"id":58483,"date":"2022-06-21T16:56:21","date_gmt":"2022-06-21T14:56:21","guid":{"rendered":"https:\/\/www.praha7.cz\/?p=58483"},"modified":"2022-06-21T16:56:21","modified_gmt":"2022-06-21T14:56:21","slug":"devet-tisic-kilometru-radosti","status":"publish","type":"post","link":"https:\/\/www.praha7.cz\/devet-tisic-kilometru-radosti\/","title":{"rendered":"Dev\u011bt tis\u00edc kilometr\u016f radosti"},"content":{"rendered":"<p>V\u00a0ulic\u00edch pln\u00fdch aut popoj\u00ed\u017ed\u011bj\u00edc\u00edch z\u00a0bodu A\u00a0 do bodu B najdeme n\u011bkolik v\u00fdjimek, kter\u00e9 individu\u00e1ln\u00ed dopravu obohacuj\u00ed o\u00a0soci\u00e1ln\u00ed rozm\u011br. Od \u00fanora je jedn\u00edm z\u00a0t\u011bchto aut <a href=\"https:\/\/www.praha7.cz\/potrebuji-zaridit\/socialni-oblast\/taxikmaxik\/\">Tax\u00edk Max\u00edk<\/a>, b\u00edlo-\u017elut\u00fd logy poset\u00fd automobil, jen\u017e sedmi\u010dkov\u00e9 seniory star\u0161\u00ed 75 let a\u00a0osoby se zhor\u0161enou pohyblivost\u00ed doveze, kam pot\u0159ebuj\u00ed.<\/p>\r\n<p>Minul\u00fd rok p\u0159i\u0161el Pavel Fi\u0161ar po \u00farazu o\u00a0pr\u00e1ci a\u00a0inzer\u00e1t\u016fm na nejmenovan\u00e9 str\u00e1nce p\u0159\u00edli\u0161 nad\u011bj\u00ed ned\u00e1val, proto pro n\u011bj bylo velk\u00fdm p\u0159ekvapen\u00edm, kdy\u017e t\u011bsn\u011b p\u0159ed \u0160t\u011bdr\u00fdm dnem pr\u00e1ci z\u00edskal. \u201eByl to nejhez\u010d\u00ed d\u00e1rek, co jsem mohl dostat. Moje vedouc\u00ed Veronika Fajstavrov\u00e1 z\u00a0hole\u0161ovick\u00e9 Charity je skv\u011bl\u00e1 \u017eena, velmi si rozum\u00edme. R\u00e1d bych tady pracoval a\u017e do d\u016fchodu,\u201c dod\u00e1v\u00e1 se sm\u00edchem.<\/p>\r\n<p>\u201ePrvn\u00ed dny bylo z\u00e1kazn\u00edk\u016f pom\u00e1lu, ale \u0161u\u0161kanda mezi lidmi za\u010dala brzy fungovat. I\u00a0proto jsem pochopil, \u017ee se tu m\u00edstn\u00ed mezi sebou dob\u0159e znaj\u00ed. Ned\u00e1vno jsem to po\u010d\u00edtal a\u00a0k\u00a0\u010dervnu u\u017e to bude na 150 odvezen\u00fdch pasa\u017e\u00e9r\u016f a\u00a0dev\u011bt tis\u00edc najet\u00fdch kilometr\u016f,\u201c \u0159\u00edk\u00e1 s\u00a0\u00fasm\u011bvem na tv\u00e1\u0159i Pavel, jeho\u017e osobn\u011b najdete nejen za volantem, ale jeho hlas usly\u0161\u00edte tak\u00e9 v\u00a0telefonu, kdy\u017e si budete cht\u00edt slu\u017ebu zajistit. Lid\u00e9 ho zprvu mnohdy oslovovali Max\u00edku. Pavel vy\u0159izuje objedn\u00e1vky v\u00a0pond\u011bl\u00ed a\u00a0ve st\u0159edu od 8 do 15 hodin na \u010d\u00edsle 775&nbsp;550&nbsp;847. Av\u0161ak pokud zavol\u00e1te i\u00a0mimo tuto dobu, bude mo\u017en\u00e9 se domluvit. Pavel tak\u00e9 vytvo\u0159il pro Tax\u00edka Max\u00edka stejnojmenn\u00fd profil na <a href=\"https:\/\/www.facebook.com\/profile.php?id=100078058480910\">facebooku<\/a>, kde \u010das od \u010dasu sd\u00edl\u00ed sv\u00e9 post\u0159ehy nebo fotografie z\u00a0cest.<\/p>\r\n<p>\u201eU\u017e m\u00e1m i\u00a0st\u00e1l\u00e9 z\u00e1kazn\u00edky, kter\u00e9 pravideln\u011b voz\u00edm k\u00a0doktor\u016fm nebo na rehabilitace, a\u00a0u\u00a0nich ji\u017e t\u0159eba m\u011bs\u00edc dop\u0159edu v\u00edm, kdy je povezu. S\u00a0n\u011bkter\u00fdmi u\u017e m\u00e1m vybudovan\u00fd hezk\u00fd vztah.\u201c V\u011bt\u0161ina provozn\u00edch dn\u00ed se napln\u00ed, a\u00a0proto je nejlep\u0161\u00ed objednat si slu\u017ebu, jakmile v\u00edte, \u017ee budete cht\u00edt tax\u00edk vyu\u017e\u00edt.<\/p>\r\n<p>P\u0159esto\u017ee Pavel bydl\u00ed na H\u00e1j\u00edch, je\u00a0s\u00a0na\u0161\u00ed \u010dtvrt\u00ed ji\u017e dlouh\u00e1 l\u00e9ta propojen. Narodil se v\u00a0porodnici na \u0160tvanici a\u00a0jeho maminka i\u00a0str\u00fdc na Sedmi\u010dce mnoho let pracovali.<\/p>\r\n<p>Pavel se autodoprav\u011b v\u011bnuje ji\u017e \u0159adu let. Pracoval jako dispe\u010der dopravy nebo vedouc\u00ed dopravn\u00edho st\u0159ediska. S\u00a0itiner\u00e1\u0159em cest si proto um\u00ed poradit a\u00a0p\u0159izn\u00e1v\u00e1, \u017ee jej vym\u00fd\u0161len\u00ed tras a\u00a0kombinace cest bav\u00ed. Stejn\u011b tak ho bav\u00ed i\u00a0skute\u010dnost, \u017ee si m\u016f\u017ee s\u00a0lidmi jen tak pov\u00eddat. \u201eTo se pak \u010dlov\u011bk dozv\u00ed, \u017ee jedna pan\u00ed, kterou ob\u010das voz\u00edm, poch\u00e1z\u00ed z\u00a0kr\u00e1sn\u00e9 \u0160umavy, a\u00a0j\u00e1 j\u00ed to mohu jen potvrdit, proto\u017ee jsem tam r\u00e1d jezdil na \u010dundry.\u201c Pokud ov\u0161em \u010dek\u00e1te, \u017ee na n\u00e1sleduj\u00edc\u00edch \u0159\u00e1dc\u00edch naleznete humorn\u00e9 historky z\u00a0j\u00edzd, budete zklaman\u00ed. Pavel ct\u00ed soukrom\u00ed sv\u00fdch klient\u016f.<\/p>\r\n<p>Mrz\u00ed jej, \u017ee z\u00e1kazn\u00edci v\u011bt\u0161inou j\u00edzdy vyu\u017e\u00edvaj\u00ed jen na cesty k\u00a0doktor\u016fm. Slu\u017eba by dle n\u011bj toti\u017e m\u011bla v\u00e9st k\u00a0celkov\u00e9mu zp\u0159\u00edjemn\u011bn\u00ed \u017eivota. Za ka\u017edou jinou cestu je tak r\u00e1d \u2013 a\u0165 u\u017e se jedn\u00e1 o\u00a0zkou\u0161ky sboru, n\u00e1v\u0161t\u011bvy potomk\u016f nebo cesty ke kade\u0159n\u00edkovi do domu s\u00a0pe\u010dovatelskou slu\u017ebou v\u00a0Tusarov\u011b ulici. \u201ePodobn\u00e1 slu\u017eba by m\u011bla b\u00fdt v\u00a0ka\u017ed\u00e9 m\u011bstsk\u00e9 \u010d\u00e1sti nebo m\u011bst\u011b. Pokud se stane, \u017ee mus\u00edm n\u011bkoho bohu\u017eel odm\u00edtnout, \u010dasto se m\u011b ptaj\u00ed, zda se neuva\u017euje o\u00a0koupi dal\u0161\u00edho auta,\u201c uzav\u00edr\u00e1 pot\u011b\u0161en\u011b Pavel.\u00a0<\/p>\r\n<p>&nbsp;<\/p>","protected":false},"excerpt":{"rendered":"V\u00a0ulic\u00edch pln\u00fdch aut popoj\u00ed\u017ed\u011bj\u00edc\u00edch z\u00a0bodu A\u00a0 do bodu B najdeme n\u011bkolik v\u00fdjimek, kter\u00e9 individu\u00e1ln\u00ed dopravu obohacuj\u00ed o\u00a0soci\u00e1ln\u00ed rozm\u011br. Od \u00fanora je jedn\u00edm z\u00a0t\u011bchto aut Tax\u00edk Max\u00edk, b\u00edlo-\u017elut\u00fd logy poset\u00fd automobil, jen\u017e sedmi\u010dkov\u00e9 seniory star\u0161\u00ed 75 let a\u00a0osoby se zhor\u0161enou pohyblivost\u00ed doveze, kam pot\u0159ebuj\u00ed. Minul\u00fd rok p\u0159i\u0161el Pavel Fi\u0161ar po \u00farazu o\u00a0pr\u00e1ci a\u00a0inzer\u00e1t\u016fm na nejmenovan\u00e9 str\u00e1nce [&hellip;]","protected":false},"author":76,"featured_media":58484,"comment_status":"closed","ping_status":"open","sticky":false,"template":"","format":"standard","meta":[],"categories":[37],"tags":[],"_links":{"self":[{"href":"https:\/\/www.praha7.cz\/api\/wp\/v2\/posts\/58483"}],"collection":[{"href":"https:\/\/www.praha7.cz\/api\/wp\/v2\/posts"}],"about":[{"href":"https:\/\/www.praha7.cz\/api\/wp\/v2\/types\/post"}],"author":[{"embeddable":true,"href":"https:\/\/www.praha7.cz\/api\/wp\/v2\/users\/76"}],"replies":[{"embeddable":true,"href":"https:\/\/www.praha7.cz\/api\/wp\/v2\/comments?post=58483"}],"version-history":[{"count":2,"href":"https:\/\/www.praha7.cz\/api\/wp\/v2\/posts\/58483\/revisions"}],"predecessor-version":[{"id":58486,"href":"https:\/\/www.praha7.cz\/api\/wp\/v2\/posts\/58483\/revisions\/58486"}],"wp:featuredmedia":[{"embeddable":true,"href":"https:\/\/www.praha7.cz\/api\/wp\/v2\/media\/58484"}],"wp:attachment":[{"href":"https:\/\/www.praha7.cz\/api\/wp\/v2\/media?parent=58483"}],"wp:term":[{"taxonomy":"category","embeddable":true,"href":"https:\/\/www.praha7.cz\/api\/wp\/v2\/categories?post=58483"},{"taxonomy":"post_tag","embeddable":true,"href":"https:\/\/www.praha7.cz\/api\/wp\/v2\/tags?post=58483"}],"curies":[{"name":"wp","href":"https:\/\/api.w.org\/{rel}","templated":true}]}}