    
{"id":58472,"date":"2022-06-21T16:12:15","date_gmt":"2022-06-21T14:12:15","guid":{"rendered":"https:\/\/www.praha7.cz\/?p=58472"},"modified":"2022-06-21T16:29:25","modified_gmt":"2022-06-21T14:29:25","slug":"ukonceni-provozu-ockovaciho-centra-na-poliklinice-p7","status":"publish","type":"post","link":"https:\/\/www.praha7.cz\/ukonceni-provozu-ockovaciho-centra-na-poliklinice-p7\/","title":{"rendered":"Ukon\u010den\u00ed provozu o\u010dkovac\u00edho centra na Poliklinice P7"},"content":{"rendered":"<p>[perex]<\/p>\r\n<p>Upozor\u0148ujeme ob\u010dany, \u017ee o\u010dkov\u00e1n\u00ed proti covidu-19 na <a href=\"https:\/\/www.poliklinikaprahy7.cz\/\">Poliklinice Prahy&nbsp;7<\/a> bude dne 24.&nbsp;6.&nbsp;2022 ukon\u010deno. Z\u00e1jemci, kte\u0159\u00ed se je\u0161t\u011b cht\u011bj\u00ed nechat nao\u010dkovat, mohou p\u0159ij\u00edt ve \u010dtvrtek 23.&nbsp;6.&nbsp;od 13:00 do 16:00 do ordinace praktick\u00e9ho l\u00e9ka\u0159e ve 4.&nbsp;pat\u0159e.<\/p>\r\n<p>Kontakt: tel.: 270&nbsp;005&nbsp;666, 270&nbsp;005\u00a0668, e-mail: <a href=\"mailto:ocm@pp7.cz\">ocm@pp7.cz<\/a>, <a href=\"mailto:ockovacicentrum@pp7.cz\">ockovacicentrum@pp7.cz<\/a><\/p>\r\n<p>V\u00a0p\u0159\u00edpad\u011b pot\u0159eby, pokud si to pandemick\u00e1 situace vy\u017e\u00e1d\u00e1, je Poliklinika Prahy&nbsp;7 p\u0159ipravena provoz o\u010dkovac\u00edho centra obnovit.<\/p>\r\n<p>[\/perex]<\/p>","protected":false},"excerpt":{"rendered":"[perex] Upozor\u0148ujeme ob\u010dany, \u017ee o\u010dkov\u00e1n\u00ed proti covidu-19 na Poliklinice Prahy&nbsp;7 bude dne 24.&nbsp;6.&nbsp;2022 ukon\u010deno. Z\u00e1jemci, kte\u0159\u00ed se je\u0161t\u011b cht\u011bj\u00ed nechat nao\u010dkovat, mohou p\u0159ij\u00edt ve \u010dtvrtek 23.&nbsp;6.&nbsp;od 13:00 do 16:00 do ordinace praktick\u00e9ho l\u00e9ka\u0159e ve 4.&nbsp;pat\u0159e. Kontakt: tel.: 270&nbsp;005&nbsp;666, 270&nbsp;005\u00a0668, e-mail: ocm@pp7.cz, ockovacicentrum@pp7.cz V\u00a0p\u0159\u00edpad\u011b pot\u0159eby, pokud si to pandemick\u00e1 situace vy\u017e\u00e1d\u00e1, je Poliklinika Prahy&nbsp;7 p\u0159ipravena provoz [&hellip;]","protected":false},"author":5,"featured_media":32639,"comment_status":"closed","ping_status":"open","sticky":false,"template":"","format":"standard","meta":[],"categories":[34],"tags":[],"_links":{"self":[{"href":"https:\/\/www.praha7.cz\/api\/wp\/v2\/posts\/58472"}],"collection":[{"href":"https:\/\/www.praha7.cz\/api\/wp\/v2\/posts"}],"about":[{"href":"https:\/\/www.praha7.cz\/api\/wp\/v2\/types\/post"}],"author":[{"embeddable":true,"href":"https:\/\/www.praha7.cz\/api\/wp\/v2\/users\/5"}],"replies":[{"embeddable":true,"href":"https:\/\/www.praha7.cz\/api\/wp\/v2\/comments?post=58472"}],"version-history":[{"count":4,"href":"https:\/\/www.praha7.cz\/api\/wp\/v2\/posts\/58472\/revisions"}],"predecessor-version":[{"id":58480,"href":"https:\/\/www.praha7.cz\/api\/wp\/v2\/posts\/58472\/revisions\/58480"}],"wp:featuredmedia":[{"embeddable":true,"href":"https:\/\/www.praha7.cz\/api\/wp\/v2\/media\/32639"}],"wp:attachment":[{"href":"https:\/\/www.praha7.cz\/api\/wp\/v2\/media?parent=58472"}],"wp:term":[{"taxonomy":"category","embeddable":true,"href":"https:\/\/www.praha7.cz\/api\/wp\/v2\/categories?post=58472"},{"taxonomy":"post_tag","embeddable":true,"href":"https:\/\/www.praha7.cz\/api\/wp\/v2\/tags?post=58472"}],"curies":[{"name":"wp","href":"https:\/\/api.w.org\/{rel}","templated":true}]}}