    
{"id":58445,"date":"2022-06-21T10:36:15","date_gmt":"2022-06-21T08:36:15","guid":{"rendered":"https:\/\/www.praha7.cz\/?p=58445"},"modified":"2022-06-21T10:37:21","modified_gmt":"2022-06-21T08:37:21","slug":"den-obeti-komunistickeho-rezimu-2022","status":"publish","type":"post","link":"https:\/\/www.praha7.cz\/den-obeti-komunistickeho-rezimu-2022\/","title":{"rendered":"Den ob\u011bt\u00ed komunistick\u00e9ho re\u017eimu a&nbsp;uct\u011bn\u00ed pam\u00e1tky JUDr. Milady Hor\u00e1kov\u00e9"},"content":{"rendered":"<p>[perex]<\/p>\r\n<p>Dovolujeme si v\u00e1s pozvat na pietn\u00ed akt, kter\u00fd po\u0159\u00e1d\u00e1 m\u011bstsk\u00e1 \u010d\u00e1st Praha&nbsp;7 u&nbsp;p\u0159\u00edle\u017eitosti Dne pam\u00e1tky ob\u011bt\u00ed komunistick\u00e9ho re\u017eimu a&nbsp;k&nbsp;uct\u011bn\u00ed pam\u00e1tky JUDr. Milady Hor\u00e1kov\u00e9, dne 27.&nbsp;\u010dervna 2022 od 11 hodin u&nbsp;pam\u011btn\u00ed desky v&nbsp;ul. Milady Hor\u00e1kov\u00e9 2, Praha&nbsp;7 (Informa\u010dn\u00ed centrum M\u010c Praha&nbsp;7).<\/p>\r\n<p>[\/perex]<\/p>","protected":false},"excerpt":{"rendered":"[perex] Dovolujeme si v\u00e1s pozvat na pietn\u00ed akt, kter\u00fd po\u0159\u00e1d\u00e1 m\u011bstsk\u00e1 \u010d\u00e1st Praha&nbsp;7 u&nbsp;p\u0159\u00edle\u017eitosti Dne pam\u00e1tky ob\u011bt\u00ed komunistick\u00e9ho re\u017eimu a&nbsp;k&nbsp;uct\u011bn\u00ed pam\u00e1tky JUDr. Milady Hor\u00e1kov\u00e9, dne 27.&nbsp;\u010dervna 2022 od 11 hodin u&nbsp;pam\u011btn\u00ed desky v&nbsp;ul. Milady Hor\u00e1kov\u00e9 2, Praha&nbsp;7 (Informa\u010dn\u00ed centrum M\u010c Praha&nbsp;7). [\/perex]","protected":false},"author":251,"featured_media":58450,"comment_status":"closed","ping_status":"open","sticky":false,"template":"","format":"standard","meta":[],"categories":[34],"tags":[],"_links":{"self":[{"href":"https:\/\/www.praha7.cz\/api\/wp\/v2\/posts\/58445"}],"collection":[{"href":"https:\/\/www.praha7.cz\/api\/wp\/v2\/posts"}],"about":[{"href":"https:\/\/www.praha7.cz\/api\/wp\/v2\/types\/post"}],"author":[{"embeddable":true,"href":"https:\/\/www.praha7.cz\/api\/wp\/v2\/users\/251"}],"replies":[{"embeddable":true,"href":"https:\/\/www.praha7.cz\/api\/wp\/v2\/comments?post=58445"}],"version-history":[{"count":2,"href":"https:\/\/www.praha7.cz\/api\/wp\/v2\/posts\/58445\/revisions"}],"predecessor-version":[{"id":58448,"href":"https:\/\/www.praha7.cz\/api\/wp\/v2\/posts\/58445\/revisions\/58448"}],"wp:featuredmedia":[{"embeddable":true,"href":"https:\/\/www.praha7.cz\/api\/wp\/v2\/media\/58450"}],"wp:attachment":[{"href":"https:\/\/www.praha7.cz\/api\/wp\/v2\/media?parent=58445"}],"wp:term":[{"taxonomy":"category","embeddable":true,"href":"https:\/\/www.praha7.cz\/api\/wp\/v2\/categories?post=58445"},{"taxonomy":"post_tag","embeddable":true,"href":"https:\/\/www.praha7.cz\/api\/wp\/v2\/tags?post=58445"}],"curies":[{"name":"wp","href":"https:\/\/api.w.org\/{rel}","templated":true}]}}