    
{"id":58401,"date":"2022-06-17T16:25:29","date_gmt":"2022-06-17T14:25:29","guid":{"rendered":"https:\/\/www.praha7.cz\/?p=58401"},"modified":"2022-06-28T13:50:38","modified_gmt":"2022-06-28T11:50:38","slug":"dopravni-omezeni-pri-stavebnich-upravach-plynovodu-v-ulici-u-akademie-a-okoli","status":"publish","type":"post","link":"https:\/\/www.praha7.cz\/dopravni-omezeni-pri-stavebnich-upravach-plynovodu-v-ulici-u-akademie-a-okoli\/","title":{"rendered":"Dopravn\u00ed omezen\u00ed p\u0159i stavebn\u00edch \u00faprav\u00e1ch plynovodu v&nbsp;ulici U&nbsp;Akademie a&nbsp;okol\u00ed"},"content":{"rendered":"<p>[perex]<\/p>\r\n<p>V\u00a0pond\u011bl\u00ed 20.&nbsp;6.&nbsp;2022 budou zah\u00e1jeny stavebn\u00ed \u00fapravy plynovodu v\u00a0ul. <br \/>\r\n<strong>U Akademie<\/strong> a&nbsp;\u010d\u00e1st\u00ed p\u0159ilehl\u00fdch ulic. Tyto pr\u00e1ce, kter\u00e9 realizuje Pra\u017esk\u00e1 plyn\u00e1rensk\u00e1 Distribuce, a.s., potrvaj\u00ed v\u00a0n\u011bkolika etap\u00e1ch do 1.&nbsp;8.&nbsp;2022. Stavebn\u00ed pr\u00e1ce budou m\u00edt vliv na \u010d\u00e1ste\u010dn\u00e9 omezen\u00ed provozu a&nbsp;parkovac\u00edch z\u00f3n v\u00a0ul. U&nbsp;Akademie a&nbsp;tak\u00e9 v&nbsp;\u010d\u00e1st\u00edch ulic: <strong>Oveneck\u00e1, Mal\u00ed\u0159sk\u00e1, Socha\u0159sk\u00e1, Kamenick\u00e1 a&nbsp;Nad Kr\u00e1lovskou oborou<\/strong>.<\/p>\r\n<p>[\/perex]<\/p>\r\n<p>Pl\u00e1novan\u00e9 pr\u00e1ce jsou prov\u00e1d\u011bny v\u00a0r\u00e1mci \u0161ir\u0161\u00ed koordinace s\u00a0ostatn\u00edmi spr\u00e1vci s\u00edt\u00ed, p\u0159i\u010dem\u017e c\u00edlem je zajistit bezpe\u010dn\u00e9 a&nbsp;plynul\u00e9 dod\u00e1vky plynu nejen do t\u00e9to oblasti M\u010c Praha&nbsp;7 a&nbsp;z\u00e1rove\u0148 tak\u00e9 p\u0159ipravit podm\u00ednky pro budouc\u00ed revitalizaci dot\u010den\u00e9ho \u00fazem\u00ed.<\/p>\r\n<p>Stavebn\u00ed pr\u00e1ce budou zah\u00e1jeny v\u00a0ulici U&nbsp;Akademie a&nbsp;z\u010d\u00e1sti zas\u00e1hnou i&nbsp;do ulice Kamenick\u00e1. Zde dojde v\u00a0pr\u016fb\u011bhu v\u00fdstavby k\u00a0postupn\u00e9mu jednostrann\u00e9mu omezen\u00ed mo\u017enosti parkov\u00e1n\u00ed, p\u0159i\u010dem\u017e v\u00a0z\u00e1v\u011bre\u010dn\u00e9 f\u00e1zi t\u00e9to etapy v\u00fdstavby bude znemo\u017en\u011bn pr\u016fjezd do ulic Mal\u00ed\u0159sk\u00e1 a&nbsp;Socha\u0159sk\u00e1. S\u00a0dal\u0161\u00edm postupem prac\u00ed budou ob\u011b tyto (p\u016fvodn\u011b jednosm\u011brn\u00e9) ulice zobousm\u011brn\u011bny, co\u017e vyvol\u00e1 nutnost do\u010dasn\u00e9ho omezen\u00ed n\u011bkter\u00fdch parkovac\u00edch m\u00edst. N\u00e1sledn\u011b se stavebn\u00ed pr\u00e1ce p\u0159esunou na k\u0159i\u017eovatku ulic Nad Kr\u00e1lovskou oborou a&nbsp;Oveneck\u00e1, p\u0159i\u010dem\u017e dojde k\u00a0uzav\u0159en\u00ed pr\u016fjezdu do ulice Nad Kr\u00e1lovskou oborou. V\u00a0z\u00e1jmu zaji\u0161t\u011bn\u00ed dopravn\u00ed obslu\u017enosti bude i&nbsp;zde uplatn\u011bn obousm\u011brn\u00fd provoz s\u00a0dopadem na mo\u017enosti vyu\u017eit\u00ed parkovac\u00edch m\u00edst.<\/p>\r\n<p>Odb\u011bratel\u00e9 plynu, u&nbsp;nich\u017e p\u0159\u00edpadn\u011b dojde ke kr\u00e1tkodob\u00e9mu omezen\u00ed dod\u00e1vek, byli spol. Pra\u017esk\u00e1 plyn\u00e1rensk\u00e1 Distribuce s\u00a0p\u0159edstihem informov\u00e1ni o&nbsp;konkr\u00e9tn\u00edch term\u00ednech v\u010detn\u011b uveden\u00ed kontakt\u016f, na kter\u00e9 se mohou obr\u00e1tit s\u00a0p\u0159\u00edpadn\u00fdmi dotazy.<\/p>\r\n<p>Pro dal\u0161\u00ed informace se ob\u010dan\u00e9 mohou obracet na kontaktn\u00ed centrum spol. Pra\u017esk\u00e1 plyn\u00e1rensk\u00e1 Distribuce: <a href=\"https:\/\/www.ppdistribuce.cz\/kontaktni-formular\">Kontaktn\u00ed formul\u00e1\u0159 | PPD | V\u00e1\u0161 spolehliv\u00fd distributor plynu (ppdistribuce.cz)<\/a><\/p>\r\n<p>&nbsp;<\/p>\r\n<p>Spol. Pra\u017esk\u00e1 plyn\u00e1rensk\u00e1 Distribuce se omlouv\u00e1 za p\u0159\u00edpadn\u00e9 obt\u00ed\u017ee spojen\u00e9 s&nbsp;realizac\u00ed t\u00e9to stavby a&nbsp;p\u0159edem d\u011bkuje za poskytnut\u00ed nezbytn\u00e9 sou\u010dinnosti.<\/p>\r\n<p>&nbsp;<\/p>\r\n<h3><strong><a href=\"https:\/\/www.praha7.cz\/wp-content\/uploads\/2022\/06\/Pha7_UAkademia_etapizace.png\">ETAPIZACE PRAC\u00cd<\/a><\/strong><\/h3>","protected":false},"excerpt":{"rendered":"[perex] V\u00a0pond\u011bl\u00ed 20.&nbsp;6.&nbsp;2022 budou zah\u00e1jeny stavebn\u00ed \u00fapravy plynovodu v\u00a0ul. U&nbsp;Akademie a&nbsp;\u010d\u00e1st\u00ed p\u0159ilehl\u00fdch ulic. Tyto pr\u00e1ce, kter\u00e9 realizuje Pra\u017esk\u00e1 plyn\u00e1rensk\u00e1 Distribuce, a.s., potrvaj\u00ed v\u00a0n\u011bkolika etap\u00e1ch do 1.&nbsp;8.&nbsp;2022. Stavebn\u00ed pr\u00e1ce budou m\u00edt vliv na \u010d\u00e1ste\u010dn\u00e9 omezen\u00ed provozu a&nbsp;parkovac\u00edch z\u00f3n v\u00a0ul. U&nbsp;Akademie a&nbsp;tak\u00e9 v&nbsp;\u010d\u00e1st\u00edch ulic: Oveneck\u00e1, Mal\u00ed\u0159sk\u00e1, Socha\u0159sk\u00e1, Kamenick\u00e1 a&nbsp;Nad Kr\u00e1lovskou oborou. [\/perex] Pl\u00e1novan\u00e9 pr\u00e1ce jsou prov\u00e1d\u011bny [&hellip;]","protected":false},"author":5,"featured_media":58402,"comment_status":"closed","ping_status":"open","sticky":false,"template":"","format":"standard","meta":[],"categories":[34],"tags":[],"_links":{"self":[{"href":"https:\/\/www.praha7.cz\/api\/wp\/v2\/posts\/58401"}],"collection":[{"href":"https:\/\/www.praha7.cz\/api\/wp\/v2\/posts"}],"about":[{"href":"https:\/\/www.praha7.cz\/api\/wp\/v2\/types\/post"}],"author":[{"embeddable":true,"href":"https:\/\/www.praha7.cz\/api\/wp\/v2\/users\/5"}],"replies":[{"embeddable":true,"href":"https:\/\/www.praha7.cz\/api\/wp\/v2\/comments?post=58401"}],"version-history":[{"count":6,"href":"https:\/\/www.praha7.cz\/api\/wp\/v2\/posts\/58401\/revisions"}],"predecessor-version":[{"id":58409,"href":"https:\/\/www.praha7.cz\/api\/wp\/v2\/posts\/58401\/revisions\/58409"}],"wp:featuredmedia":[{"embeddable":true,"href":"https:\/\/www.praha7.cz\/api\/wp\/v2\/media\/58402"}],"wp:attachment":[{"href":"https:\/\/www.praha7.cz\/api\/wp\/v2\/media?parent=58401"}],"wp:term":[{"taxonomy":"category","embeddable":true,"href":"https:\/\/www.praha7.cz\/api\/wp\/v2\/categories?post=58401"},{"taxonomy":"post_tag","embeddable":true,"href":"https:\/\/www.praha7.cz\/api\/wp\/v2\/tags?post=58401"}],"curies":[{"name":"wp","href":"https:\/\/api.w.org\/{rel}","templated":true}]}}