    
{"id":58385,"date":"2022-06-17T11:15:35","date_gmt":"2022-06-17T09:15:35","guid":{"rendered":"https:\/\/www.praha7.cz\/?p=58385"},"modified":"2022-06-17T11:15:35","modified_gmt":"2022-06-17T09:15:35","slug":"rajcatka-z-vlastni-zahradky-v-dome-s-pecovatelskou-sluzbou","status":"publish","type":"post","link":"https:\/\/www.praha7.cz\/rajcatka-z-vlastni-zahradky-v-dome-s-pecovatelskou-sluzbou\/","title":{"rendered":"Raj\u010d\u00e1tka z&nbsp;vlastn\u00ed zahr\u00e1dky v&nbsp;dom\u011b s&nbsp;pe\u010dovatelskou slu\u017ebou"},"content":{"rendered":"<p>[perex]<\/p>\r\n<p>Vyp\u011bstovat si vlastn\u00ed ovoce nebo zeleninu p\u0159\u00edmo u&nbsp;sv\u00e9ho bydli\u0161t\u011b zatou\u017eilo b\u011bhem covidu n\u011bkolik seniorek z\u00a0domu s\u00a0pe\u010dovatelskou slu\u017ebou. Nakoupily si sazeni\u010dky raj\u010dat, jahod a&nbsp;bylinek a&nbsp;vysadily je na zahradu. Abychom jim p\u011bstov\u00e1n\u00ed zp\u0159\u00edjemnili, po\u0159\u00eddili jsme jim v\u00a0r\u00e1mci projektu\u00a0Komunitn\u00ed Praha&nbsp;7\u00a0vyv\u00fd\u0161en\u00e9 z\u00e1hony. Mohou tak pe\u010dovat o&nbsp;rostlinky, ani\u017e by se musely sh\u00fdbat. Dos\u00e1hnou na n\u011b pohodln\u011b z\u00a0\u017eidle i&nbsp;voz\u00edku. Letos zasadily krom\u011b raj\u010dat a&nbsp;jahod tak\u00e9 mrkev, okurku, hr\u00e1\u0161ek, cibulku, petr\u017eelku nebo cuketu. Slupky ze zeleniny a&nbsp;dal\u0161\u00ed rostlinn\u00fd odpad na\u0161ly sv\u00e9 m\u00edsto a&nbsp;dal\u0161\u00ed u\u017eitek v\u00a0nov\u00e9m d\u0159ev\u011bn\u00e9m kompost\u00e9ru. P\u0159\u00ed\u0161t\u00ed rok z\u00a0toho bude kvalitn\u00ed na miner\u00e1ly bohat\u00e1 zemina. Ta a\u0165 to p\u011bkn\u011b roste!<\/p>\r\n<p>[\/perex]<\/p>","protected":false},"excerpt":{"rendered":"[perex] Vyp\u011bstovat si vlastn\u00ed ovoce nebo zeleninu p\u0159\u00edmo u&nbsp;sv\u00e9ho bydli\u0161t\u011b zatou\u017eilo b\u011bhem covidu n\u011bkolik seniorek z\u00a0domu s\u00a0pe\u010dovatelskou slu\u017ebou. Nakoupily si sazeni\u010dky raj\u010dat, jahod a&nbsp;bylinek a&nbsp;vysadily je na zahradu. Abychom jim p\u011bstov\u00e1n\u00ed zp\u0159\u00edjemnili, po\u0159\u00eddili jsme jim v\u00a0r\u00e1mci projektu\u00a0Komunitn\u00ed Praha&nbsp;7\u00a0vyv\u00fd\u0161en\u00e9 z\u00e1hony. Mohou tak pe\u010dovat o&nbsp;rostlinky, ani\u017e by se musely sh\u00fdbat. Dos\u00e1hnou na n\u011b pohodln\u011b z\u00a0\u017eidle i&nbsp;voz\u00edku. Letos [&hellip;]","protected":false},"author":5,"featured_media":58386,"comment_status":"closed","ping_status":"open","sticky":false,"template":"","format":"standard","meta":[],"categories":[34],"tags":[],"_links":{"self":[{"href":"https:\/\/www.praha7.cz\/api\/wp\/v2\/posts\/58385"}],"collection":[{"href":"https:\/\/www.praha7.cz\/api\/wp\/v2\/posts"}],"about":[{"href":"https:\/\/www.praha7.cz\/api\/wp\/v2\/types\/post"}],"author":[{"embeddable":true,"href":"https:\/\/www.praha7.cz\/api\/wp\/v2\/users\/5"}],"replies":[{"embeddable":true,"href":"https:\/\/www.praha7.cz\/api\/wp\/v2\/comments?post=58385"}],"version-history":[{"count":1,"href":"https:\/\/www.praha7.cz\/api\/wp\/v2\/posts\/58385\/revisions"}],"predecessor-version":[{"id":58387,"href":"https:\/\/www.praha7.cz\/api\/wp\/v2\/posts\/58385\/revisions\/58387"}],"wp:featuredmedia":[{"embeddable":true,"href":"https:\/\/www.praha7.cz\/api\/wp\/v2\/media\/58386"}],"wp:attachment":[{"href":"https:\/\/www.praha7.cz\/api\/wp\/v2\/media?parent=58385"}],"wp:term":[{"taxonomy":"category","embeddable":true,"href":"https:\/\/www.praha7.cz\/api\/wp\/v2\/categories?post=58385"},{"taxonomy":"post_tag","embeddable":true,"href":"https:\/\/www.praha7.cz\/api\/wp\/v2\/tags?post=58385"}],"curies":[{"name":"wp","href":"https:\/\/api.w.org\/{rel}","templated":true}]}}