    
{"id":58275,"date":"2022-06-10T13:02:32","date_gmt":"2022-06-10T11:02:32","guid":{"rendered":"https:\/\/www.praha7.cz\/?p=58275"},"modified":"2022-06-10T13:02:32","modified_gmt":"2022-06-10T11:02:32","slug":"vystava-lucie-kralikove-nechat-se-splest","status":"publish","type":"post","link":"https:\/\/www.praha7.cz\/vystava-lucie-kralikove-nechat-se-splest\/","title":{"rendered":"V\u00fdstava Lucie Kr\u00e1l\u00edkov\u00e9 \u2013 Nechat se spl\u00e9st"},"content":{"rendered":"<p>[perex]<\/p>\r\n<p>M\u011bstsk\u00e1 \u010d\u00e1st Praha&nbsp;7 v\u00e1s srde\u010dn\u011b zve na v\u00fdstavu mlad\u00e9 um\u011blkyn\u011b Lucie Kr\u00e1l\u00edkov\u00e9 s&nbsp;n\u00e1zvem Nechat se spl\u00e9st. Vernis\u00e1\u017e v\u00fdstavy se uskute\u010dn\u00ed v&nbsp;\u00fater\u00fd 14.&nbsp;\u010dervna 2022 v&nbsp;16.30 hodin v&nbsp;<a href=\"https:\/\/www.praha7.cz\/temata\/art-district-7\/galerie-na-milade\/\">Galerii na Milad\u011b<\/a> (Informa\u010dn\u00ed centrum, M. Hor\u00e1kov\u00e9 2). V\u00fdstava sou\u010dasn\u011b pokra\u010duje ve v\u00fdloze uli\u010dn\u00ed galerie Polikliniky Prahy&nbsp;7, potrv\u00e1 do 2.&nbsp;z\u00e1\u0159\u00ed 2022 a&nbsp;vstup na n\u00ed je voln\u00fd.<\/p>\r\n<p>[\/perex]<\/p>\r\n<p>Lucie Kr\u00e1l\u00edkov\u00e1 je studentkou \u010dtvrt\u00e9ho ro\u010dn\u00edku malby na pra\u017esk\u00e9 AVU v&nbsp;ateli\u00e9ru Marka Meduny a&nbsp;Petra Duba. Ve sv\u00e9 tvorb\u011b se v\u0161ak nezab\u00fdv\u00e1 pouze malbou, ale rovn\u011b\u017e experimentov\u00e1n\u00edm s&nbsp;prostorem a&nbsp;jin\u00fdmi technikami, s&nbsp;nimi\u017e m\u016f\u017ee d\u00e1l pracovat a&nbsp;zkou\u0161et jejich hranice. V&nbsp;sou\u010dasn\u00e9 dob\u011b se nejv\u00edce v\u011bnuje drh\u00e1n\u00ed, kter\u00e9 ji nau\u010dila babi\u010dka. V&nbsp;instalaci se Lucie Kr\u00e1l\u00edkov\u00e1 p\u0159edstavuje jako autorka, je\u017e se sna\u017e\u00ed do sv\u00fdch d\u011bl vkl\u00e1dat vlastn\u00ed z\u00e1\u017eitky a&nbsp;skrze n\u011b p\u0159en\u00e1\u0161et pozitivn\u00ed emoce.<\/p>","protected":false},"excerpt":{"rendered":"[perex] M\u011bstsk\u00e1 \u010d\u00e1st Praha&nbsp;7 v\u00e1s srde\u010dn\u011b zve na v\u00fdstavu mlad\u00e9 um\u011blkyn\u011b Lucie Kr\u00e1l\u00edkov\u00e9 s&nbsp;n\u00e1zvem Nechat se spl\u00e9st. Vernis\u00e1\u017e v\u00fdstavy se uskute\u010dn\u00ed v&nbsp;\u00fater\u00fd 14.&nbsp;\u010dervna 2022 v&nbsp;16.30 hodin v&nbsp;Galerii na Milad\u011b (Informa\u010dn\u00ed centrum, M. Hor\u00e1kov\u00e9 2). V\u00fdstava sou\u010dasn\u011b pokra\u010duje ve v\u00fdloze uli\u010dn\u00ed galerie Polikliniky Prahy&nbsp;7, potrv\u00e1 do 2.&nbsp;z\u00e1\u0159\u00ed 2022 a&nbsp;vstup na n\u00ed je voln\u00fd. [\/perex] Lucie Kr\u00e1l\u00edkov\u00e1 [&hellip;]","protected":false},"author":76,"featured_media":58280,"comment_status":"closed","ping_status":"open","sticky":false,"template":"","format":"standard","meta":[],"categories":[34],"tags":[],"_links":{"self":[{"href":"https:\/\/www.praha7.cz\/api\/wp\/v2\/posts\/58275"}],"collection":[{"href":"https:\/\/www.praha7.cz\/api\/wp\/v2\/posts"}],"about":[{"href":"https:\/\/www.praha7.cz\/api\/wp\/v2\/types\/post"}],"author":[{"embeddable":true,"href":"https:\/\/www.praha7.cz\/api\/wp\/v2\/users\/76"}],"replies":[{"embeddable":true,"href":"https:\/\/www.praha7.cz\/api\/wp\/v2\/comments?post=58275"}],"version-history":[{"count":4,"href":"https:\/\/www.praha7.cz\/api\/wp\/v2\/posts\/58275\/revisions"}],"predecessor-version":[{"id":58286,"href":"https:\/\/www.praha7.cz\/api\/wp\/v2\/posts\/58275\/revisions\/58286"}],"wp:featuredmedia":[{"embeddable":true,"href":"https:\/\/www.praha7.cz\/api\/wp\/v2\/media\/58280"}],"wp:attachment":[{"href":"https:\/\/www.praha7.cz\/api\/wp\/v2\/media?parent=58275"}],"wp:term":[{"taxonomy":"category","embeddable":true,"href":"https:\/\/www.praha7.cz\/api\/wp\/v2\/categories?post=58275"},{"taxonomy":"post_tag","embeddable":true,"href":"https:\/\/www.praha7.cz\/api\/wp\/v2\/tags?post=58275"}],"curies":[{"name":"wp","href":"https:\/\/api.w.org\/{rel}","templated":true}]}}