    
{"id":58267,"date":"2022-06-10T11:05:35","date_gmt":"2022-06-10T09:05:35","guid":{"rendered":"https:\/\/www.praha7.cz\/?p=58267"},"modified":"2022-06-10T13:04:15","modified_gmt":"2022-06-10T11:04:15","slug":"svet-knihy-2022-na-vystavisti","status":"publish","type":"post","link":"https:\/\/www.praha7.cz\/svet-knihy-2022-na-vystavisti\/","title":{"rendered":"Sv\u011bt knihy 2022 na V\u00fdstavi\u0161ti"},"content":{"rendered":"<p>[perex]<\/p>\r\n<p>Mezin\u00e1rodn\u00ed kni\u017en\u00ed veletrh a&nbsp;liter\u00e1rn\u00ed festival <a href=\"https:\/\/www.svetknihy.cz\/\">Sv\u011bt knihy Praha<\/a> 2022 p\u0159iv\u00edtal v\u010dera prvn\u00ed n\u00e1v\u0161t\u011bvn\u00edky. Dvac\u00e1t\u00fd sedm\u00fd ro\u010dn\u00edk t\u00e9to v\u00fdznamn\u00e9 kulturn\u00ed ud\u00e1losti prob\u00edh\u00e1 a\u017e do ned\u011ble 12.&nbsp;\u010dervna 2022 na V\u00fdstavi\u0161ti, tentokr\u00e1t v\u00a0hal\u00e1ch a&nbsp;stanech na Bruselsk\u00e9 cest\u011b a&nbsp;za K\u0159i\u017e\u00edkov\u00fdmi pavilony. Sv\u011bta knihy se z\u00fa\u010dastn\u00ed 416 vystavovatel\u016f a&nbsp;746 \u00fa\u010dinkuj\u00edc\u00edch ze 33 zem\u00ed a&nbsp;region\u016f.<\/p>\r\n<p>[\/perex]<\/p>\r\n<p>Pro n\u00e1v\u0161t\u011bvn\u00edky je p\u0159ipraven nabit\u00fd program. D\u011btsk\u00e9 \u010dten\u00e1\u0159stv\u00ed podpo\u0159\u00ed inspirativn\u00ed nab\u00eddka pavilonu Rosteme s\u00a0knihou (VP002), samostatn\u00fd veletr\u017en\u00ed st\u00e1nek m\u00e1 Ukrajina, najdete ho v\u00a0hale B \u2013 HB513, a&nbsp;nezapome\u0148te se zastavit ve Stanu mal\u00fdch nakladatel\u016f. \u010cestn\u00fdm hostem leto\u0161n\u00edho ro\u010dn\u00edku je It\u00e1lie. Sv\u011bt knihy 2022 prov\u00e1z\u00ed motto p\u0159evzat\u00e9 od v\u00fdznamn\u00e9ho italsk\u00e9ho myslitele Umberta Eca: \u201e\u017dijeme pro knihy a&nbsp;je to sladk\u00e9 posl\u00e1n\u00ed ve sv\u011bt\u011b upadaj\u00edc\u00edm a&nbsp;zm\u00edtan\u00e9m nepo\u0159\u00e1dkem.\u201c<\/p>\r\n<p>Ve\u0161ker\u00e9 informace najdete <a href=\"https:\/\/www.svetknihy.cz\/?fbclid=IwAR1yzlpha4UNWU9cttPihKzfVRk3qHtOBTaKLxNemWsD3uv9KxHG2yGA9UY\" target=\"_blank\" rel=\"noopener\">na str\u00e1nk\u00e1ch Sv\u011bta knihy<\/a>.<\/p>\r\n<p><img loading=\"lazy\" src=\"https:\/\/www.praha7.cz\/wp-content\/uploads\/2022\/06\/SvetknihyPraha2022_planek.jpg\" alt=\"\" width=\"2256\" height=\"3247\" class=\"alignnone wp-image-58269 size-full\" srcset=\"https:\/\/www.praha7.cz\/wp-content\/uploads\/2022\/06\/SvetknihyPraha2022_planek.jpg 2256w, https:\/\/www.praha7.cz\/wp-content\/uploads\/2022\/06\/SvetknihyPraha2022_planek-278x400.jpg 278w, https:\/\/www.praha7.cz\/wp-content\/uploads\/2022\/06\/SvetknihyPraha2022_planek-768x1105.jpg 768w, https:\/\/www.praha7.cz\/wp-content\/uploads\/2022\/06\/SvetknihyPraha2022_planek-695x1000.jpg 695w\" sizes=\"(max-width: 2256px) 100vw, 2256px\" \/><\/p>\r\n<h3>Sv\u011bt knihy Praha 2022 v&nbsp;\u010d\u00edslech:<\/h3>\r\n<p><strong>Veletrh:<\/strong><\/p>\r\n<ul>\r\n\t<li>Po\u010det vystavovatel\u016f: 416<\/li>\r\n\t<li>Po\u010det expozic: 165<\/li>\r\n\t<li>V\u00fdstavn\u00ed plocha: 3046&nbsp;m<sup>2<\/sup><\/li>\r\n<\/ul>\r\n<p><strong>Liter\u00e1rn\u00ed festival:<\/strong><\/p>\r\n<ul>\r\n\t<li>Po\u010det \u00fa\u010dinkuj\u00edc\u00edch: 746<\/li>\r\n\t<li>Po\u010det program\u016f: 464<\/li>\r\n\t<li>Po\u010det v\u00fdstav: 9<\/li>\r\n<\/ul>\r\n<p><strong>Z\u00fa\u010dastn\u011bn\u00e9 zem\u011b a&nbsp;regiony<\/strong> (vystavuj\u00edc\u00ed a&nbsp;zapojen\u00e9 do programu): Argentina, Belgie, Bulharsko, \u010cesk\u00e1 republika, D\u00e1nsko, Finsko, Francie, Hongkong, Island, It\u00e1lie, Izrael, Kanada, Loty\u0161sko, Lucembursko, Ma\u010farsko, N\u011bmecko, Nig\u00e9rie, Nizozemsko, Norsko, Polsko, Portugalsko, Rakousko, Rumunsko, \u0158ecko, Slovensko, Srbsko, \u0160pan\u011blsko, \u0160v\u00e9dsko, \u0160v\u00fdcarsko, Tchaj-wan, Ukrajina, USA, Velk\u00e1 Brit\u00e1nie<\/p>","protected":false},"excerpt":{"rendered":"[perex] Mezin\u00e1rodn\u00ed kni\u017en\u00ed veletrh a&nbsp;liter\u00e1rn\u00ed festival Sv\u011bt knihy Praha 2022 p\u0159iv\u00edtal v\u010dera prvn\u00ed n\u00e1v\u0161t\u011bvn\u00edky. Dvac\u00e1t\u00fd sedm\u00fd ro\u010dn\u00edk t\u00e9to v\u00fdznamn\u00e9 kulturn\u00ed ud\u00e1losti prob\u00edh\u00e1 a\u017e do ned\u011ble 12.&nbsp;\u010dervna 2022 na V\u00fdstavi\u0161ti, tentokr\u00e1t v\u00a0hal\u00e1ch a&nbsp;stanech na Bruselsk\u00e9 cest\u011b a&nbsp;za K\u0159i\u017e\u00edkov\u00fdmi pavilony. Sv\u011bta knihy se z\u00fa\u010dastn\u00ed 416 vystavovatel\u016f a&nbsp;746 \u00fa\u010dinkuj\u00edc\u00edch ze 33 zem\u00ed a&nbsp;region\u016f. [\/perex] Pro n\u00e1v\u0161t\u011bvn\u00edky je p\u0159ipraven [&hellip;]","protected":false},"author":251,"featured_media":58268,"comment_status":"closed","ping_status":"open","sticky":false,"template":"","format":"standard","meta":[],"categories":[34],"tags":[],"_links":{"self":[{"href":"https:\/\/www.praha7.cz\/api\/wp\/v2\/posts\/58267"}],"collection":[{"href":"https:\/\/www.praha7.cz\/api\/wp\/v2\/posts"}],"about":[{"href":"https:\/\/www.praha7.cz\/api\/wp\/v2\/types\/post"}],"author":[{"embeddable":true,"href":"https:\/\/www.praha7.cz\/api\/wp\/v2\/users\/251"}],"replies":[{"embeddable":true,"href":"https:\/\/www.praha7.cz\/api\/wp\/v2\/comments?post=58267"}],"version-history":[{"count":2,"href":"https:\/\/www.praha7.cz\/api\/wp\/v2\/posts\/58267\/revisions"}],"predecessor-version":[{"id":58283,"href":"https:\/\/www.praha7.cz\/api\/wp\/v2\/posts\/58267\/revisions\/58283"}],"wp:featuredmedia":[{"embeddable":true,"href":"https:\/\/www.praha7.cz\/api\/wp\/v2\/media\/58268"}],"wp:attachment":[{"href":"https:\/\/www.praha7.cz\/api\/wp\/v2\/media?parent=58267"}],"wp:term":[{"taxonomy":"category","embeddable":true,"href":"https:\/\/www.praha7.cz\/api\/wp\/v2\/categories?post=58267"},{"taxonomy":"post_tag","embeddable":true,"href":"https:\/\/www.praha7.cz\/api\/wp\/v2\/tags?post=58267"}],"curies":[{"name":"wp","href":"https:\/\/api.w.org\/{rel}","templated":true}]}}