    
{"id":58248,"date":"2022-06-09T16:02:27","date_gmt":"2022-06-09T14:02:27","guid":{"rendered":"https:\/\/www.praha7.cz\/?p=58248"},"modified":"2022-06-13T12:43:48","modified_gmt":"2022-06-13T10:43:48","slug":"docasne-preruseni-provozu-metra-v-useku-vltavska-hlavni-nadrazi","status":"publish","type":"post","link":"https:\/\/www.praha7.cz\/docasne-preruseni-provozu-metra-v-useku-vltavska-hlavni-nadrazi\/","title":{"rendered":"Do\u010dasn\u00e9 p\u0159eru\u0161en\u00ed provozu metra v&nbsp;\u00faseku Vltavsk\u00e1 \u2013 Hlavn\u00ed n\u00e1dra\u017e\u00ed"},"content":{"rendered":"<p>[perex]<\/p>\r\n<p>Z d\u016fvodu rekonstrukce stropn\u00ed desky ve stanici Florenc doch\u00e1z\u00ed <strong>od soboty 11.&nbsp;\u010dervna 2022 od 4.30 do ned\u011ble 12.&nbsp;\u010dervna 2022 do 23.59 <\/strong>(do ukon\u010den\u00ed provozu)\u00a0k do\u010dasn\u00e9mu p\u0159eru\u0161en\u00ed provozu metra v&nbsp;\u00faseku Vltavsk\u00e1 \u2013 Hlavn\u00ed n\u00e1dra\u017e\u00ed.<\/p>\r\n<p>[\/perex]<\/p>\r\n<p><strong>N\u00e1hradn\u00ed tramvajov\u00e1 doprava (v&nbsp;denn\u00edm provozu)<\/strong><br \/>\r\nZavedeny jsou linky:<\/p>\r\n<p><strong>XC<\/strong>\u00a0v trase\u00a0Hlavn\u00ed n\u00e1dra\u017e\u00ed\u00a0(v&nbsp;Opletalov\u011b ulici) \u2013\u00a0Masarykovo n\u00e1dra\u017e\u00ed \u2013 B\u00edl\u00e1 labu\u0165 \u2013 Vltavsk\u00e1\u00a0(na p\u0159edmost\u00ed Hl\u00e1vkova mostu) \u2013\u00a0Strossmayerovo n\u00e1m\u011bst\u00ed \u2013 V\u00fdstavi\u0161t\u011b.<br \/>\r\n<br \/>\r\n<strong>Linka\u00a036<\/strong>\u00a0v trase\u00a0Zvona\u0159ka \u2013 I. P. Pavlova \u2013 Karlovo n\u00e1m\u011bst\u00ed \u2013 V\u00e1clavsk\u00e9 n\u00e1m\u011bst\u00ed \u2013 Masarykovo n\u00e1dra\u017e\u00ed \u2013 B\u00edl\u00e1 labu\u0165 \u2013 Vltavsk\u00e1\u00a0(na p\u0159edmost\u00ed Hl\u00e1vkova mostu) \u2013\u00a0V\u00fdstavi\u0161t\u011b \u2013 N\u00e1dra\u017e\u00ed Hole\u0161ovice \u2013 Kobylisy \u2013 L\u00e1dv\u00ed \u2013 S\u00eddli\u0161t\u011b \u010e\u00e1blice\u00a0(v&nbsp;\u00faseku Kobylisy \u2013 S\u00eddli\u0161t\u011b \u010e\u00e1blice pouze vybran\u00e9 spoje).<\/p>\r\n<p>Pro oba sm\u011bry se z\u0159izuj\u00ed zast\u00e1vky\u00a0Vltavsk\u00e1\u00a0na p\u0159edmost\u00ed Hl\u00e1vkova mostu a&nbsp;Hlavn\u00ed n\u00e1dra\u017e\u00ed v&nbsp;Opletalov\u011b ulici.<\/p>\r\n<p>Informa\u010dn\u00ed let\u00e1k <a href=\"https:\/\/www.praha7.cz\/wp-content\/uploads\/2022\/06\/Metro_C_A3_11_6-12_6.pdf\" target=\"_blank\" rel=\"noopener\">ke sta\u017een\u00ed<\/a>.<\/p>\r\n<p>Aktu\u00e1ln\u00ed informace na <a href=\"https:\/\/www.dpp.cz\/omezeni-a-mimoradne-udalosti\/detail\/13162\" target=\"_blank\" rel=\"noopener\">str\u00e1nk\u00e1ch DPP<\/a>.<\/p>","protected":false},"excerpt":{"rendered":"[perex] Z&nbsp;d\u016fvodu rekonstrukce stropn\u00ed desky ve stanici Florenc doch\u00e1z\u00ed od soboty 11.&nbsp;\u010dervna 2022 od 4.30 do ned\u011ble 12.&nbsp;\u010dervna 2022 do 23.59 (do ukon\u010den\u00ed provozu)\u00a0k do\u010dasn\u00e9mu p\u0159eru\u0161en\u00ed provozu metra v&nbsp;\u00faseku Vltavsk\u00e1 \u2013 Hlavn\u00ed n\u00e1dra\u017e\u00ed. [\/perex] N\u00e1hradn\u00ed tramvajov\u00e1 doprava (v&nbsp;denn\u00edm provozu) Zavedeny jsou linky: XC\u00a0v trase\u00a0Hlavn\u00ed n\u00e1dra\u017e\u00ed\u00a0(v&nbsp;Opletalov\u011b ulici) \u2013\u00a0Masarykovo n\u00e1dra\u017e\u00ed \u2013 B\u00edl\u00e1 labu\u0165 \u2013 Vltavsk\u00e1\u00a0(na p\u0159edmost\u00ed [&hellip;]","protected":false},"author":251,"featured_media":29528,"comment_status":"closed","ping_status":"open","sticky":false,"template":"","format":"standard","meta":[],"categories":[34],"tags":[],"_links":{"self":[{"href":"https:\/\/www.praha7.cz\/api\/wp\/v2\/posts\/58248"}],"collection":[{"href":"https:\/\/www.praha7.cz\/api\/wp\/v2\/posts"}],"about":[{"href":"https:\/\/www.praha7.cz\/api\/wp\/v2\/types\/post"}],"author":[{"embeddable":true,"href":"https:\/\/www.praha7.cz\/api\/wp\/v2\/users\/251"}],"replies":[{"embeddable":true,"href":"https:\/\/www.praha7.cz\/api\/wp\/v2\/comments?post=58248"}],"version-history":[{"count":5,"href":"https:\/\/www.praha7.cz\/api\/wp\/v2\/posts\/58248\/revisions"}],"predecessor-version":[{"id":58261,"href":"https:\/\/www.praha7.cz\/api\/wp\/v2\/posts\/58248\/revisions\/58261"}],"wp:featuredmedia":[{"embeddable":true,"href":"https:\/\/www.praha7.cz\/api\/wp\/v2\/media\/29528"}],"wp:attachment":[{"href":"https:\/\/www.praha7.cz\/api\/wp\/v2\/media?parent=58248"}],"wp:term":[{"taxonomy":"category","embeddable":true,"href":"https:\/\/www.praha7.cz\/api\/wp\/v2\/categories?post=58248"},{"taxonomy":"post_tag","embeddable":true,"href":"https:\/\/www.praha7.cz\/api\/wp\/v2\/tags?post=58248"}],"curies":[{"name":"wp","href":"https:\/\/api.w.org\/{rel}","templated":true}]}}