    
{"id":58243,"date":"2022-06-09T09:45:37","date_gmt":"2022-06-09T07:45:37","guid":{"rendered":"https:\/\/www.praha7.cz\/?p=58243"},"modified":"2022-06-09T09:46:59","modified_gmt":"2022-06-09T07:46:59","slug":"uplna-nocni-uzavera-letenskeho-tunelu","status":"publish","type":"post","link":"https:\/\/www.praha7.cz\/uplna-nocni-uzavera-letenskeho-tunelu\/","title":{"rendered":"\u00dapln\u00e1 no\u010dn\u00ed uz\u00e1v\u011bra Letensk\u00e9ho tunelu"},"content":{"rendered":"<p>[perex]<\/p>\r\n<p><strong>Od \u010dtvrtka<\/strong> <strong>9.&nbsp;6.&nbsp;2022 od 23.00 do p\u00e1tku 10.&nbsp;6.&nbsp;2022&nbsp;5.00<\/strong> prob\u011bhne myt\u00ed Letensk\u00e9ho tunelu. Tunel bude \u00fapln\u011b uzav\u0159en.<\/p>\r\n<p>Doporu\u010den\u00e1 obj\u00edzdn\u00e1 trasa: ulice Milady Hor\u00e1kov\u00e9, Veletr\u017en\u00ed, Dukelsk\u00fdch Hrdin\u016f, n\u00e1b\u0159e\u017e\u00ed Kapit\u00e1na Jaro\u0161e.<\/p>\r\n<p>D\u011bkujeme za pochopen\u00ed.<\/p>\r\n<p>[\/perex]<\/p>\r\n<p>&nbsp;<\/p>","protected":false},"excerpt":{"rendered":"[perex] Od \u010dtvrtka 9.&nbsp;6.&nbsp;2022 od 23.00 do p\u00e1tku 10.&nbsp;6.&nbsp;2022&nbsp;5.00 prob\u011bhne myt\u00ed Letensk\u00e9ho tunelu. Tunel bude \u00fapln\u011b uzav\u0159en. Doporu\u010den\u00e1 obj\u00edzdn\u00e1 trasa: ulice Milady Hor\u00e1kov\u00e9, Veletr\u017en\u00ed, Dukelsk\u00fdch Hrdin\u016f, n\u00e1b\u0159e\u017e\u00ed Kapit\u00e1na Jaro\u0161e. D\u011bkujeme za pochopen\u00ed. [\/perex] &nbsp;","protected":false},"author":251,"featured_media":15597,"comment_status":"closed","ping_status":"open","sticky":false,"template":"","format":"standard","meta":[],"categories":[34],"tags":[],"_links":{"self":[{"href":"https:\/\/www.praha7.cz\/api\/wp\/v2\/posts\/58243"}],"collection":[{"href":"https:\/\/www.praha7.cz\/api\/wp\/v2\/posts"}],"about":[{"href":"https:\/\/www.praha7.cz\/api\/wp\/v2\/types\/post"}],"author":[{"embeddable":true,"href":"https:\/\/www.praha7.cz\/api\/wp\/v2\/users\/251"}],"replies":[{"embeddable":true,"href":"https:\/\/www.praha7.cz\/api\/wp\/v2\/comments?post=58243"}],"version-history":[{"count":2,"href":"https:\/\/www.praha7.cz\/api\/wp\/v2\/posts\/58243\/revisions"}],"predecessor-version":[{"id":58245,"href":"https:\/\/www.praha7.cz\/api\/wp\/v2\/posts\/58243\/revisions\/58245"}],"wp:featuredmedia":[{"embeddable":true,"href":"https:\/\/www.praha7.cz\/api\/wp\/v2\/media\/15597"}],"wp:attachment":[{"href":"https:\/\/www.praha7.cz\/api\/wp\/v2\/media?parent=58243"}],"wp:term":[{"taxonomy":"category","embeddable":true,"href":"https:\/\/www.praha7.cz\/api\/wp\/v2\/categories?post=58243"},{"taxonomy":"post_tag","embeddable":true,"href":"https:\/\/www.praha7.cz\/api\/wp\/v2\/tags?post=58243"}],"curies":[{"name":"wp","href":"https:\/\/api.w.org\/{rel}","templated":true}]}}