    
{"id":58206,"date":"2022-06-08T16:51:43","date_gmt":"2022-06-08T14:51:43","guid":{"rendered":"https:\/\/www.praha7.cz\/?p=58206"},"modified":"2022-06-10T14:50:23","modified_gmt":"2022-06-10T12:50:23","slug":"praha-7-ocenila-policisty-hasice-zachranare-a-mestske-strazniky-2","status":"publish","type":"post","link":"https:\/\/www.praha7.cz\/praha-7-ocenila-policisty-hasice-zachranare-a-mestske-strazniky-2\/","title":{"rendered":"Praha&nbsp;7 ocenila policisty, hasi\u010de, z\u00e1chran\u00e1\u0159e a&nbsp;m\u011bstsk\u00e9 str\u00e1\u017en\u00edky"},"content":{"rendered":"<p>[perex]<\/p>\r\n<p>Ve\u00a0st\u0159edu 8.&nbsp;\u010dervna 2022 se v&nbsp;Letensk\u00e9m z\u00e1me\u010dku v\u00a0Praze 7 uskute\u010dnilo slavnostn\u00ed p\u0159ed\u00e1n\u00ed medail\u00ed a&nbsp;vyznamen\u00e1n\u00ed za z\u00e1sluhy p\u0159\u00edslu\u0161n\u00edk\u016fm Policie \u010cR, Hasi\u010dsk\u00e9ho z\u00e1chrann\u00e9ho sboru,\u00a0Zdravotnick\u00e9 z\u00e1chrann\u00e9 slu\u017eby hl. m. Prahy a&nbsp;M\u011bstsk\u00e9 policie hl. m. Prahy.<\/p>\r\n<p>[\/perex]<\/p>\r\n<p>Medaile a&nbsp;vyznamen\u00e1n\u00ed za mimo\u0159\u00e1dn\u00e9 z\u00e1sluhy v\u00a0oblasti bezpe\u010dnosti, ve\u0159ejn\u00e9ho po\u0159\u00e1dku, po\u017e\u00e1rn\u00ed ochrany a&nbsp;za\u00a0 mimo\u0159\u00e1dn\u00e9 nasazen\u00ed p\u0159i poskytov\u00e1n\u00ed p\u0159ednemocni\u010dn\u00ed neodkladn\u00e9 p\u00e9\u010de p\u0159evzalo z&nbsp;rukou starosty M\u010c Praha&nbsp;7 Jana \u010ci\u017einsk\u00e9ho a&nbsp;radn\u00edho Ond\u0159eje Mirovsk\u00e9ho 20 p\u0159\u00edslu\u0161n\u00edk\u016f Policie \u010cR, 13 hasi\u010d\u016f, 13 p\u0159\u00edslu\u0161n\u00edk\u016f M\u011bstsk\u00e9 policie hl. m. Prahy a&nbsp;15 pracovn\u00edk\u016f Zdravotnick\u00e9 z\u00e1chrann\u00e9 slu\u017eby hl. m. Prahy. Ocen\u011bny byly tak\u00e9 cel\u00e9 kolektivy.<\/p>\r\n<p><em>\u201eV\u0161echny tyto slo\u017eky byly v&nbsp;prvn\u00ed linii p\u0159i covidov\u00e9 pandemii v&nbsp;uplynul\u00fdch dvou letech, prokazuj\u00ed tak\u00e9 vysok\u00e9 nasazen\u00ed p\u0159i sou\u010dasn\u00e9 ukrajinsk\u00e9 krizi. Za jejich pr\u00e1ci jsme velice vd\u011b\u010dn\u00ed a&nbsp;s&nbsp;radost\u00ed navazujeme na tradi\u010dn\u00ed slavnostn\u00ed oce\u0148ov\u00e1n\u00ed,<\/em>\u201c uvedl\u00a0<strong>Jan \u010ci\u017einsk\u00fd,\u00a0starosta Prahy&nbsp;7<\/strong>.<\/p>\r\n<p>&nbsp;<\/p>\r\n<p><img loading=\"lazy\" src=\"https:\/\/www.praha7.cz\/wp-content\/uploads\/2022\/06\/oceneni-IZS_2022_5_medaile-600x400.jpg\" alt=\"\" width=\"600\" height=\"400\" class=\"alignnone size-medium wp-image-58228\" srcset=\"https:\/\/www.praha7.cz\/wp-content\/uploads\/2022\/06\/oceneni-IZS_2022_5_medaile-600x400.jpg 600w, https:\/\/www.praha7.cz\/wp-content\/uploads\/2022\/06\/oceneni-IZS_2022_5_medaile-768x512.jpg 768w, https:\/\/www.praha7.cz\/wp-content\/uploads\/2022\/06\/oceneni-IZS_2022_5_medaile-1500x1000.jpg 1500w\" sizes=\"(max-width: 600px) 100vw, 600px\" \/><img loading=\"lazy\" src=\"https:\/\/www.praha7.cz\/wp-content\/uploads\/2022\/06\/oceneni-IZS_2022_7-600x400.jpg\" alt=\"\" width=\"600\" height=\"400\" class=\"alignnone size-medium wp-image-58229\" srcset=\"https:\/\/www.praha7.cz\/wp-content\/uploads\/2022\/06\/oceneni-IZS_2022_7-600x400.jpg 600w, https:\/\/www.praha7.cz\/wp-content\/uploads\/2022\/06\/oceneni-IZS_2022_7-768x512.jpg 768w, https:\/\/www.praha7.cz\/wp-content\/uploads\/2022\/06\/oceneni-IZS_2022_7-1500x1000.jpg 1500w\" sizes=\"(max-width: 600px) 100vw, 600px\" \/><img loading=\"lazy\" src=\"https:\/\/www.praha7.cz\/wp-content\/uploads\/2022\/06\/oceneni-IZS_2022_4-600x400.jpg\" alt=\"\" width=\"600\" height=\"400\" class=\"alignnone size-medium wp-image-58230\" srcset=\"https:\/\/www.praha7.cz\/wp-content\/uploads\/2022\/06\/oceneni-IZS_2022_4-600x400.jpg 600w, https:\/\/www.praha7.cz\/wp-content\/uploads\/2022\/06\/oceneni-IZS_2022_4-768x512.jpg 768w, https:\/\/www.praha7.cz\/wp-content\/uploads\/2022\/06\/oceneni-IZS_2022_4-1500x1000.jpg 1500w\" sizes=\"(max-width: 600px) 100vw, 600px\" \/><img loading=\"lazy\" src=\"https:\/\/www.praha7.cz\/wp-content\/uploads\/2022\/06\/oceneni-IZS_2022_6-600x400.jpg\" alt=\"\" width=\"600\" height=\"400\" class=\"alignnone size-medium wp-image-58231\" srcset=\"https:\/\/www.praha7.cz\/wp-content\/uploads\/2022\/06\/oceneni-IZS_2022_6-600x400.jpg 600w, https:\/\/www.praha7.cz\/wp-content\/uploads\/2022\/06\/oceneni-IZS_2022_6-768x512.jpg 768w, https:\/\/www.praha7.cz\/wp-content\/uploads\/2022\/06\/oceneni-IZS_2022_6-1500x1000.jpg 1500w\" sizes=\"(max-width: 600px) 100vw, 600px\" \/><img loading=\"lazy\" src=\"https:\/\/www.praha7.cz\/wp-content\/uploads\/2022\/06\/oceneni-IZS_2022_1-600x400.jpg\" alt=\"\" width=\"600\" height=\"400\" class=\"alignnone size-medium wp-image-58225\" srcset=\"https:\/\/www.praha7.cz\/wp-content\/uploads\/2022\/06\/oceneni-IZS_2022_1-600x400.jpg 600w, https:\/\/www.praha7.cz\/wp-content\/uploads\/2022\/06\/oceneni-IZS_2022_1-768x512.jpg 768w, https:\/\/www.praha7.cz\/wp-content\/uploads\/2022\/06\/oceneni-IZS_2022_1-1500x1000.jpg 1500w\" sizes=\"(max-width: 600px) 100vw, 600px\" \/><img loading=\"lazy\" src=\"https:\/\/www.praha7.cz\/wp-content\/uploads\/2022\/06\/oceneni-IZS_2022_8-600x400.jpg\" alt=\"\" width=\"600\" height=\"400\" class=\"alignnone size-medium wp-image-58232\" srcset=\"https:\/\/www.praha7.cz\/wp-content\/uploads\/2022\/06\/oceneni-IZS_2022_8-600x400.jpg 600w, https:\/\/www.praha7.cz\/wp-content\/uploads\/2022\/06\/oceneni-IZS_2022_8-768x512.jpg 768w, https:\/\/www.praha7.cz\/wp-content\/uploads\/2022\/06\/oceneni-IZS_2022_8-1500x1000.jpg 1500w\" sizes=\"(max-width: 600px) 100vw, 600px\" \/><\/p>\r\n<p>&nbsp;<\/p>\r\n<p>Mezi v\u00fdznamn\u00fdmi hosty byli plk. Mgr. Petr Mat\u011bj\u010dek, \u0159editel K\u0158P hlavn\u00edho m\u011bsta Prahy, brig. gen. Ing. Lud\u011bk Prudil, \u0159editel HZS hl. m. Prahy,\u00a0MUDr. Petr Kolouch, MBA, \u0159editel ZZS HMP, Mgr. Petr Svato\u0148, \u0159editel O\u0158 MP Praha&nbsp;7, pplk. v. v. Ing. Rastislav Cimerman, \u010dlen v\u00fdkonn\u00e9ho v\u00fdboru SVV \u010cR a&nbsp;p\u0159edseda pra\u017esk\u00e9 organizace SVV \u010cR, a&nbsp;brig. gen. v. v. Ing. Zden\u011bk Jak\u016fbek, \u010dlen v\u00fdboru pra\u017esk\u00e9 organizace SVV \u010cR.<\/p>\r\n<p>V z\u00e1v\u011bru slavnostn\u00edho p\u0159ed\u00e1n\u00ed byla ud\u011blena \u010destn\u00e1 stuha Sdru\u017een\u00ed v\u00e1le\u010dn\u00fdch veter\u00e1n\u016f \u010cR\u00a0za dlouhodobou \u010dinnost a&nbsp;spolupr\u00e1ci s\u00a0M\u010c Praha&nbsp;7 v&nbsp;r\u00e1mci vzpom\u00ednkov\u00fdch akc\u00ed a&nbsp;v\u00fdznamn\u00fdch v\u00fdro\u010d\u00ed.\u00a0<\/p>\r\n<p>&nbsp;<\/p>\r\n<p><img loading=\"lazy\" src=\"https:\/\/www.praha7.cz\/wp-content\/uploads\/2022\/06\/oceneni-IZS_2022_3-600x400.jpg\" alt=\"\" width=\"600\" height=\"400\" class=\"alignnone size-medium wp-image-58226\" srcset=\"https:\/\/www.praha7.cz\/wp-content\/uploads\/2022\/06\/oceneni-IZS_2022_3-600x400.jpg 600w, https:\/\/www.praha7.cz\/wp-content\/uploads\/2022\/06\/oceneni-IZS_2022_3-768x512.jpg 768w, https:\/\/www.praha7.cz\/wp-content\/uploads\/2022\/06\/oceneni-IZS_2022_3-1500x1000.jpg 1500w\" sizes=\"(max-width: 600px) 100vw, 600px\" \/><\/p>","protected":false},"excerpt":{"rendered":"[perex] Ve\u00a0st\u0159edu 8.&nbsp;\u010dervna 2022 se v&nbsp;Letensk\u00e9m z\u00e1me\u010dku v\u00a0Praze 7 uskute\u010dnilo slavnostn\u00ed p\u0159ed\u00e1n\u00ed medail\u00ed a&nbsp;vyznamen\u00e1n\u00ed za z\u00e1sluhy p\u0159\u00edslu\u0161n\u00edk\u016fm Policie \u010cR, Hasi\u010dsk\u00e9ho z\u00e1chrann\u00e9ho sboru,\u00a0Zdravotnick\u00e9 z\u00e1chrann\u00e9 slu\u017eby hl. m. Prahy a&nbsp;M\u011bstsk\u00e9 policie hl. m. Prahy. [\/perex] Medaile a&nbsp;vyznamen\u00e1n\u00ed za mimo\u0159\u00e1dn\u00e9 z\u00e1sluhy v\u00a0oblasti bezpe\u010dnosti, ve\u0159ejn\u00e9ho po\u0159\u00e1dku, po\u017e\u00e1rn\u00ed ochrany a&nbsp;za\u00a0 mimo\u0159\u00e1dn\u00e9 nasazen\u00ed p\u0159i poskytov\u00e1n\u00ed p\u0159ednemocni\u010dn\u00ed neodkladn\u00e9 p\u00e9\u010de p\u0159evzalo z&nbsp;rukou starosty [&hellip;]","protected":false},"author":251,"featured_media":58227,"comment_status":"closed","ping_status":"open","sticky":false,"template":"","format":"standard","meta":[],"categories":[34,74],"tags":[],"_links":{"self":[{"href":"https:\/\/www.praha7.cz\/api\/wp\/v2\/posts\/58206"}],"collection":[{"href":"https:\/\/www.praha7.cz\/api\/wp\/v2\/posts"}],"about":[{"href":"https:\/\/www.praha7.cz\/api\/wp\/v2\/types\/post"}],"author":[{"embeddable":true,"href":"https:\/\/www.praha7.cz\/api\/wp\/v2\/users\/251"}],"replies":[{"embeddable":true,"href":"https:\/\/www.praha7.cz\/api\/wp\/v2\/comments?post=58206"}],"version-history":[{"count":8,"href":"https:\/\/www.praha7.cz\/api\/wp\/v2\/posts\/58206\/revisions"}],"predecessor-version":[{"id":58301,"href":"https:\/\/www.praha7.cz\/api\/wp\/v2\/posts\/58206\/revisions\/58301"}],"wp:featuredmedia":[{"embeddable":true,"href":"https:\/\/www.praha7.cz\/api\/wp\/v2\/media\/58227"}],"wp:attachment":[{"href":"https:\/\/www.praha7.cz\/api\/wp\/v2\/media?parent=58206"}],"wp:term":[{"taxonomy":"category","embeddable":true,"href":"https:\/\/www.praha7.cz\/api\/wp\/v2\/categories?post=58206"},{"taxonomy":"post_tag","embeddable":true,"href":"https:\/\/www.praha7.cz\/api\/wp\/v2\/tags?post=58206"}],"curies":[{"name":"wp","href":"https:\/\/api.w.org\/{rel}","templated":true}]}}