    
{"id":58163,"date":"2022-06-06T17:18:17","date_gmt":"2022-06-06T15:18:17","guid":{"rendered":"https:\/\/www.praha7.cz\/?p=58163"},"modified":"2022-06-13T12:44:09","modified_gmt":"2022-06-13T10:44:09","slug":"nadchnete-se-pro-vytvarne-umeni-na-festivalu-vytvarka","status":"publish","type":"post","link":"https:\/\/www.praha7.cz\/nadchnete-se-pro-vytvarne-umeni-na-festivalu-vytvarka\/","title":{"rendered":"Nadchn\u011bte se pro v\u00fdtvarn\u00e9 um\u011bn\u00ed na festivalu V\u00fdtvarka!!!"},"content":{"rendered":"<p>[perex]<\/p>\r\n<p>Jednodenn\u00ed festival v\u00fdtvarn\u00e9ho um\u011bn\u00ed pro d\u011bti, kter\u00e9 maj\u00ed chu\u0165 tvo\u0159it, prob\u011bhne v&nbsp;sobotu 11.&nbsp;\u010dervna 2022 od 10 do 21 hodin ve Vod\u00e1rensk\u00e9 v\u011b\u017ei Letn\u00e1. <a href=\"https:\/\/www.facebook.com\/events\/3156807117874071\">FESTIVAL V\u00ddTVARKA!!!<\/a> chce uk\u00e1zat neomezen\u00e9 mo\u017enosti um\u011bleck\u00e9 pr\u00e1ce a&nbsp;kreativn\u00edho vzd\u011bl\u00e1v\u00e1n\u00ed. Chce nadchnout d\u011bti, jejich rodi\u010de, pedagogy a&nbsp;v\u0161echny z\u00e1jemce o&nbsp;v\u00fdtvarn\u00e9 um\u011bn\u00ed.\u00a0Cel\u00fd program pro d\u011bti a&nbsp;jejich rodi\u010de je zdarma.<br \/>\r\n<br \/>\r\n[\/perex]<\/p>\r\n<p>10.00\u201312.00<br \/>\r\n<strong>V\u00ddTVARKA!<\/strong><br \/>\r\nWorkshop WOODWORK s&nbsp;Michaelou Trpi\u0161ovskou, Terezou Beranovou a&nbsp;Matou\u0161em Hrbkem.<\/p>\r\n<p><strong>JCC<\/strong> <br \/>\r\nWorkshop Readymade \u0161perk s&nbsp;komunitn\u00edm centrem a&nbsp;Jessikou Hoffmeisterovou.<\/p>\r\n<hr \/>\r\n<p>12.00\u201319.00<br \/>\r\nOb\u010derstven\u00ed zaji\u0161\u0165uj\u00ed <strong>KUCHA\u0158KY BEZ DOMOVA<\/strong>.<\/p>\r\n<hr \/>\r\n<p>14.00\u201318.00<br \/>\r\n<strong>DOX<\/strong><br \/>\r\nV\u00fdtvarn\u00e1 d\u00edlna Um\u011bn\u00ed si poradit k&nbsp;v\u00fdstav\u011b MADe IN CHINA.<\/p>\r\n<p><strong>AERO\u0160KOLA<\/strong><br \/>\r\nAnima\u010dn\u00ed d\u00edlna s&nbsp;profesion\u00e1ln\u00edmi lektory.<\/p>\r\n<p><strong>PAPELOTE<\/strong><br \/>\r\nKDE JE N\u00c1PAD NEN\u00cd ODPAD, ekologick\u00e1 d\u00edlna o&nbsp;vyu\u017eit\u00ed star\u00fdch nebo z&nbsp;jedn\u00e9 strany poti\u0161t\u011bn\u00fdch A4.<\/p>\r\n<hr \/>\r\n<p>14.00\u201315.00<br \/>\r\n<strong>K\u0159est KVARTITS (MUS)<\/strong><br \/>\r\nKvarteta pro idoly jsou v\u00fdjime\u010dn\u00fd projekt ocen\u011bn\u00fd na lo\u0148sk\u00e9 p\u0159ehl\u00eddce M\u00e1\u0161 um\u011bleck\u00e9 st\u0159evo? Kvarteta pok\u0159t\u00ed jejich autorky a&nbsp;je\u0161t\u011b si spole\u010dn\u011b zahrajete kvarteto!<\/p>\r\n<hr \/>\r\n<p>15.00\u201316.00<br \/>\r\n<strong>V\u00ddTVARKA!<\/strong><br \/>\r\nWorkshop pro u\u010ditele povede lektorka Krist\u00edna Gre\u017e\u010fov\u00e1.<\/p>\r\n<hr \/>\r\n<p>15.00\u201317.00<br \/>\r\n<strong>N\u00c1RODN\u00cd GALERIE PRAHA<\/strong><br \/>\r\nvoDOJEM: Workshop zam\u011b\u0159en\u00fd na d\u00edlo a&nbsp;osobnost Anton\u00edna Slav\u00ed\u010dka p\u0159ipravuj\u00ed Kl\u00e1ra Hu\u0161kov\u00e1 Smyczkov\u00e1 a&nbsp;Ida Mur\u00e1\u0148ov\u00e1.<\/p>\r\n<hr \/>\r\n<p>15.00\u201317.30<br \/>\r\n<strong>M\u00c1\u0160 UM\u011aLECK\u00c9 ST\u0158EVO?<\/strong><br \/>\r\nWorkshop a&nbsp;debata o&nbsp;podob\u00e1ch v\u00fdtvarn\u00e9 v\u00fdchovy na Z\u0160.<\/p>\r\n<hr \/>\r\n<p>16.00\u201318.00<br \/>\r\n<strong>ARTMAP<\/strong><br \/>\r\nNov\u00e9 i&nbsp;star\u0161\u00ed kn\u00ed\u017eky, publikace a&nbsp;snad i&nbsp;workshop s&nbsp;um\u011blkyn\u00ed Evou Ko\u0165\u00e1tkovou.<\/p>\r\n<hr \/>\r\n<p>16.00\u201318.00<br \/>\r\n<strong>V\u00ddTVARKA!<\/strong><br \/>\r\nWorkshop Krajina sn\u016f s&nbsp;Evou Ji\u0159i\u010dkou a&nbsp;Magdalenou Hrubou.<\/p>\r\n<hr \/>\r\n<p>17.30\u201319.00<br \/>\r\n<strong>M\u00c1\u0160 UM\u011aLECK\u00c9 ST\u0158EVO?<\/strong><br \/>\r\nKulturn\u00ed proch\u00e1zka (90 min.) po stop\u00e1ch Anton\u00edna Slav\u00ed\u010dka s&nbsp;Monikou \u0160vec Sybolovou.<\/p>\r\n<hr \/>\r\n<p>19.00\u201320.30<br \/>\r\n<strong>PETR NIKL<\/strong><br \/>\r\nPetr Nikl zahraje na irskou buzuku. Hudebn\u00ed vystoupen\u00ed zn\u00e1m\u00e9ho v\u00fdtvarn\u00edka, autora mimo\u0159\u00e1dn\u00fdch v\u00fdstav, publikac\u00ed, divadeln\u00edch p\u0159edstaven\u00ed a&nbsp;perfomera.<\/p>\r\n<p>&nbsp;<\/p>\r\n<p><a href=\"https:\/\/www.praha7.cz\/vytvarka-nesmi-byt-nuda\/festival\/\" rel=\"attachment wp-att-57821\"><img loading=\"lazy\" src=\"https:\/\/www.praha7.cz\/wp-content\/uploads\/2022\/05\/festival-707x1000.jpg\" alt=\"\" width=\"640\" height=\"905\" class=\"alignnone wp-image-57821 size-large\" srcset=\"https:\/\/www.praha7.cz\/wp-content\/uploads\/2022\/05\/festival-707x1000.jpg 707w, https:\/\/www.praha7.cz\/wp-content\/uploads\/2022\/05\/festival-283x400.jpg 283w, https:\/\/www.praha7.cz\/wp-content\/uploads\/2022\/05\/festival-768x1086.jpg 768w, https:\/\/www.praha7.cz\/wp-content\/uploads\/2022\/05\/festival.jpg 1190w\" sizes=\"(max-width: 640px) 100vw, 640px\" \/><\/a><\/p>","protected":false},"excerpt":{"rendered":"[perex] Jednodenn\u00ed festival v\u00fdtvarn\u00e9ho um\u011bn\u00ed pro d\u011bti, kter\u00e9 maj\u00ed chu\u0165 tvo\u0159it, prob\u011bhne v&nbsp;sobotu 11.&nbsp;\u010dervna 2022 od 10 do 21 hodin ve Vod\u00e1rensk\u00e9 v\u011b\u017ei Letn\u00e1. FESTIVAL V\u00ddTVARKA!!! chce uk\u00e1zat neomezen\u00e9 mo\u017enosti um\u011bleck\u00e9 pr\u00e1ce a&nbsp;kreativn\u00edho vzd\u011bl\u00e1v\u00e1n\u00ed. Chce nadchnout d\u011bti, jejich rodi\u010de, pedagogy a&nbsp;v\u0161echny z\u00e1jemce o&nbsp;v\u00fdtvarn\u00e9 um\u011bn\u00ed.\u00a0Cel\u00fd program pro d\u011bti a&nbsp;jejich rodi\u010de je zdarma. [\/perex] 10.00\u201312.00 V\u00ddTVARKA! Workshop [&hellip;]","protected":false},"author":76,"featured_media":58164,"comment_status":"closed","ping_status":"open","sticky":false,"template":"","format":"standard","meta":[],"categories":[34],"tags":[],"_links":{"self":[{"href":"https:\/\/www.praha7.cz\/api\/wp\/v2\/posts\/58163"}],"collection":[{"href":"https:\/\/www.praha7.cz\/api\/wp\/v2\/posts"}],"about":[{"href":"https:\/\/www.praha7.cz\/api\/wp\/v2\/types\/post"}],"author":[{"embeddable":true,"href":"https:\/\/www.praha7.cz\/api\/wp\/v2\/users\/76"}],"replies":[{"embeddable":true,"href":"https:\/\/www.praha7.cz\/api\/wp\/v2\/comments?post=58163"}],"version-history":[{"count":8,"href":"https:\/\/www.praha7.cz\/api\/wp\/v2\/posts\/58163\/revisions"}],"predecessor-version":[{"id":58306,"href":"https:\/\/www.praha7.cz\/api\/wp\/v2\/posts\/58163\/revisions\/58306"}],"wp:featuredmedia":[{"embeddable":true,"href":"https:\/\/www.praha7.cz\/api\/wp\/v2\/media\/58164"}],"wp:attachment":[{"href":"https:\/\/www.praha7.cz\/api\/wp\/v2\/media?parent=58163"}],"wp:term":[{"taxonomy":"category","embeddable":true,"href":"https:\/\/www.praha7.cz\/api\/wp\/v2\/categories?post=58163"},{"taxonomy":"post_tag","embeddable":true,"href":"https:\/\/www.praha7.cz\/api\/wp\/v2\/tags?post=58163"}],"curies":[{"name":"wp","href":"https:\/\/api.w.org\/{rel}","templated":true}]}}