    
{"id":58145,"date":"2022-06-06T13:42:50","date_gmt":"2022-06-06T11:42:50","guid":{"rendered":"https:\/\/www.praha7.cz\/?p=58145"},"modified":"2022-06-06T14:57:19","modified_gmt":"2022-06-06T12:57:19","slug":"mestska-cast-praha-7-nabizi-k-pronajmu-nebytove-prostory","status":"publish","type":"post","link":"https:\/\/www.praha7.cz\/mestska-cast-praha-7-nabizi-k-pronajmu-nebytove-prostory\/","title":{"rendered":"M\u011bstsk\u00e1 \u010d\u00e1st Praha&nbsp;7 nab\u00edz\u00ed k&nbsp;pron\u00e1jmu nebytov\u00e9 prostory"},"content":{"rendered":"<p>[perex]<\/p>\r\n<p>Praha&nbsp;7 nab\u00edz\u00ed k&nbsp;pron\u00e1jmu n\u011bkolik voln\u00fdch nebytov\u00fdch prostor. \u00a0V nab\u00eddce jsou prostory k\u00a0podnik\u00e1n\u00ed, sklady i&nbsp;gar\u00e1\u017ee. Z\u00e1jemci se mohou p\u0159ihla\u0161ovat do v\u00fdb\u011brov\u00e9ho \u0159\u00edzen\u00ed do term\u00ednu otev\u00edr\u00e1n\u00ed ob\u00e1lek, kter\u00fd p\u0159ipad\u00e1 na 15.&nbsp;6.&nbsp;2022 v&nbsp;9:15. P\u0159ihl\u00e1\u0161ku je mo\u017en\u00e9 odevzdat je\u0161t\u011b t\u00e9ho\u017e dne do 9:00.\u00a0<\/p>\r\n<p>[\/perex]<\/p>\r\n<p>&nbsp;<\/p>\r\n<p>V p\u0159\u00edpad\u011b z\u00e1jmu m\u016f\u017eete p\u0159ij\u00edt\u00a0sv\u016fj podnikatelsk\u00fd z\u00e1m\u011br osobn\u011b prezentovat\u00a0na jedn\u00e1n\u00ed hodnot\u00edc\u00ed komise.<\/p>\r\n<p>Nab\u00eddku pronaj\u00edman\u00fdch prostor, cenu pron\u00e1jmu a&nbsp;n\u00e1le\u017eitosti p\u0159ihl\u00e1\u0161ky si m\u016f\u017eete p\u0159e\u010d\u00edst na\u00a0<a href=\"https:\/\/www.praha7.cz\/potrebuji-zaridit\/nebytove-prostory\/pronajmy\/\">na\u0161ich webov\u00fdch str\u00e1nk\u00e1ch.<\/a>\u00a0<\/p>\r\n<p>Ve\u0161ker\u00e9 dotazy ohledn\u011b v\u00fdb\u011brov\u00e9ho \u0159\u00edzen\u00ed sm\u011b\u0159ujte na Barboru Novotnou, tel.: 731\u00a0283\u00a0996, 220\u00a0144\u00a0232, e-mail: novotnab@praha7.cz z\u00a0<a href=\"https:\/\/www.praha7.cz\/radnice\/organizacni-struktura\/odbor-majetku\/\">Odboru majetku<\/a>.<\/p>","protected":false},"excerpt":{"rendered":"[perex] Praha&nbsp;7 nab\u00edz\u00ed k&nbsp;pron\u00e1jmu n\u011bkolik voln\u00fdch nebytov\u00fdch prostor. \u00a0V nab\u00eddce jsou prostory k\u00a0podnik\u00e1n\u00ed, sklady i&nbsp;gar\u00e1\u017ee. Z\u00e1jemci se mohou p\u0159ihla\u0161ovat do v\u00fdb\u011brov\u00e9ho \u0159\u00edzen\u00ed do term\u00ednu otev\u00edr\u00e1n\u00ed ob\u00e1lek, kter\u00fd p\u0159ipad\u00e1 na 15.&nbsp;6.&nbsp;2022 v&nbsp;9:15. P\u0159ihl\u00e1\u0161ku je mo\u017en\u00e9 odevzdat je\u0161t\u011b t\u00e9ho\u017e dne do 9:00.\u00a0 [\/perex] &nbsp; V&nbsp;p\u0159\u00edpad\u011b z\u00e1jmu m\u016f\u017eete p\u0159ij\u00edt\u00a0sv\u016fj podnikatelsk\u00fd z\u00e1m\u011br osobn\u011b prezentovat\u00a0na jedn\u00e1n\u00ed hodnot\u00edc\u00ed komise. Nab\u00eddku [&hellip;]","protected":false},"author":277,"featured_media":58147,"comment_status":"closed","ping_status":"open","sticky":false,"template":"","format":"standard","meta":[],"categories":[34],"tags":[],"_links":{"self":[{"href":"https:\/\/www.praha7.cz\/api\/wp\/v2\/posts\/58145"}],"collection":[{"href":"https:\/\/www.praha7.cz\/api\/wp\/v2\/posts"}],"about":[{"href":"https:\/\/www.praha7.cz\/api\/wp\/v2\/types\/post"}],"author":[{"embeddable":true,"href":"https:\/\/www.praha7.cz\/api\/wp\/v2\/users\/277"}],"replies":[{"embeddable":true,"href":"https:\/\/www.praha7.cz\/api\/wp\/v2\/comments?post=58145"}],"version-history":[{"count":6,"href":"https:\/\/www.praha7.cz\/api\/wp\/v2\/posts\/58145\/revisions"}],"predecessor-version":[{"id":58161,"href":"https:\/\/www.praha7.cz\/api\/wp\/v2\/posts\/58145\/revisions\/58161"}],"wp:featuredmedia":[{"embeddable":true,"href":"https:\/\/www.praha7.cz\/api\/wp\/v2\/media\/58147"}],"wp:attachment":[{"href":"https:\/\/www.praha7.cz\/api\/wp\/v2\/media?parent=58145"}],"wp:term":[{"taxonomy":"category","embeddable":true,"href":"https:\/\/www.praha7.cz\/api\/wp\/v2\/categories?post=58145"},{"taxonomy":"post_tag","embeddable":true,"href":"https:\/\/www.praha7.cz\/api\/wp\/v2\/tags?post=58145"}],"curies":[{"name":"wp","href":"https:\/\/api.w.org\/{rel}","templated":true}]}}