    
{"id":58140,"date":"2022-06-06T12:48:57","date_gmt":"2022-06-06T10:48:57","guid":{"rendered":"https:\/\/www.praha7.cz\/?p=58140"},"modified":"2022-06-06T12:48:57","modified_gmt":"2022-06-06T10:48:57","slug":"informacni-kontejner-metropolitniho-planu-pokracuje-ve-svem-turne-po-praze","status":"publish","type":"post","link":"https:\/\/www.praha7.cz\/informacni-kontejner-metropolitniho-planu-pokracuje-ve-svem-turne-po-praze\/","title":{"rendered":"Informa\u010dn\u00ed kontejner Metropolitn\u00edho pl\u00e1nu pokra\u010duje ve sv\u00e9m turn\u00e9 po Praze"},"content":{"rendered":"<p>[perex]<\/p>\r\n<p>V Praze v&nbsp;posledn\u00edch dvou m\u011bs\u00edc\u00edch prob\u00edh\u00e1 akce, kter\u00e1 m\u00e1 \u0161irok\u00e9 ve\u0159ejnosti umo\u017enit p\u0159\u00edmo se informovat o&nbsp;Metropolitn\u00edm pl\u00e1nu a&nbsp;p\u0159\u00edpadn\u011b k&nbsp;n\u011bmu i&nbsp;vyj\u00e1d\u0159it p\u0159ipom\u00ednky. V&nbsp;t\u011bchto dnech informa\u010dn\u00ed kontejner dorazil s&nbsp;pl\u00e1nem obezn\u00e1mit ob\u010dany i&nbsp;na Sedmi\u010dku.<\/p>\r\n<p>Nav\u0161t\u00edvit ho m\u016f\u017eete na Strossmayerov\u011b n\u00e1m\u011bst\u00ed v:<br \/>\r\n<strong>Pond\u011bl\u00ed 6.\u00a06.\u00a02022\u00a012:00 \u2013 20:00<\/strong><br \/>\r\n<strong>\u00dater\u00fd 7.\u00a06.\u00a02022\u00a014:00 \u2013 18:00<\/strong><\/p>\r\n<p>[\/perex]<\/p>\r\n<p>Na kontejneru na v\u00e1s \u010dekaj\u00ed:\u00a0<br \/>\r\n&#8211; odborn\u00edci a&nbsp;vy\u0161kolen\u00ed pr\u016fvodci, kte\u0159\u00ed v\u00e1m p\u0159edstav\u00ed pl\u00e1n, uk\u00e1\u017e\u00ed, jak s&nbsp;n\u00edm pracovat a&nbsp;porad\u00ed, zda a&nbsp;jak podat p\u0159ipom\u00ednku<br \/>\r\n&#8211; v\u00fdtisky n\u00e1vrhu Metropolitn\u00edho pl\u00e1nu<br \/>\r\n&#8211; elektronick\u00e9 prohl\u00ed\u017ee\u010dky Metropolitn\u00edho pl\u00e1nu<br \/>\r\n&#8211; informa\u010dn\u00ed materi\u00e1ly a&nbsp;dal\u0161\u00ed kontakty<\/p>\r\n<p>Podrobn\u00e9 informace o\u00a0Metropolitn\u00edm pl\u00e1nu najdete zde:\u00a0<a href=\"http:\/\/metropolitniplan.praha.eu\">metropolitniplan.praha.eu<\/a><\/p>","protected":false},"excerpt":{"rendered":"[perex] V&nbsp;Praze v&nbsp;posledn\u00edch dvou m\u011bs\u00edc\u00edch prob\u00edh\u00e1 akce, kter\u00e1 m\u00e1 \u0161irok\u00e9 ve\u0159ejnosti umo\u017enit p\u0159\u00edmo se informovat o&nbsp;Metropolitn\u00edm pl\u00e1nu a&nbsp;p\u0159\u00edpadn\u011b k&nbsp;n\u011bmu i&nbsp;vyj\u00e1d\u0159it p\u0159ipom\u00ednky. V&nbsp;t\u011bchto dnech informa\u010dn\u00ed kontejner dorazil s&nbsp;pl\u00e1nem obezn\u00e1mit ob\u010dany i&nbsp;na Sedmi\u010dku. Nav\u0161t\u00edvit ho m\u016f\u017eete na Strossmayerov\u011b n\u00e1m\u011bst\u00ed v: Pond\u011bl\u00ed 6.\u00a06.\u00a02022\u00a012:00 \u2013 20:00 \u00dater\u00fd 7.\u00a06.\u00a02022\u00a014:00 \u2013 18:00 [\/perex] Na kontejneru na v\u00e1s \u010dekaj\u00ed:\u00a0 &#8211; odborn\u00edci [&hellip;]","protected":false},"author":277,"featured_media":56698,"comment_status":"closed","ping_status":"open","sticky":false,"template":"","format":"standard","meta":[],"categories":[34],"tags":[],"_links":{"self":[{"href":"https:\/\/www.praha7.cz\/api\/wp\/v2\/posts\/58140"}],"collection":[{"href":"https:\/\/www.praha7.cz\/api\/wp\/v2\/posts"}],"about":[{"href":"https:\/\/www.praha7.cz\/api\/wp\/v2\/types\/post"}],"author":[{"embeddable":true,"href":"https:\/\/www.praha7.cz\/api\/wp\/v2\/users\/277"}],"replies":[{"embeddable":true,"href":"https:\/\/www.praha7.cz\/api\/wp\/v2\/comments?post=58140"}],"version-history":[{"count":4,"href":"https:\/\/www.praha7.cz\/api\/wp\/v2\/posts\/58140\/revisions"}],"predecessor-version":[{"id":58144,"href":"https:\/\/www.praha7.cz\/api\/wp\/v2\/posts\/58140\/revisions\/58144"}],"wp:featuredmedia":[{"embeddable":true,"href":"https:\/\/www.praha7.cz\/api\/wp\/v2\/media\/56698"}],"wp:attachment":[{"href":"https:\/\/www.praha7.cz\/api\/wp\/v2\/media?parent=58140"}],"wp:term":[{"taxonomy":"category","embeddable":true,"href":"https:\/\/www.praha7.cz\/api\/wp\/v2\/categories?post=58140"},{"taxonomy":"post_tag","embeddable":true,"href":"https:\/\/www.praha7.cz\/api\/wp\/v2\/tags?post=58140"}],"curies":[{"name":"wp","href":"https:\/\/api.w.org\/{rel}","templated":true}]}}