    
{"id":58137,"date":"2022-06-06T14:43:01","date_gmt":"2022-06-06T12:43:01","guid":{"rendered":"https:\/\/www.praha7.cz\/?p=58137"},"modified":"2022-06-07T18:31:27","modified_gmt":"2022-06-07T16:31:27","slug":"ucitel-z-prahy-7-byl-ocenen-v-soutezi-o-nejinspirativnejsiho-pedagoga","status":"publish","type":"post","link":"https:\/\/www.praha7.cz\/ucitel-z-prahy-7-byl-ocenen-v-soutezi-o-nejinspirativnejsiho-pedagoga\/","title":{"rendered":"U\u010ditel z&nbsp;Prahy&nbsp;7 byl ocen\u011bn v&nbsp;sout\u011b\u017ei o&nbsp;nejinspirativn\u011bj\u0161\u00edho pedagoga"},"content":{"rendered":"<p>[perex]<\/p>\r\n<p>Daniel Pra\u017e\u00e1k, kter\u00fd vyu\u010duje na Z\u00e1kladn\u00ed \u0161kole Strossmayerovo n\u00e1m\u011bst\u00ed v&nbsp;Praze 7, se um\u00edstil na druh\u00e9m m\u00edst\u011b v\u00a0celorepublikov\u00e9 sout\u011b\u017ei Global Teacher Prize.\u00a0<\/p>\r\n<p>[\/perex]<\/p>\r\n<p>T\u0159\u00eddn\u00ed u\u010ditel s&nbsp;p\u0159\u00edhodn\u00fdm p\u0159\u00edjmen\u00edm byl zejm\u00e9na ocen\u011bn pro sv\u016fj individu\u00e1ln\u00ed p\u0159\u00edstup k&nbsp;\u017e\u00e1k\u016fm, snahu o&nbsp;komplexn\u00ed rozvoj a&nbsp;kooperativn\u00ed v\u00fduku. Tak\u00e9 podle poroty pozitivn\u011b ovliv\u0148uje a&nbsp;podn\u011bcuje u\u010ditelskou komunitu.\u00a0M\u010c Praha&nbsp;7 t\u00edmto gratuluje panu Danielu Pra\u017e\u00e1kovi za pozitivn\u00ed p\u0159\u00ednos m\u00edstn\u00edmu \u0161kolstv\u00ed.<\/p>\r\n<p>T\u011b\u0161\u00ed n\u00e1s, \u017ee v&nbsp;na\u0161\u00ed \u010dtvrti p\u016fsob\u00ed mimo\u0159\u00e1dn\u011b kvalitn\u00ed pedagogov\u00e9, kte\u0159\u00ed v\u00fduce dod\u00e1vaj\u00ed p\u0159idanou hodnotu a&nbsp;dok\u00e1\u017eou d\u011bti nadchnout a&nbsp;inspirovat.<\/p>\r\n<p>Sout\u011b\u017e v&nbsp;kvalitn\u00edch zp\u016fsobech vzd\u011bl\u00e1v\u00e1n\u00ed ka\u017edoro\u010dn\u011b vyhla\u0161uje vzd\u011bl\u00e1vac\u00ed organizace EDUin.<\/p>\r\n<p>V\u00edce informac\u00ed o&nbsp;sout\u011b\u017ei se dozv\u00edte <a href=\"https:\/\/zpravy.aktualne.cz\/domaci\/skoncila-s-byznysem-a-zacala-ucit-male-deti-stala-se-nejinsp\/r~a8983bd0e25f11eca9eeac1f6b220ee8\/\">zde<\/a>.<\/p>","protected":false},"excerpt":{"rendered":"[perex] Daniel Pra\u017e\u00e1k, kter\u00fd vyu\u010duje na Z\u00e1kladn\u00ed \u0161kole Strossmayerovo n\u00e1m\u011bst\u00ed v&nbsp;Praze 7, se um\u00edstil na druh\u00e9m m\u00edst\u011b v\u00a0celorepublikov\u00e9 sout\u011b\u017ei Global Teacher Prize.\u00a0 [\/perex] T\u0159\u00eddn\u00ed u\u010ditel s&nbsp;p\u0159\u00edhodn\u00fdm p\u0159\u00edjmen\u00edm byl zejm\u00e9na ocen\u011bn pro sv\u016fj individu\u00e1ln\u00ed p\u0159\u00edstup k&nbsp;\u017e\u00e1k\u016fm, snahu o&nbsp;komplexn\u00ed rozvoj a&nbsp;kooperativn\u00ed v\u00fduku. Tak\u00e9 podle poroty pozitivn\u011b ovliv\u0148uje a&nbsp;podn\u011bcuje u\u010ditelskou komunitu.\u00a0M\u010c Praha&nbsp;7 t\u00edmto gratuluje panu Danielu Pra\u017e\u00e1kovi za [&hellip;]","protected":false},"author":277,"featured_media":58153,"comment_status":"closed","ping_status":"open","sticky":false,"template":"","format":"standard","meta":[],"categories":[34],"tags":[],"_links":{"self":[{"href":"https:\/\/www.praha7.cz\/api\/wp\/v2\/posts\/58137"}],"collection":[{"href":"https:\/\/www.praha7.cz\/api\/wp\/v2\/posts"}],"about":[{"href":"https:\/\/www.praha7.cz\/api\/wp\/v2\/types\/post"}],"author":[{"embeddable":true,"href":"https:\/\/www.praha7.cz\/api\/wp\/v2\/users\/277"}],"replies":[{"embeddable":true,"href":"https:\/\/www.praha7.cz\/api\/wp\/v2\/comments?post=58137"}],"version-history":[{"count":6,"href":"https:\/\/www.praha7.cz\/api\/wp\/v2\/posts\/58137\/revisions"}],"predecessor-version":[{"id":58197,"href":"https:\/\/www.praha7.cz\/api\/wp\/v2\/posts\/58137\/revisions\/58197"}],"wp:featuredmedia":[{"embeddable":true,"href":"https:\/\/www.praha7.cz\/api\/wp\/v2\/media\/58153"}],"wp:attachment":[{"href":"https:\/\/www.praha7.cz\/api\/wp\/v2\/media?parent=58137"}],"wp:term":[{"taxonomy":"category","embeddable":true,"href":"https:\/\/www.praha7.cz\/api\/wp\/v2\/categories?post=58137"},{"taxonomy":"post_tag","embeddable":true,"href":"https:\/\/www.praha7.cz\/api\/wp\/v2\/tags?post=58137"}],"curies":[{"name":"wp","href":"https:\/\/api.w.org\/{rel}","templated":true}]}}