    
{"id":58032,"date":"2022-06-02T11:46:00","date_gmt":"2022-06-02T09:46:00","guid":{"rendered":"https:\/\/www.praha7.cz\/?p=58032"},"modified":"2022-06-03T10:43:51","modified_gmt":"2022-06-03T08:43:51","slug":"umelci-po-skole1","status":"publish","type":"post","link":"https:\/\/www.praha7.cz\/umelci-po-skole1\/","title":{"rendered":"Um\u011blci po \u0161kole!"},"content":{"rendered":"<p>[perex]<\/p>\r\n<p>Na st\u011bn\u00e1ch Centra sou\u010dasn\u00e9ho um\u011bn\u00ed DOX\u00a0bude od 3.&nbsp;do 12.&nbsp;\u010dervna 2022 k&nbsp;vid\u011bn\u00ed n\u011bkolikam\u011bs\u00ed\u010dn\u00ed \u00fasil\u00ed \u017e\u00e1k\u016f ze \u0161kol Prahy\u00a07, 10 a\u00a022, jejich u\u010ditel\u016f a\u00a0m\u00edstn\u00edch um\u011blc\u016f v\u00a0r\u00e1mci <a href=\"https:\/\/www.dox.cz\/program\/umelci-po-skole\">projektu Um\u011blci po \u0161kole<\/a>. M\u016f\u017eete ji nav\u0161t\u00edvit v&nbsp;auditoriu v&nbsp;budov\u011b B.\u00a0<\/p>\r\n<p>[\/perex]<\/p>\r\n<p>V\u00fdstava \u0161koln\u00edch projekt\u016f zalo\u017een\u00fdch na participaci sou\u010dasn\u00fdch mlad\u00fdch um\u011blky\u0148 a&nbsp;um\u011blc\u016f <a href=\"https:\/\/umeleckestrevo.cz\/platforma-mus\/umelci-po-skole\/\">Um\u011blci po \u0161kole!<\/a> je logick\u00fdm vy\u00fast\u011bn\u00edm n\u011bkolikam\u011bs\u00ed\u010dn\u00edho procesu.<\/p>\r\n<p>\u201e<em>Jedn\u00e1 se o&nbsp;skv\u011bl\u00fd projekt, kter\u00fd m\u00e1 n\u011bkolikan\u00e1sobn\u00fd efekt. Proces vzniku d\u011bl je vede k&nbsp;vz\u00e1jemn\u00e9 spolupr\u00e1ci v&nbsp;r\u00e1mci autorsk\u00e9ho t\u00fdmu a&nbsp;um\u011blci jim p\u0159ed\u00e1vaj\u00ed nesm\u00edrn\u011b cenn\u00e9 post\u0159ehy. Velk\u00fd p\u0159\u00ednos m\u011bla aktivita i&nbsp;pro u\u010ditele, kte\u0159\u00ed vid\u011bli p\u0159i pr\u00e1ci odborn\u00edky, a&nbsp;z\u00e1rove\u0148 mohli sd\u00edlet zku\u0161enosti s&nbsp;pedagogy z&nbsp;dal\u0161\u00edch \u0161ko<\/em>l,\u201c popisuje projekt <strong>David Ka\u0161par<\/strong>, kter\u00fd je na vr\u0161ovick\u00e9 radnici m\u00edstostarostou pro oblasti \u0161kolstv\u00ed a&nbsp;kultury a&nbsp;projekt za Prahu 10 za\u0161t\u00edtil. Stejn\u011b situaci popisuje <strong>radn\u00ed pro \u0161kolstv\u00ed Prahy&nbsp;7 Hana \u0160i\u0161kov\u00e1<\/strong>.<\/p>\r\n<p>U\u010ditelky a&nbsp;u\u010ditel\u00e9 v\u00fdtvarn\u00e9 v\u00fdchovy ze z\u00e1kladn\u00edch \u0161kol Prahy&nbsp;7, 10 a&nbsp;22 si p\u0159i spole\u010dn\u00fdch workshopech po\u0159\u00e1dan\u00fdch platformou <a href=\"https:\/\/umeleckestrevo.cz\/\">M\u00e1\u0161 um\u011bleck\u00e9 st\u0159evo?<\/a> prostor\u00e1ch Studia DOX pravideln\u011b vym\u011b\u0148ovali zku\u0161enosti nap\u0159\u00edklad na to, jak v&nbsp;hodin\u00e1ch \u017e\u00e1ky motivovat nebo jak\u00e9 jim nab\u00edzet aktu\u00e1ln\u00ed podn\u011bty k&nbsp;tvorb\u011b. Postupn\u011b rozv\u00edjeli spole\u010dn\u011b zvolen\u00e9 t\u00e9ma, j\u00edm\u017e se v&nbsp;reakci na dlouhou pandemii stalo t\u00e9ma:\u00a0Komunikace \u2013\u00a0vztah a&nbsp;dialog.\u00a0<\/p>\r\n<p>Na p\u0159\u00edpravn\u00e1 setk\u00e1n\u00ed byli pozv\u00e1ni tak\u00e9 um\u011blci a&nbsp;um\u011blkyn\u011b &#8211; v\u011bt\u0161inou mlad\u00ed absolventi pra\u017esk\u00fdch um\u011bleck\u00fdch \u0161kol, kte\u0159\u00ed se n\u00e1sledn\u011b pustili do pr\u00e1ce s&nbsp;d\u011btmi p\u0159\u00edmo ve \u0161kol\u00e1ch. Tv\u016frci z&nbsp;nejr\u016fzn\u011bj\u0161\u00edch um\u011bleck\u00fdch obor\u016f (malba, fotografie, konceptu\u00e1ln\u00ed tvorba, grafika a&nbsp;ilustrace, interm\u00e9dia, divadlo) vyu\u010duj\u00edc\u00edm a&nbsp;d\u011btem nab\u00eddli sv\u016fj pohled, oblast tvorby i&nbsp;m\u00e9dium a&nbsp;spole\u010dn\u011b postupn\u011b p\u0159ich\u00e1zeli na to, jak t\u00e9ma uchopit pr\u00e1v\u011b s&nbsp;jejich specifickou t\u0159\u00eddn\u00ed skupinou.\u00a0<br \/>\r\n<br \/>\r\n<\/p>\r\n<p><a href=\"https:\/\/www.praha7.cz\/umelci-po-skole1\/20220601_122130\/\" rel=\"attachment wp-att-58077\"><img loading=\"lazy\" src=\"https:\/\/www.praha7.cz\/wp-content\/uploads\/2022\/06\/20220601_122130-1333x1000.jpg\" alt=\"\" width=\"640\" height=\"480\" class=\"alignnone wp-image-58077 size-large\" srcset=\"https:\/\/www.praha7.cz\/wp-content\/uploads\/2022\/06\/20220601_122130-1333x1000.jpg 1333w, https:\/\/www.praha7.cz\/wp-content\/uploads\/2022\/06\/20220601_122130-533x400.jpg 533w, https:\/\/www.praha7.cz\/wp-content\/uploads\/2022\/06\/20220601_122130-768x576.jpg 768w\" sizes=\"(max-width: 640px) 100vw, 640px\" \/><\/a><\/p>\r\n<p>\u201e<em>Je zaj\u00edmav\u00e9 u&nbsp;student\u016f pozorovat v\u00a0\u010dem jsou jin\u00ed a&nbsp;v\u00a0\u010dem jsou naopak podobn\u00ed na\u0161\u00ed generaci<\/em>\u201c, \u0159\u00edk\u00e1 o&nbsp;spolupr\u00e1ci se studenty leto\u0161n\u00ed <strong>finalistka Ceny J. Chalupeck\u00e9ho Olga Krykun<\/strong>.<\/p>\r\n<p>\u201e<em>Hlavn\u00edm z\u00e1m\u011brem nebylo vytvo\u0159it dokonal\u00e1 d\u00edla, i&nbsp;kdy\u017e v\u00fdstupy maj\u00ed opravdu vysokou kvalitu. C\u00edlem byl p\u0159edev\u0161\u00edm sd\u00edlen\u00fd z\u00e1\u017eitek a&nbsp;radost ze spole\u010dn\u00e9 tvorby<\/em>,\u201c \u0159\u00edk\u00e1 vedouc\u00ed projektu, kur\u00e1torka v\u00fdstavy v\u00a0DOXu a&nbsp;<strong>\u010dlenka Platformy M\u00e1\u0161 um\u011bleck\u00e9 st\u0159evo? Romana Bart\u016f\u0148kov\u00e1<\/strong>.<\/p>\r\n<hr \/>\r\n<p><strong>Participuj\u00edc\u00ed um\u011blci a&nbsp;um\u011blkyn\u011b<\/strong>: Timur Aloev, \u0160t\u011bp\u00e1nka Bl\u00e1hovcov\u00e1, Olivia Fant\u00farov\u00e1, Klaudie Hlavat\u00e1, Matou\u0161 Hrbek, Eva Ji\u0159i\u010dka, Olga Krykun, Nikola R\u00e1cov\u00e1, Jakub R\u016f\u017ei\u010dka, Tereza S\u00fdkorov\u00e1, Lenka \u0160t\u011bp\u00e1nkov\u00e1 a&nbsp;V\u00e1clav Wortner<\/p>\r\n<p><strong>Vedouc\u00ed projektu a&nbsp;kur\u00e1torka v\u00fdstavy<\/strong>: Romana Bart\u016f\u0148kov\u00e1\u00a0<\/p>\r\n<p><strong>Zapojen\u00e9 \u0161koly do projektu v\u00a0roce 2021\/2022:\u00a0<\/strong>Z\u0160 Letohradsk\u00e1, Z\u0160 Strossmayerovo n\u00e1m., Z\u0160 Korunova\u010dn\u00ed, Z\u0160 Tusarova, FZ\u0160 Um\u011bleck\u00e1, Z\u0160 B\u0159e\u010d\u0165anov\u00e1, Z\u0160 Solidarita, Na\u0161e \u0161kola a&nbsp;Z\u0160 B\u0159\u00ed Jandus\u016f.<\/p>\r\n<p><em>Z\u00e1\u0161titu nad projektem p\u0159evzala radn\u00ed pro Kultury Prahy&nbsp;7 Hanka T\u0159e\u0161t\u00edkov\u00e1 a&nbsp;radn\u00ed pro vzd\u011bl\u00e1v\u00e1n\u00ed Mariana \u010capkov\u00e1.<\/em><\/p>\r\n<hr \/>\r\n<p><strong>V\u00edce informac\u00ed k&nbsp;projektu naleznete v&nbsp;<a href=\"https:\/\/www.praha7.cz\/vytvarka-nesmi-byt-nuda\/\">\u010dl\u00e1nku \u010dervnov\u00e9ho Hobuletu<\/a>.\u00a0<\/strong><\/p>","protected":false},"excerpt":{"rendered":"[perex] Na st\u011bn\u00e1ch Centra sou\u010dasn\u00e9ho um\u011bn\u00ed DOX\u00a0bude od 3.&nbsp;do 12.&nbsp;\u010dervna 2022 k&nbsp;vid\u011bn\u00ed n\u011bkolikam\u011bs\u00ed\u010dn\u00ed \u00fasil\u00ed \u017e\u00e1k\u016f ze \u0161kol Prahy\u00a07, 10 a\u00a022, jejich u\u010ditel\u016f a\u00a0m\u00edstn\u00edch um\u011blc\u016f v\u00a0r\u00e1mci projektu Um\u011blci po \u0161kole. M\u016f\u017eete ji nav\u0161t\u00edvit v&nbsp;auditoriu v&nbsp;budov\u011b B.\u00a0 [\/perex] V\u00fdstava \u0161koln\u00edch projekt\u016f zalo\u017een\u00fdch na participaci sou\u010dasn\u00fdch mlad\u00fdch um\u011blky\u0148 a&nbsp;um\u011blc\u016f Um\u011blci po \u0161kole! je logick\u00fdm vy\u00fast\u011bn\u00edm n\u011bkolikam\u011bs\u00ed\u010dn\u00edho procesu. \u201eJedn\u00e1 [&hellip;]","protected":false},"author":76,"featured_media":58036,"comment_status":"closed","ping_status":"open","sticky":false,"template":"","format":"standard","meta":[],"categories":[34],"tags":[],"_links":{"self":[{"href":"https:\/\/www.praha7.cz\/api\/wp\/v2\/posts\/58032"}],"collection":[{"href":"https:\/\/www.praha7.cz\/api\/wp\/v2\/posts"}],"about":[{"href":"https:\/\/www.praha7.cz\/api\/wp\/v2\/types\/post"}],"author":[{"embeddable":true,"href":"https:\/\/www.praha7.cz\/api\/wp\/v2\/users\/76"}],"replies":[{"embeddable":true,"href":"https:\/\/www.praha7.cz\/api\/wp\/v2\/comments?post=58032"}],"version-history":[{"count":9,"href":"https:\/\/www.praha7.cz\/api\/wp\/v2\/posts\/58032\/revisions"}],"predecessor-version":[{"id":58078,"href":"https:\/\/www.praha7.cz\/api\/wp\/v2\/posts\/58032\/revisions\/58078"}],"wp:featuredmedia":[{"embeddable":true,"href":"https:\/\/www.praha7.cz\/api\/wp\/v2\/media\/58036"}],"wp:attachment":[{"href":"https:\/\/www.praha7.cz\/api\/wp\/v2\/media?parent=58032"}],"wp:term":[{"taxonomy":"category","embeddable":true,"href":"https:\/\/www.praha7.cz\/api\/wp\/v2\/categories?post=58032"},{"taxonomy":"post_tag","embeddable":true,"href":"https:\/\/www.praha7.cz\/api\/wp\/v2\/tags?post=58032"}],"curies":[{"name":"wp","href":"https:\/\/api.w.org\/{rel}","templated":true}]}}