    
{"id":58027,"date":"2022-06-02T11:16:20","date_gmt":"2022-06-02T09:16:20","guid":{"rendered":"https:\/\/www.praha7.cz\/?p=58027"},"modified":"2022-06-02T11:16:20","modified_gmt":"2022-06-02T09:16:20","slug":"58027-2","status":"publish","type":"post","link":"https:\/\/www.praha7.cz\/58027-2\/","title":{"rendered":"P\u0159em\u00edst\u011bn\u00ed autobusov\u00e9 zast\u00e1vky Strossmayerovo n\u00e1m\u011bst\u00ed linky 156"},"content":{"rendered":"<p>[perex]<\/p>\r\n<p>Dne 3.6.2022 p\u0159estane autobus \u010d. 156 zastavovat na sv\u00e9 dosavadn\u00ed zast\u00e1vce Strossmayerovo n\u00e1m\u011bst\u00ed ve sm\u011bru V\u00fdstavi\u0161t\u011b Hole\u0161ovice.\u00a0\u00a0<\/p>\r\n<p>Dopravn\u00ed podnik m\u011bsta Prahy zast\u00e1vku p\u0159em\u00edst\u00ed o&nbsp;70 metr\u016f proti sm\u011bru j\u00edzdy na chodn\u00edk p\u0159ed k\u0159i\u017eovatku se Strossmayerov\u00fdm n\u00e1m\u011bst\u00edm, na \u00farove\u0148 zast\u00e1vky tramvaje \u010d. 6, 8, 17, a&nbsp;26.<\/p>\r\n<p>D\u016fvodem p\u0159em\u00edst\u011bn\u00ed je zkvalitn\u011bn\u00ed p\u0159estupu a&nbsp;odbaven\u00ed cestuj\u00edc\u00edch a&nbsp;zlep\u0161en\u00ed dopravn\u00ed obslu\u017enosti zast\u00e1vky.<\/p>\r\n<p>[\/perex]<\/p>\r\n<p>&nbsp;<\/p>","protected":false},"excerpt":{"rendered":"[perex] Dne 3.6.2022 p\u0159estane autobus \u010d. 156 zastavovat na sv\u00e9 dosavadn\u00ed zast\u00e1vce Strossmayerovo n\u00e1m\u011bst\u00ed ve sm\u011bru V\u00fdstavi\u0161t\u011b Hole\u0161ovice.\u00a0\u00a0 Dopravn\u00ed podnik m\u011bsta Prahy zast\u00e1vku p\u0159em\u00edst\u00ed o&nbsp;70 metr\u016f proti sm\u011bru j\u00edzdy na chodn\u00edk p\u0159ed k\u0159i\u017eovatku se Strossmayerov\u00fdm n\u00e1m\u011bst\u00edm, na \u00farove\u0148 zast\u00e1vky tramvaje \u010d. 6, 8, 17, a&nbsp;26. D\u016fvodem p\u0159em\u00edst\u011bn\u00ed je zkvalitn\u011bn\u00ed p\u0159estupu a&nbsp;odbaven\u00ed cestuj\u00edc\u00edch a&nbsp;zlep\u0161en\u00ed dopravn\u00ed obslu\u017enosti [&hellip;]","protected":false},"author":277,"featured_media":58029,"comment_status":"closed","ping_status":"open","sticky":false,"template":"","format":"standard","meta":[],"categories":[34],"tags":[],"_links":{"self":[{"href":"https:\/\/www.praha7.cz\/api\/wp\/v2\/posts\/58027"}],"collection":[{"href":"https:\/\/www.praha7.cz\/api\/wp\/v2\/posts"}],"about":[{"href":"https:\/\/www.praha7.cz\/api\/wp\/v2\/types\/post"}],"author":[{"embeddable":true,"href":"https:\/\/www.praha7.cz\/api\/wp\/v2\/users\/277"}],"replies":[{"embeddable":true,"href":"https:\/\/www.praha7.cz\/api\/wp\/v2\/comments?post=58027"}],"version-history":[{"count":3,"href":"https:\/\/www.praha7.cz\/api\/wp\/v2\/posts\/58027\/revisions"}],"predecessor-version":[{"id":58031,"href":"https:\/\/www.praha7.cz\/api\/wp\/v2\/posts\/58027\/revisions\/58031"}],"wp:featuredmedia":[{"embeddable":true,"href":"https:\/\/www.praha7.cz\/api\/wp\/v2\/media\/58029"}],"wp:attachment":[{"href":"https:\/\/www.praha7.cz\/api\/wp\/v2\/media?parent=58027"}],"wp:term":[{"taxonomy":"category","embeddable":true,"href":"https:\/\/www.praha7.cz\/api\/wp\/v2\/categories?post=58027"},{"taxonomy":"post_tag","embeddable":true,"href":"https:\/\/www.praha7.cz\/api\/wp\/v2\/tags?post=58027"}],"curies":[{"name":"wp","href":"https:\/\/api.w.org\/{rel}","templated":true}]}}