    
{"id":57999,"date":"2022-06-01T15:49:34","date_gmt":"2022-06-01T13:49:34","guid":{"rendered":"https:\/\/www.praha7.cz\/?p=57999"},"modified":"2022-06-01T15:54:12","modified_gmt":"2022-06-01T13:54:12","slug":"festival-praha-zije-hudbou","status":"publish","type":"post","link":"https:\/\/www.praha7.cz\/festival-praha-zije-hudbou\/","title":{"rendered":"Festival Praha \u017eije hudbou"},"content":{"rendered":"<p>[perex]<\/p>\r\n<p>Praha \u017eije hudbou je nejv\u011bt\u0161\u00ed festival v&nbsp;ulic\u00edch Prahy, jeho\u017e c\u00edlem je upozornit na v\u00fdznam kvalitn\u00edho pouli\u010dn\u00edho um\u011bn\u00ed ve ve\u0159ejn\u00e9m prostoru. Zapojuj\u00ed se do n\u011bj zn\u00e1m\u00ed muzikanti i&nbsp;za\u010d\u00ednaj\u00edc\u00ed buske\u0159i a&nbsp;v&nbsp;ulic\u00edch, na n\u00e1m\u011bst\u00edch, v&nbsp;parc\u00edch a&nbsp;na dal\u0161\u00edch ve\u0159ejn\u00fdch m\u00edstech. Po dva dny tak bude pra\u017esk\u00fdmi ulicemi zn\u00edt hudba nejr\u016fzn\u011bj\u0161\u00edch \u017e\u00e1nr\u016f od popu p\u0159es rock, jazz, folk, hip-hop \u010di elektroniku, a\u017e po klasiku.\u00a0Festival nab\u00edz\u00ed tak\u00e9 hudebn\u00ed workshopy pro d\u011bti, urbanistick\u00e9 proch\u00e1zky a&nbsp;p\u0159edn\u00e1\u0161ky, slam poetry nebo akrobacii. Ve\u0161ker\u00fd program je zdarma.\u00a0<a href=\"http:\/\/www.prahazijehudbou.cz\">Festival Praha \u017eije hudbou<\/a> se kon\u00e1 ve dnech 3.&nbsp;a&nbsp;4.&nbsp;\u010dervna 2022. Na Sedmi\u010dce bude prob\u00edhat: u&nbsp;baru Cobra v&nbsp;ul. Milady Hor\u00e1kov\u00e9, u&nbsp;metra Vltavsk\u00e1 a&nbsp;u&nbsp;Metronomu v&nbsp;Letensk\u00fdch sadech.\u00a0\u00a0<\/p>\r\n<p>[\/perex]<\/p>\r\n<p>Speci\u00e1ln\u00ed sety pro hran\u00ed na ulici si letos p\u0159ipravuj\u00ed Aneta Langerov\u00e1, Lenka Dusilov\u00e1, Adam Mi\u0161\u00edk, Martin Harich nebo v&nbsp;Praze tvo\u0159\u00edc\u00ed britsk\u00fd p\u00edsni\u010dk\u00e1\u0159 James Harries. S\u00f3lov\u011b vystoup\u00ed kr\u00e1lovna femipunku Mucha nebo frontman Houpac\u00edch kon\u00ed Ji\u0159\u00ed Imlauf. Rapper a&nbsp;b\u00e1sn\u00edk Kato z&nbsp;Prago Union s&nbsp;kl\u00e1vesistou JeNem Hovorkou p\u0159edstav\u00ed sv\u016fj Pragob\u0159inkostroj, po dlouh\u00e9 dob\u011b se objev\u00ed na p\u00f3diu Ille, k&nbsp;pouli\u010dn\u00edm muzikant\u016fm se p\u0159idaj\u00ed tak\u00e9 frontman minus123minut Zden\u011bk B\u00edna, rapperka Hellwana a&nbsp;mnoz\u00ed dal\u0161\u00ed.\u00a0<\/p>\r\n<p>V\u00edce informac\u00ed na <a href=\"http:\/\/www.prahazijehudbou.cz\">www.prahazijehudbou.cz<\/a>.\u00a0\u00a0<\/p>","protected":false},"excerpt":{"rendered":"[perex] Praha \u017eije hudbou je nejv\u011bt\u0161\u00ed festival v&nbsp;ulic\u00edch Prahy, jeho\u017e c\u00edlem je upozornit na v\u00fdznam kvalitn\u00edho pouli\u010dn\u00edho um\u011bn\u00ed ve ve\u0159ejn\u00e9m prostoru. Zapojuj\u00ed se do n\u011bj zn\u00e1m\u00ed muzikanti i&nbsp;za\u010d\u00ednaj\u00edc\u00ed buske\u0159i a&nbsp;v&nbsp;ulic\u00edch, na n\u00e1m\u011bst\u00edch, v&nbsp;parc\u00edch a&nbsp;na dal\u0161\u00edch ve\u0159ejn\u00fdch m\u00edstech. Po dva dny tak bude pra\u017esk\u00fdmi ulicemi zn\u00edt hudba nejr\u016fzn\u011bj\u0161\u00edch \u017e\u00e1nr\u016f od popu p\u0159es rock, jazz, folk, hip-hop [&hellip;]","protected":false},"author":76,"featured_media":58000,"comment_status":"closed","ping_status":"open","sticky":false,"template":"","format":"standard","meta":[],"categories":[34],"tags":[],"_links":{"self":[{"href":"https:\/\/www.praha7.cz\/api\/wp\/v2\/posts\/57999"}],"collection":[{"href":"https:\/\/www.praha7.cz\/api\/wp\/v2\/posts"}],"about":[{"href":"https:\/\/www.praha7.cz\/api\/wp\/v2\/types\/post"}],"author":[{"embeddable":true,"href":"https:\/\/www.praha7.cz\/api\/wp\/v2\/users\/76"}],"replies":[{"embeddable":true,"href":"https:\/\/www.praha7.cz\/api\/wp\/v2\/comments?post=57999"}],"version-history":[{"count":7,"href":"https:\/\/www.praha7.cz\/api\/wp\/v2\/posts\/57999\/revisions"}],"predecessor-version":[{"id":58007,"href":"https:\/\/www.praha7.cz\/api\/wp\/v2\/posts\/57999\/revisions\/58007"}],"wp:featuredmedia":[{"embeddable":true,"href":"https:\/\/www.praha7.cz\/api\/wp\/v2\/media\/58000"}],"wp:attachment":[{"href":"https:\/\/www.praha7.cz\/api\/wp\/v2\/media?parent=57999"}],"wp:term":[{"taxonomy":"category","embeddable":true,"href":"https:\/\/www.praha7.cz\/api\/wp\/v2\/categories?post=57999"},{"taxonomy":"post_tag","embeddable":true,"href":"https:\/\/www.praha7.cz\/api\/wp\/v2\/tags?post=57999"}],"curies":[{"name":"wp","href":"https:\/\/api.w.org\/{rel}","templated":true}]}}