    
{"id":57990,"date":"2022-06-01T14:07:39","date_gmt":"2022-06-01T12:07:39","guid":{"rendered":"https:\/\/www.praha7.cz\/?p=57990"},"modified":"2022-06-01T16:36:42","modified_gmt":"2022-06-01T14:36:42","slug":"sedmicka-podporila-beneficni-cyklojizdu-na-kole-detem-3","status":"publish","type":"post","link":"https:\/\/www.praha7.cz\/sedmicka-podporila-beneficni-cyklojizdu-na-kole-detem-3\/","title":{"rendered":"Sedmi\u010dka podpo\u0159ila benefi\u010dn\u00ed cykloj\u00edzdu Na kole d\u011btem"},"content":{"rendered":"<p>[perex]<\/p>\r\n<p>Ve st\u0159edu 1.&nbsp;\u010dervna 2022 op\u011bt zav\u00edtal peloton \u00fa\u010dastn\u00edk\u016f etapov\u00e9 cykloj\u00edzdy <a href=\"https:\/\/www.nakoledetem.cz\/\">Na kole d\u011btem<\/a> na radnici Prahy&nbsp;7.<\/p>\r\n<p>[\/perex]<\/p>\r\n<p>Zhruba stovka cyklist\u016f v&nbsp;\u010dele s&nbsp;n\u011bkolikan\u00e1sobn\u00fdm mistrem sv\u011bta i&nbsp;\u010cR v&nbsp;j\u00edzd\u011b na vysok\u00e9m kole Josefem Zimov\u010d\u00e1kem (p\u0159edsedou nada\u010dn\u00edho fondu Na kole d\u011btem) vyrazila v&nbsp;r\u00e1mci sv\u00e9 1.&nbsp;leto\u0161n\u00ed etapy z\u00a0Prahy do Berouna. K&nbsp;pelotonu se op\u011bt p\u0159idala \u0159ada zn\u00e1m\u00fdch tv\u00e1\u0159\u00ed a&nbsp;osobnost\u00ed, mezi nimi tak\u00e9 p\u0159edseda Sen\u00e1tu Parlamentu \u010cR Milo\u0161 Vystr\u010dil. V\u00a0r\u00e1mci etapy na \u00fazem\u00ed sedm\u00e9 m\u011bstsk\u00e9 \u010d\u00e1sti cyklisty na trase doprovodil tak\u00e9 starosta M\u010c Praha&nbsp;7 Jan \u010ci\u017einsk\u00fd.<\/p>\r\n<p>Sedm\u00e1 m\u011bstsk\u00e1 \u010d\u00e1st tak jako ka\u017ed\u00fd rok podpo\u0159ila jedine\u010dn\u00fd charitativn\u00ed projekt, jeho\u017e v\u00fdt\u011b\u017eek putuje na pomoc onkologicky nemocn\u00fdm d\u011btem, \u010d\u00e1stkou 10.000&nbsp;K\u010d. Na dvo\u0159e radnice bylo pro \u00fa\u010dastn\u00edky p\u0159ipraveno z\u00e1zem\u00ed a&nbsp;ob\u010derstven\u00ed. P\u0159ejeme v\u0161em \u0161\u0165astnou cestu do c\u00edle!<\/p>\r\n<p><a href=\"https:\/\/www.nakoledetem.cz\/\">www.nakoledetem.cz<\/a><\/p>\r\n<p><img loading=\"lazy\" src=\"https:\/\/www.praha7.cz\/wp-content\/uploads\/2022\/06\/na-kole-d\u011btem-2-1500x1000.jpg\" alt=\"\" width=\"640\" height=\"427\" class=\"alignnone size-large wp-image-57994\" srcset=\"https:\/\/www.praha7.cz\/wp-content\/uploads\/2022\/06\/na-kole-d\u011btem-2-1500x1000.jpg 1500w, https:\/\/www.praha7.cz\/wp-content\/uploads\/2022\/06\/na-kole-d\u011btem-2-600x400.jpg 600w, https:\/\/www.praha7.cz\/wp-content\/uploads\/2022\/06\/na-kole-d\u011btem-2-768x512.jpg 768w\" sizes=\"(max-width: 640px) 100vw, 640px\" \/><\/p>\r\n<p><img loading=\"lazy\" src=\"https:\/\/www.praha7.cz\/wp-content\/uploads\/2022\/06\/na-kole-d\u011btem-3-1500x1000.jpg\" alt=\"\" width=\"640\" height=\"427\" class=\"alignnone size-large wp-image-57992\" srcset=\"https:\/\/www.praha7.cz\/wp-content\/uploads\/2022\/06\/na-kole-d\u011btem-3-1500x1000.jpg 1500w, https:\/\/www.praha7.cz\/wp-content\/uploads\/2022\/06\/na-kole-d\u011btem-3-600x400.jpg 600w, https:\/\/www.praha7.cz\/wp-content\/uploads\/2022\/06\/na-kole-d\u011btem-3-768x512.jpg 768w\" sizes=\"(max-width: 640px) 100vw, 640px\" \/><\/p>","protected":false},"excerpt":{"rendered":"[perex] Ve st\u0159edu 1.&nbsp;\u010dervna 2022 op\u011bt zav\u00edtal peloton \u00fa\u010dastn\u00edk\u016f etapov\u00e9 cykloj\u00edzdy Na kole d\u011btem na radnici Prahy&nbsp;7. [\/perex] Zhruba stovka cyklist\u016f v&nbsp;\u010dele s&nbsp;n\u011bkolikan\u00e1sobn\u00fdm mistrem sv\u011bta i&nbsp;\u010cR v&nbsp;j\u00edzd\u011b na vysok\u00e9m kole Josefem Zimov\u010d\u00e1kem (p\u0159edsedou nada\u010dn\u00edho fondu Na kole d\u011btem) vyrazila v&nbsp;r\u00e1mci sv\u00e9 1.&nbsp;leto\u0161n\u00ed etapy z\u00a0Prahy do Berouna. K&nbsp;pelotonu se op\u011bt p\u0159idala \u0159ada zn\u00e1m\u00fdch tv\u00e1\u0159\u00ed a&nbsp;osobnost\u00ed, mezi [&hellip;]","protected":false},"author":5,"featured_media":57995,"comment_status":"closed","ping_status":"open","sticky":false,"template":"","format":"standard","meta":[],"categories":[34,74],"tags":[],"_links":{"self":[{"href":"https:\/\/www.praha7.cz\/api\/wp\/v2\/posts\/57990"}],"collection":[{"href":"https:\/\/www.praha7.cz\/api\/wp\/v2\/posts"}],"about":[{"href":"https:\/\/www.praha7.cz\/api\/wp\/v2\/types\/post"}],"author":[{"embeddable":true,"href":"https:\/\/www.praha7.cz\/api\/wp\/v2\/users\/5"}],"replies":[{"embeddable":true,"href":"https:\/\/www.praha7.cz\/api\/wp\/v2\/comments?post=57990"}],"version-history":[{"count":3,"href":"https:\/\/www.praha7.cz\/api\/wp\/v2\/posts\/57990\/revisions"}],"predecessor-version":[{"id":58009,"href":"https:\/\/www.praha7.cz\/api\/wp\/v2\/posts\/57990\/revisions\/58009"}],"wp:featuredmedia":[{"embeddable":true,"href":"https:\/\/www.praha7.cz\/api\/wp\/v2\/media\/57995"}],"wp:attachment":[{"href":"https:\/\/www.praha7.cz\/api\/wp\/v2\/media?parent=57990"}],"wp:term":[{"taxonomy":"category","embeddable":true,"href":"https:\/\/www.praha7.cz\/api\/wp\/v2\/categories?post=57990"},{"taxonomy":"post_tag","embeddable":true,"href":"https:\/\/www.praha7.cz\/api\/wp\/v2\/tags?post=57990"}],"curies":[{"name":"wp","href":"https:\/\/api.w.org\/{rel}","templated":true}]}}