    
{"id":57952,"date":"2022-06-01T09:58:10","date_gmt":"2022-06-01T07:58:10","guid":{"rendered":"https:\/\/www.praha7.cz\/?p=57952"},"modified":"2022-06-01T10:16:59","modified_gmt":"2022-06-01T08:16:59","slug":"tichy-svet-a-profem-zpristupnuji-informace-o-domacim-a-sexualnim-nasili-lidem-se-sluchovym-postizenim","status":"publish","type":"post","link":"https:\/\/www.praha7.cz\/tichy-svet-a-profem-zpristupnuji-informace-o-domacim-a-sexualnim-nasili-lidem-se-sluchovym-postizenim\/","title":{"rendered":"Tich\u00fd sv\u011bt a&nbsp;proFem zp\u0159\u00edstup\u0148uj\u00ed informace o&nbsp;dom\u00e1c\u00edm a&nbsp;sexu\u00e1ln\u00edm n\u00e1sil\u00ed lidem se sluchov\u00fdm posti\u017een\u00edm"},"content":{"rendered":"<p>[perex]<\/p>\r\n<p>Organizace <a href=\"https:\/\/www.tichysvet.cz\/\">Tich\u00fd sv\u011bt<\/a> spolu s&nbsp;organizac\u00ed <a href=\"https:\/\/www.profem.cz\/\">proFem o.p.s<\/a>. p\u0159ipravili osv\u011btov\u00fd seri\u00e1l na t\u00e9ma dom\u00e1c\u00edho a&nbsp;sexu\u00e1ln\u00edho n\u00e1sil\u00ed\u00a0ve sv\u011bt\u011b lid\u00ed se sluchov\u00fdm posti\u017een\u00edm.\u00a0<\/p>\r\n<p>[\/perex]<\/p>\r\n<p>\u201e<em>Za\u010d\u00e1tek spolupr\u00e1ce na\u0161ich organizac\u00ed byl naprosto p\u0159irozen\u00fd. Kr\u00e1tce pot\u00e9, co jsem absolvovala kurz v&nbsp;proFemu o&nbsp;dom\u00e1c\u00edm a&nbsp;sexu\u00e1ln\u00edm n\u00e1sil\u00ed, se na n\u00e1s obr\u00e1tila nesly\u0161\u00edc\u00ed klientka, kter\u00e1 pr\u00e1v\u011b tento druh n\u00e1sil\u00ed za\u017e\u00edvala. A&nbsp;spolupr\u00e1ce byla na sv\u011bt\u011b.<\/em>\u201c popisuje vedouc\u00ed odborn\u00e9ho soci\u00e1ln\u00edho poradenstv\u00ed Tich\u00e9ho sv\u011bta Gabriela Petru\u0161kov\u00e1.<\/p>\r\n<p>Ob\u011b organizace vn\u00edmaly, \u017ee t\u00e9mata dom\u00e1c\u00edho a&nbsp;sexu\u00e1ln\u00edho n\u00e1sil\u00ed jsou v&nbsp;komunit\u011b nesly\u0161\u00edc\u00edch siln\u011b tabuizovan\u00e1. Informace o&nbsp;t\u00e9to problematice jsou p\u0159\u00edstupn\u00e9 a&nbsp;hodn\u011b se o&nbsp;nich mluv\u00ed a&nbsp;p\u00ed\u0161e ve sly\u0161\u00edc\u00ed v\u011bt\u0161in\u011b, nesly\u0161\u00edc\u00edm ale informace v&nbsp;\u010desk\u00e9m znakov\u00e9m jazyce sch\u00e1z\u00ed. Netu\u0161\u00ed pak, jak se se situac\u00ed vyrovnat, nev\u011bd\u00ed, kam se mohou obr\u00e1tit. \u010casto se tak st\u00e1v\u00e1, \u017ee se jejich probl\u00e9m za zav\u0159en\u00fdmi dve\u0159mi prohlubuje a&nbsp;nikdy nedojde k&nbsp;jeho \u0159e\u0161en\u00ed. Takov\u00e9 p\u0159\u00edpady pak mohou skon\u010dit tragicky.<\/p>\r\n<p>\u201e<em>Kv\u016fli nedostatku informac\u00ed pro u\u017eivatele \u010desk\u00e9ho znakov\u00e9ho jazyka jsme se pustili do tvorby osv\u011btov\u00e9 kampan\u011b. Vytvo\u0159ili jsme osm vide\u00ed, ve kter\u00fdch jsou ty nejd\u016fle\u017eit\u011bj\u0161\u00ed informace na t\u00e9ma dom\u00e1c\u00edho a&nbsp;sexu\u00e1ln\u00edho n\u00e1sil\u00ed v&nbsp;\u010desk\u00e9m znakov\u00e9m jazyce a&nbsp;s&nbsp;titulky<\/em>,\u201c shrnuje Gabriela Petru\u0161kov\u00e1.<\/p>\r\n<p>Pot\u0159ebu \u0161\u00ed\u0159it osv\u011btu i&nbsp;mezi nesly\u0161\u00edc\u00ed komunitu c\u00edt\u00ed i&nbsp;\u0159editelka proFem Jitka Pol\u00e1kov\u00e1. &#8222;<em>V\u00edme, \u017ee pro ob\u011bti dom\u00e1c\u00edho nebo sexu\u00e1ln\u00edho n\u00e1sil\u00ed m\u016f\u017ee b\u00fdt t\u011b\u017ek\u00e9 vyhledat pomoc. O&nbsp;to t\u011b\u017e\u0161\u00ed to m\u016f\u017ee b\u00fdt pro u\u017eivatele znakov\u00e9ho jazyka. Douf\u00e1me, \u017ee tato forma spolupr\u00e1ce povede nejen k&nbsp;v\u011bt\u0161\u00ed informovanosti o&nbsp;t\u00e9matu, ale p\u0159isp\u011bje tak\u00e9 k&nbsp;tomu, aby pro nesly\u0161\u00edc\u00ed bylo snaz\u0161\u00ed vyu\u017e\u00edvat dostupn\u00fdch slu\u017eeb, pokud je pot\u0159ebuj\u00ed<\/em>,&#8220; \u0159\u00edk\u00e1.<\/p>\r\n<p>Tato videa budou ob\u011b organizace sd\u00edlet na sv\u00fdch soci\u00e1ln\u00edch s\u00edt\u00edch v&nbsp;pr\u016fb\u011bhu \u010dervna a&nbsp;\u010dervence. Pot\u00e9 budou ve\u0159ejn\u011b dostupn\u00e1 na platform\u011b <a href=\"https:\/\/www.youtube.com\/channel\/UCCX15F265rbWFSXLN_on1KA\">YouTube<\/a>.<br \/>\r\n<br \/>\r\n<\/p>\r\n<p><a href=\"https:\/\/www.praha7.cz\/tichy-svet-a-profem-zpristupnuji-informace-o-domacim-a-sexualnim-nasili-lidem-se-sluchovym-postizenim\/tichy-svet_nasili\/\" rel=\"attachment wp-att-57953\"><img loading=\"lazy\" src=\"https:\/\/www.praha7.cz\/wp-content\/uploads\/2022\/06\/tich\u00fd-sv\u011bt_n\u00e1sil\u00ed.png\" alt=\"\" width=\"1080\" height=\"1080\" class=\"alignnone wp-image-57953 size-full\" srcset=\"https:\/\/www.praha7.cz\/wp-content\/uploads\/2022\/06\/tich\u00fd-sv\u011bt_n\u00e1sil\u00ed.png 1080w, https:\/\/www.praha7.cz\/wp-content\/uploads\/2022\/06\/tich\u00fd-sv\u011bt_n\u00e1sil\u00ed-200x200.png 200w, https:\/\/www.praha7.cz\/wp-content\/uploads\/2022\/06\/tich\u00fd-sv\u011bt_n\u00e1sil\u00ed-400x400.png 400w, https:\/\/www.praha7.cz\/wp-content\/uploads\/2022\/06\/tich\u00fd-sv\u011bt_n\u00e1sil\u00ed-768x768.png 768w, https:\/\/www.praha7.cz\/wp-content\/uploads\/2022\/06\/tich\u00fd-sv\u011bt_n\u00e1sil\u00ed-1000x1000.png 1000w\" sizes=\"(max-width: 1080px) 100vw, 1080px\" \/><\/a><br \/>\r\n<br \/>\r\n<\/p>\r\n<p>C\u00edlem spolupr\u00e1ce obou organizac\u00ed je tak\u00e9 zv\u00fd\u0161en\u00ed dostupnosti slu\u017eeb skupin\u00e1m obyvatel, kter\u00e9 \u010del\u00ed komunika\u010dn\u00edm bari\u00e9r\u00e1m. Nesly\u0161\u00edc\u00ed, kte\u0159\u00ed jsou ob\u011b\u0165mi dom\u00e1c\u00edho \u010di sexu\u00e1ln\u00edho n\u00e1sil\u00ed, tak mohou <strong>kontaktovat proFem nap\u0159\u00edklad prost\u0159ednictv\u00edm online tlumo\u010dnick\u00e9 slu\u017eby Tich\u00e1 linka \u010di absolvovat konzultace se soci\u00e1ln\u00edmi pracovn\u00edky a&nbsp;pr\u00e1vn\u00edky za fyzick\u00e9 p\u0159\u00edtomnosti tlumo\u010dn\u00edka.<\/strong><\/p>\r\n<p>Pomoc p\u0159i odstra\u0148ov\u00e1n\u00ed komunika\u010dn\u00edch bari\u00e9r je jedno z&nbsp;hlavn\u00edch posl\u00e1n\u00ed organizace Tich\u00fd sv\u011bt, hned vedle soci\u00e1ln\u00edch slu\u017eeb pro osoby se sluchov\u00fdm a&nbsp;kombinovan\u00fdm posti\u017een\u00edm a&nbsp;osv\u011bty. Tento seri\u00e1l navazuje na dal\u0161\u00ed osv\u011btov\u00e9 kampan\u011b nap\u0159\u00edklad s&nbsp;tematikou finan\u010dn\u00ed gramotnosti.<\/p>\r\n<p>Organizace proFem se v\u011bnuje pomoci ob\u011btem dom\u00e1c\u00edho a&nbsp;sexu\u00e1ln\u00edho n\u00e1sil\u00ed. Poskytuje soci\u00e1ln\u00ed a&nbsp;pr\u00e1vn\u00ed poradenstv\u00ed, p\u0159\u00edpadn\u011b tak\u00e9 pr\u00e1vn\u00ed zastupov\u00e1n\u00ed a&nbsp;individu\u00e1ln\u00ed a&nbsp;skupinov\u00e9 psychoterapie. Sou\u010d\u00e1st\u00ed pr\u00e1ce proFem je tak\u00e9 vyd\u00e1v\u00e1n\u00ed odborn\u00fdch publikac\u00ed, osv\u011btov\u00e1 a&nbsp;vzd\u011bl\u00e1vac\u00ed \u010dinnost a&nbsp;tak\u00e9 advoka\u010dn\u00ed aktivity, jejich\u017e c\u00edlem je zlep\u0161ov\u00e1n\u00ed kvality \u017eivota ob\u011bt\u00ed.<\/p>\r\n<p><em><strong>Kontakty:<\/strong><\/em> <br \/>\r\n<a href=\"https:\/\/www.tichysvet.cz\/\">Tich\u00fd Sv\u011bt<\/a>: Mgr. Eva \u0160t\u00edpkov\u00e1, <a href=\"mailto:eva.stipkova@tichysvet.cz\">eva.stipkova@tichysvet.cz<\/a>, 603&nbsp;593&nbsp;623<\/p>\r\n<p><a href=\"https:\/\/www.profem.cz\/\">proFem<\/a>: Barbora B\u00e1\u0161t\u011bck\u00e1, <a href=\"mailto:barbora.bastecka@profem.cz\">barbora.bastecka@profem.cz<\/a>, 774&nbsp;433&nbsp;077<\/p>","protected":false},"excerpt":{"rendered":"[perex] Organizace Tich\u00fd sv\u011bt spolu s&nbsp;organizac\u00ed proFem o.p.s. p\u0159ipravili osv\u011btov\u00fd seri\u00e1l na t\u00e9ma dom\u00e1c\u00edho a&nbsp;sexu\u00e1ln\u00edho n\u00e1sil\u00ed\u00a0ve sv\u011bt\u011b lid\u00ed se sluchov\u00fdm posti\u017een\u00edm.\u00a0 [\/perex] \u201eZa\u010d\u00e1tek spolupr\u00e1ce na\u0161ich organizac\u00ed byl naprosto p\u0159irozen\u00fd. Kr\u00e1tce pot\u00e9, co jsem absolvovala kurz v&nbsp;proFemu o&nbsp;dom\u00e1c\u00edm a&nbsp;sexu\u00e1ln\u00edm n\u00e1sil\u00ed, se na n\u00e1s obr\u00e1tila nesly\u0161\u00edc\u00ed klientka, kter\u00e1 pr\u00e1v\u011b tento druh n\u00e1sil\u00ed za\u017e\u00edvala. A&nbsp;spolupr\u00e1ce byla na sv\u011bt\u011b.\u201c [&hellip;]","protected":false},"author":76,"featured_media":57958,"comment_status":"closed","ping_status":"open","sticky":false,"template":"","format":"standard","meta":[],"categories":[34],"tags":[],"_links":{"self":[{"href":"https:\/\/www.praha7.cz\/api\/wp\/v2\/posts\/57952"}],"collection":[{"href":"https:\/\/www.praha7.cz\/api\/wp\/v2\/posts"}],"about":[{"href":"https:\/\/www.praha7.cz\/api\/wp\/v2\/types\/post"}],"author":[{"embeddable":true,"href":"https:\/\/www.praha7.cz\/api\/wp\/v2\/users\/76"}],"replies":[{"embeddable":true,"href":"https:\/\/www.praha7.cz\/api\/wp\/v2\/comments?post=57952"}],"version-history":[{"count":8,"href":"https:\/\/www.praha7.cz\/api\/wp\/v2\/posts\/57952\/revisions"}],"predecessor-version":[{"id":57963,"href":"https:\/\/www.praha7.cz\/api\/wp\/v2\/posts\/57952\/revisions\/57963"}],"wp:featuredmedia":[{"embeddable":true,"href":"https:\/\/www.praha7.cz\/api\/wp\/v2\/media\/57958"}],"wp:attachment":[{"href":"https:\/\/www.praha7.cz\/api\/wp\/v2\/media?parent=57952"}],"wp:term":[{"taxonomy":"category","embeddable":true,"href":"https:\/\/www.praha7.cz\/api\/wp\/v2\/categories?post=57952"},{"taxonomy":"post_tag","embeddable":true,"href":"https:\/\/www.praha7.cz\/api\/wp\/v2\/tags?post=57952"}],"curies":[{"name":"wp","href":"https:\/\/api.w.org\/{rel}","templated":true}]}}