    
{"id":57811,"date":"2022-06-02T11:36:52","date_gmt":"2022-06-02T09:36:52","guid":{"rendered":"https:\/\/www.praha7.cz\/?p=57811"},"modified":"2022-06-02T11:39:21","modified_gmt":"2022-06-02T09:39:21","slug":"vytvarka-nesmi-byt-nuda","status":"publish","type":"post","link":"https:\/\/www.praha7.cz\/vytvarka-nesmi-byt-nuda\/","title":{"rendered":"V\u00fdtvarka nesm\u00ed b\u00fdt nuda"},"content":{"rendered":"<p>[perex]<\/p>\r\n<p>V\u00fdtvarn\u00e1 v\u00fdchova za\u017e\u00edv\u00e1 zaj\u00edmav\u00e9 zm\u011bny. Jej\u00ed podoba se na n\u011bkter\u00fdch \u0161kol\u00e1ch pomalu m\u011bn\u00ed sm\u011brem, kter\u00fd si je\u0161t\u011b p\u0159ed n\u011bkolika lety leckdo neum\u011bl p\u0159edstavit. V\u00fdtvarka nab\u00edz\u00ed mo\u017enost sou\u010dasn\u011b experimentovat, hr\u00e1t si a\u00a0kreativn\u011b se rozv\u00edjet, co\u017e ji odli\u0161uje od jin\u00fdch p\u0159edm\u011bt\u016f. P\u0159esto je tento potenci\u00e1l m\u00e1lo vyu\u017e\u00edvan\u00fd. V\u00a0\u010dervnu na Sedmi\u010dce prob\u011bhnou hned dv\u011b akce, kter\u00e9 nab\u00eddnou mo\u017enosti, jak k\u00a0sou\u010dasn\u00e9mu um\u011bn\u00ed nejen na \u0161kol\u00e1ch p\u0159istupovat \u2013 <a href=\"https:\/\/www.dox.cz\/program\/umelci-po-skole\">na st\u011bn\u00e1ch Centra sou\u010dasn\u00e9ho um\u011bn\u00ed DOX<\/a> bude k\u00a0vid\u011bn\u00ed n\u011bkolikam\u011bs\u00ed\u010dn\u00ed \u00fasil\u00ed \u017e\u00e1k\u016f ze \u0161kol Prahy&nbsp;7, 10 a\u00a022, jejich u\u010ditel\u016f a\u00a0m\u00edstn\u00edch um\u011blc\u016f v\u00a0r\u00e1mci projektu Um\u011blci po \u0161kole. Druhou \u010dervnovou sobotu se Vod\u00e1rensk\u00e1 v\u011b\u017e na Letn\u00e9 prom\u011bn\u00ed v\u00a0m\u00edsto p\u0159ekypuj\u00edc\u00ed v\u00fdtvarn\u00fdmi d\u00edlnami a\u00a0workshopy pro v\u0161echny d\u00edky <a href=\"https:\/\/www.facebook.com\/events\/3156807117874071\/?ref=newsfeed\">Festivalu V\u00fdtvarka!!!<\/a> Pono\u0159te se s\u00a0Art Districtem 7 do sv\u011bta um\u011bn\u00ed!<\/p>\r\n<p>[\/perex]<\/p>\r\n<p><span style=\"color: #0000ff;\"><strong>Um\u011blci po \u0161kole<\/strong><\/span><br \/>\r\nKdy se vyu\u010duj\u00edc\u00ed v\u00fdtvarn\u00e9 v\u00fdchovy zap\u00e1l\u00ed pro svou pr\u00e1ci? Jak dlouho jim to vydr\u017e\u00ed? Co nebo kdo je m\u016f\u017ee inspirovat? Bav\u00ed je spolupracovat? U\u010ditelky a\u00a0u\u010ditel\u00e9 v\u00fdtvarn\u00e9 v\u00fdchovy z\u00a0n\u011bkolika pra\u017esk\u00fdch z\u00e1kladn\u00edch \u0161kol se na tyto a\u00a0dal\u0161\u00ed ot\u00e1zky pokou\u0161eli odpov\u011bd\u011bt p\u0159i spole\u010dn\u00fdch workshopech po\u0159\u00e1dan\u00fdch platformou <a href=\"http:\/\/www.umeleckestrevo.cz\">M\u00e1\u0161 um\u011bleck\u00e9 st\u0159evo?<\/a> V\u00a0prostor\u00e1ch Centra sou\u010dasn\u00e9ho um\u011bn\u00ed DOX v\u00a0r\u00e1mci rod\u00edc\u00edho se projektu <a href=\"https:\/\/umeleckestrevo.cz\/platforma-mus\/umelci-za-skolou\/\">Um\u011blci po \u0161kole<\/a> si na podzim lo\u0148sk\u00e9ho roku vym\u011b\u0148ovali zku\u0161enosti a\u00a0postupn\u011b rozv\u00edjeli spole\u010dn\u011b zvolen\u00e9 t\u00e9ma, j\u00edm\u017e se v\u00a0reakci na dlouhou pandemii stala komunikace \u2013 vztah a\u00a0dialog.<\/p>\r\n<p>Na p\u0159\u00edpravn\u00e1 setk\u00e1n\u00ed byli zv\u00e1ni osloven\u00ed um\u011blci a\u00a0um\u011blkyn\u011b. Sezn\u00e1men\u00ed se s\u00a0jejich tvorbou p\u0159edch\u00e1zelo zapojen\u00ed um\u011blc\u016f do pr\u00e1ce s\u00a0d\u011btmi p\u0159\u00edmo ve \u0161kol\u00e1ch. Na prvn\u00ed sch\u016fzku s\u00a0vyu\u010duj\u00edc\u00edmi dorazila mal\u00ed\u0159ka a\u00a0dokumentaristka Lenka \u0160t\u011bp\u00e1nkov\u00e1, absolventka pra\u017esk\u00e9 V\u0160UP. Lenka u\u010ditel\u016fm prozradila, \u017ee t\u00e9ma komunikace je vlastn\u011b st\u011b\u017eejn\u00ed pro jej\u00ed pr\u00e1ci,\u00a0p\u0159i n\u00ed\u017e se zejm\u00e9na\u00a0v\u00a0posledn\u00ed \u2013 pandemick\u00e9\u00a0\u2013 dob\u011b v\u011bnuje nat\u00e1\u010den\u00ed medailonk\u016f sv\u00fdch koleg\u016f um\u011blc\u016f a\u00a0um\u011blky\u0148 v\u00a0jejich ateli\u00e9rech.<\/p>\r\n<p>T\u00e9ma dal\u0161\u00ed sch\u016fzky se t\u00fdkalo definov\u00e1n\u00ed role u\u010ditel\u016f a\u00a0um\u011blc\u016f. Jak\u00e9 dovednosti a\u00a0charakteristiky jsou u\u017eite\u010dn\u00e9 pro jejich \u00fasp\u011bch v\u00a0profesi a\u00a0jak se mohou pozitivn\u011b odrazit v\u00a0pr\u00e1ci s\u00a0\u017e\u00e1ky? Krom\u011b toho vyu\u010duj\u00edc\u00ed nav\u00e1zali na ot\u00e1zku, je\u017e je nejv\u00edce tr\u00e1pila p\u0159i minul\u00e9m setk\u00e1n\u00ed, kter\u00e9 se t\u00fdkalo motivace. Shodli se na tom, \u017ee nejd\u016fle\u017eit\u011bj\u0161\u00ed pro motivaci \u017e\u00e1k\u016f je to, jak jsou jejich u\u010ditel\u00e9 do sv\u00e9 pr\u00e1ce zap\u00e1len\u00ed. A\u00a0tak hned ot\u00e1zku obr\u00e1tili\u00a0k\u00a0sob\u011b sam\u00fdm: Jak v\u00a0sob\u011b mohu jako u\u010ditel nebo u\u010ditelka tento z\u00e1pal probudit a\u00a0kultivovat ho? A\u00a0co jim z\u00a0toho vyplynulo?<\/p>\r\n<p><strong>Prostor pro n\u00e1pady<\/strong><br \/>\r\nPro n\u011bkter\u00e9 bylo d\u016fle\u017eit\u00e9 vr\u00e1tit se k\u00a0sob\u011b, sv\u00e9mu rozvoji, pozn\u00e1n\u00ed a\u00a0\u00fasp\u011bchu. Pro jin\u00e9 je podstatn\u00e9 um\u011bn\u00edm vysloven\u011b \u017e\u00edt, b\u00fdt s\u00a0n\u00edm co neju\u017e\u0161\u00edm kontaktu. Dal\u0161\u00ed se p\u0159ipojili s\u00a0n\u00e1vrhem inspirovat se setk\u00e1n\u00edmi s\u00a0jin\u00fdmi kulturami a\u00a0tak\u00e9 zm\u011bnou prost\u0159ed\u00ed. Hostem byl tentokr\u00e1t mlad\u00fd ilustr\u00e1tor, anim\u00e1tor a\u00a0mal\u00ed\u0159 Timur Aloev, kter\u00fd u\u010ditele sezn\u00e1mil se svoj\u00ed mnohovrstevnatou tvorbou plnou osobn\u00edch p\u0159\u00edb\u011bh\u016f i\u00a0fantaskn\u00edch sv\u011bt\u016f. Do\u0161lo i\u00a0na debatu o\u00a0aktu\u00e1ln\u00ed pozici um\u011blce a\u00a0o\u00a0sou\u010dasn\u00fdch trendech v\u00a0um\u011bn\u00ed.<\/p>\r\n<p>Posledn\u00ed workshop p\u0159ed za\u010d\u00e1tkem projekt\u016f ve \u0161kol\u00e1ch prob\u011bhl\u00a0v\u00a0\u00fanoru tohoto roku. Byl v\u011bnov\u00e1n tomu, jak se konkr\u00e9tn\u011b ideov\u011b propojit s\u00a0um\u011blci a\u00a0um\u011blkyn\u011bmi, na co myslet p\u0159i spolupr\u00e1ci a\u00a0jak spole\u010dn\u011b vyv\u00edjet projekt tak, aby co nejv\u00edc prostoru m\u011bly d\u011bti a\u00a0jejich n\u00e1pady. Vyu\u010duj\u00edc\u00ed vz\u00e1jemn\u011b sd\u00edleli, co pl\u00e1nuj\u00ed, co by mohlo b\u00fdt p\u0159ek\u00e1\u017ekou, nebo naopak \u010deho mohou vyu\u017e\u00edt. Delegace um\u011blc\u016f byla tentokr\u00e1t opravdu po\u010detn\u00e1. Dorazila konceptu\u00e1ln\u00ed um\u011blkyn\u011b a\u00a0tv\u016frkyn\u011b textiln\u00edch objekt\u016f Tereza S\u00fdkorov\u00e1, mal\u00ed\u0159 Matou\u0161 Hrbek a\u00a0um\u011bleck\u00e1 dvojice z\u00a0divadeln\u00edho prost\u0159ed\u00ed re\u017eis\u00e9rka Olivia Fant\u00farov\u00e1 a\u00a0scen\u00e1rista Jakub R\u016f\u017ei\u010dka. Pot\u00e9, co tito tv\u016frci p\u0159edstavili na workshopech v\u00a0DOXu sv\u00e9 um\u011bleck\u00e9 projekty, propojili se rovnou na m\u00edst\u011b\u00a0s\u00a0konkr\u00e9tn\u00edmi vyu\u010duj\u00edc\u00edmi. Do projektu se n\u00e1sledn\u011b p\u0159ipojila je\u0161t\u011b konceptu\u00e1ln\u00ed um\u011blkyn\u011b a\u00a0finalistka Ceny Jind\u0159icha Chalupeck\u00e9ho Olga Krykun, mal\u00ed\u0159ka a\u00a0tv\u016frkyn\u011b digit\u00e1ln\u00edch kol\u00e1\u017e\u00ed Klaudie Hlavat\u00e1, fotografka Nikola R\u00e1cov\u00e1 a\u00a0herec a\u00a0lektor V\u00e1clav Wortner.<\/p>\r\n<p><strong>Spole\u010dn\u00e1 v\u00fdstava<\/strong><br \/>\r\nOd b\u0159ezna se um\u011blkyn\u011b a\u00a0um\u011blci propojovali s\u00a0vyu\u010duj\u00edc\u00edmi, seznamovali se s\u00a0jejich n\u00e1vrhy na zpracov\u00e1n\u00ed t\u00e9matu a\u00a0navrhovali, jak nab\u00eddnout d\u011btem svoji oblast tvorby \u010di m\u00e9dium\u00a0a\u00a0jak t\u00e9ma spole\u010dn\u011b uchopit. V\u00a0dob\u011b vzniku \u010dl\u00e1nku jsou v\u0161ichni ve \u0161kol\u00e1ch, tvo\u0159\u00ed a\u00a0chystaj\u00ed sv\u00e9 v\u00fdstupy na <a href=\"https:\/\/www.dox.cz\/program\/umelci-po-skole\">v\u00fdstavu, kter\u00e1 prob\u011bhne od 2.&nbsp;do 12.&nbsp;\u010dervna v\u00a0Centru sou\u010dasn\u00e9ho um\u011bn\u00ed DOX<\/a>.<\/p>\r\n<p>Brzy se ji\u017e se v\u0161emi \u0161koln\u00edmi projekty budou moci sezn\u00e1mit nejen b\u011b\u017en\u00ed n\u00e1v\u0161t\u011bvn\u00edci DOXu, ale tak\u00e9 spolu\u017e\u00e1ci, rodi\u010de a\u00a0kamar\u00e1di vystavuj\u00edc\u00edch \u017e\u00e1k\u016f i\u00a0u\u010ditel\u00e9 a\u00a0p\u0159\u00e1tel\u00e9 z\u00fa\u010dastn\u011bn\u00fdch um\u011blc\u016f a\u00a0um\u011blky\u0148. Uvid\u00edme, co n\u00e1m v\u00fdstava nab\u00eddne. Doufejme, \u017ee u\u010ditel\u016fm vz\u00e1jemn\u00e9 obohacen\u00ed, zaj\u00edmav\u00e9 n\u00e1pady do v\u00fduky a\u00a0motivaci zkusit to zase trochu jinak. D\u011btem pozn\u00e1n\u00ed, \u017ee na st\u011bn\u011b galerie p\u0159i tro\u0161e dobr\u00e9 v\u016fle m\u016f\u017ee viset i\u00a0jejich d\u00edlko,\u00a0a\u00a0um\u011blc\u016fm \u00falevu, \u017ee to zvl\u00e1dli, i\u00a0kdy\u017e museli z\u016fstat po \u0161kole. To, co se ale projektem Um\u011blci po \u0161kole prol\u00ednalo jako \u010derven\u00e1 nit, byla spole\u010dn\u00e1 dohoda, \u017ee dokonal\u00fd v\u00fdstup, d\u00edlo nebylo c\u00edlem tohoto projektu. C\u00edlem byl spole\u010dn\u00fd z\u00e1\u017eitek a\u00a0radost z\u00a0procesu.\u00a0<\/p>\r\n<p><strong>Co spat\u0159\u00edme v\u00a0DOXu?<\/strong><br \/>\r\nU\u010ditel Marcel Gabriel ze Z\u0160 Strossmayerovo n\u00e1m\u011bst\u00ed s\u00a0\u017e\u00e1ky vytvo\u0159il kolekci fotografi\u00ed o\u00a0tom, jak s\u00a0nimi komunikuje prostor \u0161koly, jej\u00ed z\u00e1kout\u00ed a\u00a0zn\u00e1m\u00e9 p\u0159edm\u011bty. Ve spolupr\u00e1ci s\u00a0hercem V\u00e1clavem Wortnerem budou v\u0161ak d\u011bti ohled\u00e1vat tyto prostory tak\u00e9 pohybem a\u00a0fyzicky, prost\u0159ednictv\u00edm pohybov\u00e9 improvizace.<\/p>\r\n<p>Projekt zalo\u017een\u00fd na \u0161koln\u00edch site specific instalac\u00edch vyv\u00edjej\u00ed tak\u00e9 u\u010ditelky Kate\u0159ina Vr\u00e1nkov\u00e1 a\u00a0Tereza Jursov\u00e1 s\u00a0divadeln\u00edky Olivi\u00ed Fant\u00farovou a\u00a0Jakubem R\u016f\u017ei\u010dkou na Z\u0160 Letohradsk\u00e1. V\u00a0budov\u011b t\u00e9to \u0161koly se pohybuje i\u00a0mal\u00ed\u0159 Matou\u0161 Hrbek, kter\u00fd chyst\u00e1 s\u00a0d\u011btmi a\u00a0u\u010ditelkou Terezou Dleskovou rozm\u011brn\u00fd obraz. Tak\u00e9 um\u011blkyn\u011b Olga Krykun, je\u017e cestuje mezi Prahou a\u00a0sv\u00fdm p\u016fsobi\u0161t\u011bm v\u00a0Polsku, s\u00a0d\u011btmi a\u00a0u\u010ditelkou Zuzanou \u0160indel\u00e1\u0159ovou pracuje na prostorov\u00e9 instalaci.<\/p>\r\n<p>Na FZ\u0160 Um\u011bleck\u00e1 vznikaj\u00ed pr\u00e1ce, kter\u00e9 vyu\u017e\u00edvaj\u00ed nov\u00e1 m\u00e9dia. \u0160es\u0165\u00e1ci s\u00a0podporou Timura Aloeva a\u00a0u\u010ditelky Anny Ticho\u0148 \u0160widrov\u00e9 nat\u00e1\u010dej\u00ed roztodivn\u00e9 anim\u00e1ky a\u00a0\u010dtvr\u0165\u00e1ci s\u00a0mal\u00ed\u0159kou Lenkou \u0160t\u011bp\u00e1nkovou a\u00a0s\u00a0u\u010ditelkou Luci\u00ed Navr\u00e1tilovou se pokou\u0161ej\u00ed\u00a0o\u00a0sv\u016fj retrospektivn\u00ed autoportr\u00e9t v\u00a0dob\u011b, kdy byla komunikace se \u0161kolou i\u00a0kamar\u00e1dy zt\u00ed\u017een\u00e1 distan\u010dn\u00ed v\u00fdukou.<\/p>\r\n<p>Na Z\u0160 Tusarova a\u00a0Z\u0160 Korunova\u010dn\u00ed je zat\u00edm po\u010d\u00edn\u00e1n\u00ed skupinek \u017e\u00e1k\u016f vyu\u010duj\u00edc\u00edch Petry Dvo\u0159\u00e1kov\u00e9 a\u00a0Jany Dybalov\u00e9 obest\u0159eno tajemstv\u00edm, t\u011b\u0161it se ale m\u016f\u017eeme na projekty, do nich\u017e se osobit\u011b otisknou fotografka Nikola R\u00e1cov\u00e1 a\u00a0konceptu\u00e1ln\u00ed um\u011blkyn\u011b\u00a0Klaudie Hlavat\u00e1.<\/p>\r\n<p>Expozici projekt\u016f \u0161kol Prahy&nbsp;7 budou na v\u00fdstav\u011b sekundovat tak\u00e9 \u010dty\u0159i projekty ze \u0161kol Prahy 10 a\u00a022. Po \u0161kole zde byly tv\u016frkyn\u011b textiln\u00edch objekt\u016f Tereza S\u00fdkorov\u00e1, grafi\u010dka \u0160t\u011bp\u00e1nka Bl\u00e1hovcov\u00e1, konceptu\u00e1ln\u00ed um\u011blkyn\u011b Eva Ji\u0159i\u010dka a\u00a0sc\u00e9nografky Tereza Beranov\u00e1 a\u00a0Tereza Durdilov\u00e1.\u00a0<\/p>\r\n<p><a href=\"https:\/\/www.praha7.cz\/vytvarka-nesmi-byt-nuda\/dox_strevo\/\" rel=\"attachment wp-att-58033\"><img loading=\"lazy\" src=\"https:\/\/www.praha7.cz\/wp-content\/uploads\/2022\/06\/dox_st\u0159evo-703x1000.jpg\" alt=\"\" width=\"640\" height=\"910\" class=\"alignnone wp-image-58033 size-large\" srcset=\"https:\/\/www.praha7.cz\/wp-content\/uploads\/2022\/06\/dox_st\u0159evo-703x1000.jpg 703w, https:\/\/www.praha7.cz\/wp-content\/uploads\/2022\/06\/dox_st\u0159evo-281x400.jpg 281w, https:\/\/www.praha7.cz\/wp-content\/uploads\/2022\/06\/dox_st\u0159evo-768x1092.jpg 768w, https:\/\/www.praha7.cz\/wp-content\/uploads\/2022\/06\/dox_st\u0159evo.jpg 1186w\" sizes=\"(max-width: 640px) 100vw, 640px\" \/><\/a><\/p>\r\n<hr \/>\r\n<p><span style=\"color: #ff0000;\"><strong>Festival V\u00fdtvarka!<\/strong><\/span><br \/>\r\nSedmi\u010dkov\u00e9 z\u00e1kladn\u00ed \u0161koly \u010d\u00edm d\u00e1l \u010dast\u011bji vyu\u017e\u00edvaj\u00ed kreativn\u00edho potenci\u00e1lu v\u00fdtvarn\u00e9 v\u00fdchovy. Z\u00e1stupci um\u011bleck\u00fdch obor\u016f \u2013 v\u00fdtvarn\u00e9ho um\u011bn\u00ed, designu, architektury, m\u00f3dy, literatury nebo hudby \u2013 se zapojuj\u00ed p\u0159\u00edmo do vyu\u010dovac\u00edch hodin. Stejn\u011b uva\u017euj\u00ed i\u00a0r\u016fzn\u00e1 kreativn\u00ed centra, kter\u00e1 nab\u00edzej\u00ed programy zam\u011b\u0159en\u00e9 na d\u011bti i\u00a0star\u0161\u00ed generace. Pr\u00e1v\u011b jednodenn\u00ed <a href=\"https:\/\/www.facebook.com\/events\/3156807117874071\/?ref=newsfeed\">Festival V\u00fdtvarka!!!<\/a> chce uk\u00e1zat neomezen\u00e9 mo\u017enosti um\u011bleck\u00e9 pr\u00e1ce a\u00a0kreativn\u00edho vzd\u011bl\u00e1v\u00e1n\u00ed a\u00a0nadchnout nejen d\u011bti.<\/p>\r\n<p><strong>Objevujte sv\u011bt v\u00fdtvarn\u00e9ho um\u011bn\u00ed<\/strong><br \/>\r\nFestival prob\u011bhne v\u00a0sobotu 11.&nbsp;\u010dervna od 10 do 21 hodin v\u00a0otev\u0159en\u00e9m prostoru Vod\u00e1rensk\u00e9 v\u011b\u017ee na Letn\u00e9. V\u00fdtvarn\u00e9 d\u00edlny a\u00a0workshopy nab\u00eddne\u00a0platforma M\u00e1\u0161 um\u011bleck\u00e9 st\u0159evo?, DDM Praha\u00a07 p\u0159edstav\u00ed programy p\u0159ipraven\u00e9 V\u00fdtvarkou! a\u00a0galerie zastoupen\u00e9 Centrem sou\u010dasn\u00e9ho um\u011bn\u00ed DOX nebo N\u00e1rodn\u00ed galeri\u00ed Praha zapoj\u00ed d\u011bti r\u016fzn\u00e9ho v\u011bku do sv\u00fdch speci\u00e1ln\u00edch program\u016f.<\/p>\r\n<p>Na festivalu sv\u00e9 st\u00e1nky rozbal\u00ed tak\u00e9 pap\u00edrov\u00e9 studio Papelote \u010di komunitn\u00ed centrum JCC Prague a\u00a0Aero\u0161kola nab\u00eddne kurzy animace. N\u00e1v\u0161t\u011bvn\u00edci festivalu, kter\u00fd je pro v\u0161echny zdarma, budou m\u00edt tak\u00e9 mo\u017enost sezn\u00e1mit se s\u00a0nab\u00eddkou publikac\u00ed u\u00a0st\u00e1nku ArtMap, z\u00fa\u010dastnit se komentovan\u00e9 prohl\u00eddky bl\u00edzk\u00e9ho okol\u00ed nazvan\u00e9 Po stop\u00e1ch Anton\u00edna Slav\u00ed\u010dka nebo otev\u0159en\u00e9 debaty se z\u00e1stupci z\u00e1kladn\u00edch \u0161kol Prahy&nbsp;7 a\u00a0odborn\u00edk\u016f na kreativn\u00ed vzd\u011bl\u00e1v\u00e1n\u00ed. Festival uzav\u0159e hudebn\u00ed vystoupen\u00ed v\u00fdtvarn\u00edka a\u00a0hudebn\u00edka Petra Nikla.<\/p>\r\n<p>\u201eFestival m\u00e1 uk\u00e1zat mo\u017enosti\u00a0a\u00a0formy dialogu mezi jednotliv\u00fdmi um\u011bleck\u00fdmi obory a\u00a0popularizovat komunitn\u011b-kreativn\u00ed projekty, kter\u00e9 um\u011bn\u00ed obecn\u011b nab\u00edz\u00ed. V\u00a0bohatstv\u00ed p\u0159\u00edstup\u016f sou\u010dasn\u00fdch um\u011blky\u0148 a\u00a0um\u011blc\u016f je velk\u00fd potenci\u00e1l oslovit nejr\u016fzn\u011bj\u0161\u00ed v\u011bkov\u00e9 skupiny. Sou\u010d\u00e1st\u00ed festivalu budou nejen workshopy a\u00a0d\u00edlny rozv\u00edjej\u00edc\u00ed d\u011btskou kreativitu, ale tak\u00e9 mo\u017enost poznat pr\u00e1ce sou\u010dasn\u00fdch v\u00fdtvarn\u00edk\u016f nebo se prost\u011b jen \u201aum\u011blecky\u2018 vy\u0159\u00e1dit,\u201c \u0159\u00edk\u00e1 \u010dlen platformy M\u00e1\u0161 um\u011bleck\u00e9 st\u0159evo? Ond\u0159ej Hor\u00e1k.<\/p>\r\n<p>Festival chce b\u00fdt do budoucna m\u00edstem pro setk\u00e1n\u00ed p\u0159edev\u0161\u00edm m\u00edstn\u00edch kulturn\u00edch organizac\u00ed zam\u011b\u0159en\u00fdch na v\u00fdtvarn\u00e9 um\u011bn\u00ed a\u00a0v\u00fdtvarnou v\u00fdchovu, ale i\u00a0na jejich nejr\u016fzn\u011bj\u0161\u00ed p\u0159esahy. T\u011b\u0161te se! Dal\u0161\u00ed b\u011bh se uskute\u010dn\u00ed u\u017e na podzim.<\/p>\r\n<p><a href=\"https:\/\/www.praha7.cz\/vytvarka-nesmi-byt-nuda\/festival\/\" rel=\"attachment wp-att-57821\"><img loading=\"lazy\" src=\"https:\/\/www.praha7.cz\/wp-content\/uploads\/2022\/05\/festival-707x1000.jpg\" alt=\"\" width=\"640\" height=\"905\" class=\"alignnone wp-image-57821 size-large\" srcset=\"https:\/\/www.praha7.cz\/wp-content\/uploads\/2022\/05\/festival-707x1000.jpg 707w, https:\/\/www.praha7.cz\/wp-content\/uploads\/2022\/05\/festival-283x400.jpg 283w, https:\/\/www.praha7.cz\/wp-content\/uploads\/2022\/05\/festival-768x1086.jpg 768w, https:\/\/www.praha7.cz\/wp-content\/uploads\/2022\/05\/festival.jpg 1190w\" sizes=\"(max-width: 640px) 100vw, 640px\" \/><\/a><\/p>\r\n<hr \/>\r\n<p><strong>V\u00fdtvarka!<\/strong><br \/>\r\nV\u00a0kv\u011btnu 2021 se ve \u0160ternberkov\u011b ulici otev\u0159ela V\u00fdtvarka!, kter\u00e1 v\u00a0nov\u011b upraven\u00e9m prostoru nab\u00edz\u00ed kreativn\u00ed kurzy pro mlad\u0161\u00ed i\u00a0star\u0161\u00ed d\u011bti. Programy vedou dlouholet\u00ed lekto\u0159i zam\u011b\u0159en\u00ed na v\u00fdtvarn\u00e9 um\u011bn\u00ed s\u00a0galerijn\u00ed prax\u00ed. Pr\u00e1v\u011b n\u00e1v\u0161t\u011bvy aktu\u00e1ln\u00edch v\u00fdstav v\u00a0galeri\u00edch, ateli\u00e9r\u016f um\u011blc\u016f \u017eij\u00edc\u00edch v\u00a0Praze 7 nebo i\u00a0prohl\u00eddky ateli\u00e9r\u016f AVU jsou sou\u010d\u00e1st\u00ed netradi\u010dn\u00edho pojet\u00ed V\u00fdtvarky! Za V\u00fdtvarkou! stoj\u00ed platforma M\u00e1\u0161\u00a0um\u011bleck\u00e9 st\u0159evo? a\u00a0D\u016fm d\u011bt\u00ed a\u00a0ml\u00e1de\u017ee Prahy&nbsp;7. Autory koncepce V\u00fdtvarky! jsou Ond\u0159ej Hor\u00e1k a\u00a0Ji\u0159\u00ed Raiterman, vedouc\u00edmi program\u016f pak Tereza Beranov\u00e1, Michaela Trpi\u0161ovsk\u00e1\u00a0a\u00a0Eva Ji\u0159i\u010dka. Autorem vizu\u00e1ln\u00ed podoby V\u00fdtvarky! i\u00a0Festivalu V\u00fdtvarka!!! je Kakal\u00edk. Architektonick\u00e9 \u00fapravy prostoru vznikly podle n\u00e1vrh\u016f Tom\u00e1\u0161e Svobody, pedagoga AVU.<br \/>\r\n\u2192\u00a0<a href=\"http:\/\/www.ddmpraha7.cz\">www.ddmpraha7.cz<\/a><br \/>\r\n\u2192\u00a0<a href=\"http:\/\/www.umeleckestrevo.cz\">www.umeleckestrevo.cz<\/a><\/p>\r\n<hr \/>\r\n<p><strong>V\u00fdtvarka! pro d\u011bti a\u00a0jejich rodi\u010de z\u00a0Ukrajiny<\/strong><br \/>\r\nT\u00fdm M\u00e1\u0161 um\u011bleck\u00e9 st\u0159evo? po\u0159\u00e1d\u00e1 pravideln\u00e9 dopoledn\u00ed programy pro ukrajinsk\u00e9 d\u011bti. Kurzy jsou zam\u011b\u0159en\u00e9 na tradi\u010dn\u00ed i\u00a0netradi\u010dn\u00ed v\u00fdtvarn\u00e9 techniky, kde je v\u00fdtvarn\u00fd materi\u00e1l hlavn\u00edm komunika\u010dn\u00edm prost\u0159edkem.<\/p>\r\n<p>Pond\u011bl\u00ed, st\u0159eda a\u00a0p\u00e1tek od 10 do 12 hodin v\u00a0prostoru V\u00fdtvarky!, Janovsk\u00e9ho 27 (DDM P7 \u0160ternberkova). Ateli\u00e9r je ur\u010den pro d\u011bti od 3 do 7 let, kapacita 10 osob (v\u010detn\u011b doprovodu). Z\u00e1zem\u00ed pro rodi\u010de je v\u00a0zadn\u00ed m\u00edstnosti.<br \/>\r\nKontakt: Tereza Beranov\u00e1, 777&nbsp;179&nbsp;126 (\u010desky a\u00a0anglicky), t.beranova@ddmp7.cz (je mo\u017en\u00e9 ps\u00e1t ukrajinsky).<br \/>\r\n\u2192<a href=\"http:\/\/www.facebook.com\/vytvarkaMUS\">\u00a0www.facebook.com\/vytvarkaMUS<\/a>\u00a0<\/p>\r\n<hr \/>\r\n<p>\u041c\u0438\u0441\u0442\u0435\u0446\u0442\u0432\u043e! \u0434\u043b\u044f \u0434\u0456\u0442\u0435\u0439 \u0442\u0430 \u0457\u0445\u043d\u0456\u0445 \u0431\u0430\u0442\u044c\u043a\u0456\u0432 \u0437 \u0423\u043a\u0440\u0430\u0457\u043d\u0438 \u041a\u043e\u043c\u0430\u043d\u0434\u0430 \u00ab\u0427\u0438 \u043c\u0430\u0454\u0442\u0435 \u0432\u0438 \u0430\u0440\u0442\u0438\u0441\u0442\u0438\u0447\u043d\u0435 \u043d\u0443\u0442\u0440\u043e?\u00bb \u043e\u0440\u0433\u0430\u043d\u0456\u0437\u043e\u0432\u0443\u0454 \u0440\u0435\u0433\u0443\u043b\u044f\u0440\u043d\u0456 \u0440\u0430\u043d\u043a\u043e\u0432\u0456 \u043f\u0440\u043e\u0433\u0440\u0430\u043c\u0438 \u0434\u043b\u044f \u0443\u043a\u0440\u0430\u0457\u043d\u0441\u044c\u043a\u0438\u0445 \u0434\u0456\u0442\u0435\u0439. \u041a\u0443\u0440\u0441\u0438 \u043e\u0440\u0456\u0454\u043d\u0442\u043e\u0432\u0430\u043d\u0456 \u043d\u0430 \u0442\u0440\u0430\u0434\u0438\u0446\u0456\u0439\u043d\u0456 \u0442\u0430 \u043d\u0435\u0442\u0440\u0430\u0434\u0438\u0446\u0456\u0439\u043d\u0456 \u0442\u0435\u0445\u043d\u0456\u043a\u0438 \u043c\u0438\u0441\u0442\u0435\u0446\u0442\u0432\u0430, \u0434\u0435 \u0445\u0443\u0434\u043e\u0436\u043d\u0456\u0439 \u043c\u0430\u0442\u0435\u0440\u0456\u0430\u043b \u0454 \u043e\u0441\u043d\u043e\u0432\u043d\u0438\u043c \u0437\u0430\u0441\u043e\u0431\u043e\u043c \u043a\u043e\u043c\u0443\u043d\u0456\u043a\u0430\u0446\u0456\u0457.<\/p>\r\n<p>\u041f\u043e\u043d\u0435\u0434\u0456\u043b\u043e\u043a, \u0441\u0435\u0440\u0435\u0434\u0430 \u0442\u0430 \u043f\u2019\u044f\u0442\u043d\u0438\u0446\u044f \u0437 10:00 \u0434\u043e 12:00 \u0432\u00a0\u0440\u0430\u0439\u043e\u043d\u0456 \u041c\u0438\u0441\u0442\u0435\u0446\u0442\u0432\u0430!, Janovsk\u00e9ho 27 (DDM P7 \u0160ternberkova).<\/p>\r\n<p>\u0421\u0442\u0443\u0434\u0456\u044f \u0440\u043e\u0437\u0440\u0430\u0445\u043e\u0432\u0430\u043d\u0430 \u043d\u0430 \u0434\u0456\u0442\u0435\u0439 \u0432\u0456\u0434 3 \u0434\u043e 7 \u0440\u043e\u043a\u0456\u0432, \u043c\u0456\u0441\u0442\u043a\u0456\u0441\u0442\u044c 10 \u043e\u0441\u0456\u0431 (\u0432\u043a\u043b\u044e\u0447\u0430\u044e\u0447\u0438 \u0441\u0443\u043f\u0440\u043e\u0432\u0456\u0434). \u0417\u0440\u0443\u0447\u043d\u043e\u0441\u0442\u0456 \u0434\u043b\u044f \u0431\u0430\u0442\u044c\u043a\u0456\u0432 \u0437\u043d\u0430\u0445\u043e\u0434\u044f\u0442\u044c\u0441\u044f \u0432\u00a0\u0437\u0430\u0434\u043d\u0456\u0439 \u043a\u0456\u043c\u043d\u0430\u0442\u0456.<\/p>\r\n<p>\u041a\u043e\u043d\u0442\u0430\u043a\u0442\u0438: Tereza Beranov\u00e1, 777&nbsp;179&nbsp;126 (\u0447\u0435\u0441\u044c\u043a\u043e\u044e \u0442\u0430 \u0430\u043d\u0433\u043b\u0456\u0439\u0441\u044c\u043a\u043e\u044e), t.beranova@ddmp7.cz (\u043c\u043e\u0436\u043b\u0438\u0432\u0435 \u043d\u0430\u043f\u0438\u0441\u0430\u043d\u043d\u044f \u0443\u043a\u0440\u0430\u0457\u043d\u0441\u044c\u043a\u043e\u044e)<br \/>\r\n\u2192\u00a0<a href=\"http:\/\/www.facebook.com\/vytvarkaMUS\">www.facebook.com\/vytvarkaMUS<\/a><\/p>\r\n<hr \/>\r\n<p><em>Projekt Um\u011blci po \u0161kole z\u00edskal z\u00e1\u0161titu radn\u00ed pro kulturu Hany T\u0159e\u0161t\u00edkov\u00e9 a\u00a0radn\u00ed pro \u0161kolstv\u00ed M\u010c Praha&nbsp;7 Hany \u0160i\u0161kov\u00e9 a\u00a0podporu p\u0159edsedkyn\u011b V\u00fdboru pro vzd\u011bl\u00e1v\u00e1n\u00ed, soci\u00e1ln\u00ed politiku a\u00a0zdravotnictv\u00ed M\u010c Praha&nbsp;7 Sylvy Svobodov\u00e9. <\/em><\/p>\r\n<p><em>Festival V\u00fdtvarka!!! z\u00edskal z\u00e1\u0161titu radn\u00ed hl. m. Prahy pro kulturu Hany T\u0159e\u0161t\u00edkov\u00e9 a\u00a0p\u0159edsedkyn\u011b v\u00fdboru hl. m. Prahy pro vzd\u011bl\u00e1v\u00e1n\u00ed Mariany \u010capkov\u00e9.<\/em><\/p>","protected":false},"excerpt":{"rendered":"[perex] V\u00fdtvarn\u00e1 v\u00fdchova za\u017e\u00edv\u00e1 zaj\u00edmav\u00e9 zm\u011bny. Jej\u00ed podoba se na n\u011bkter\u00fdch \u0161kol\u00e1ch pomalu m\u011bn\u00ed sm\u011brem, kter\u00fd si je\u0161t\u011b p\u0159ed n\u011bkolika lety leckdo neum\u011bl p\u0159edstavit. V\u00fdtvarka nab\u00edz\u00ed mo\u017enost sou\u010dasn\u011b experimentovat, hr\u00e1t si a\u00a0kreativn\u011b se rozv\u00edjet, co\u017e ji odli\u0161uje od jin\u00fdch p\u0159edm\u011bt\u016f. P\u0159esto je tento potenci\u00e1l m\u00e1lo vyu\u017e\u00edvan\u00fd. V\u00a0\u010dervnu na Sedmi\u010dce prob\u011bhnou hned dv\u011b akce, kter\u00e9 nab\u00eddnou [&hellip;]","protected":false},"author":76,"featured_media":58036,"comment_status":"closed","ping_status":"open","sticky":false,"template":"","format":"standard","meta":[],"categories":[37],"tags":[],"_links":{"self":[{"href":"https:\/\/www.praha7.cz\/api\/wp\/v2\/posts\/57811"}],"collection":[{"href":"https:\/\/www.praha7.cz\/api\/wp\/v2\/posts"}],"about":[{"href":"https:\/\/www.praha7.cz\/api\/wp\/v2\/types\/post"}],"author":[{"embeddable":true,"href":"https:\/\/www.praha7.cz\/api\/wp\/v2\/users\/76"}],"replies":[{"embeddable":true,"href":"https:\/\/www.praha7.cz\/api\/wp\/v2\/comments?post=57811"}],"version-history":[{"count":9,"href":"https:\/\/www.praha7.cz\/api\/wp\/v2\/posts\/57811\/revisions"}],"predecessor-version":[{"id":58037,"href":"https:\/\/www.praha7.cz\/api\/wp\/v2\/posts\/57811\/revisions\/58037"}],"wp:featuredmedia":[{"embeddable":true,"href":"https:\/\/www.praha7.cz\/api\/wp\/v2\/media\/58036"}],"wp:attachment":[{"href":"https:\/\/www.praha7.cz\/api\/wp\/v2\/media?parent=57811"}],"wp:term":[{"taxonomy":"category","embeddable":true,"href":"https:\/\/www.praha7.cz\/api\/wp\/v2\/categories?post=57811"},{"taxonomy":"post_tag","embeddable":true,"href":"https:\/\/www.praha7.cz\/api\/wp\/v2\/tags?post=57811"}],"curies":[{"name":"wp","href":"https:\/\/api.w.org\/{rel}","templated":true}]}}