    
{"id":57791,"date":"2022-05-25T10:43:08","date_gmt":"2022-05-25T08:43:08","guid":{"rendered":"https:\/\/www.praha7.cz\/?p=57791"},"modified":"2025-12-02T12:56:14","modified_gmt":"2025-12-02T11:56:14","slug":"to-je-plan-metropolitni-plan","status":"publish","type":"post","link":"https:\/\/www.praha7.cz\/to-je-plan-metropolitni-plan\/","title":{"rendered":"To je Pl\u00e1n! Metropolitn\u00ed pl\u00e1n!"},"content":{"rendered":"<p>[perex]<\/p>\r\n<p>Praha se m\u011bn\u00ed a\u00a0m\u011bnit bude. Nov\u00fd \u00fazemn\u00ed pl\u00e1n Prahy, tzv. <a href=\"https:\/\/metropolitniplan.praha.eu\/jnp\/\">Metropolitn\u00ed pl\u00e1n<\/a>, ur\u010d\u00ed, jak se bude m\u011bsto v\u00a0n\u00e1sleduj\u00edc\u00edch deseti a\u017e dvaceti letech rozv\u00edjet. Jeho podobu do konce \u010dervna m\u00e1te op\u011bt mo\u017enost ovlivnit i\u00a0vy!<\/p>\r\n<p>[\/perex]<\/p>\r\n<p>\u00dazemn\u00ed pl\u00e1n je pl\u00e1n rozvoje m\u011bsta nebo obce. A\u00a0podle z\u00e1kona ho v\u00a0\u010cesku mus\u00ed m\u00edt ka\u017ed\u00e1 obec. \u0158\u00edk\u00e1, kde a\u00a0co je mo\u017en\u00e9 stav\u011bt, a\u00a0kde to naopak mo\u017en\u00e9 nen\u00ed. Nep\u0159ikazuje, aby stavby vznikaly, ale pr\u00e1vn\u011b tuto mo\u017enost umo\u017e\u0148uje, nebo neumo\u017e\u0148uje. O\u00a0um\u00edst\u011bn\u00ed konkr\u00e9tn\u00ed stavby pak s\u00a0\u00fazemn\u00edm pl\u00e1nem v\u00a0ruce rozhoduje stavebn\u00ed \u00fa\u0159ad. Definuje v\u0161ak tak\u00e9 podobu ve\u0159ejn\u00e9ho prostoru, nap\u0159\u00edklad kde vznikne park, \u0161kolka, nemocnice nebo kudy povedou silnice.<\/p>\r\n<p>\u00dazemn\u00ed pl\u00e1n pro velk\u00e1 m\u011bsta je i\u00a0vzhledem ke komplikovan\u00e9 \u010desk\u00e9 legislativ\u011b relativn\u011b slo\u017eit\u00e9 dokon\u010dit, jeliko\u017e pl\u00e1n mus\u00ed b\u00fdt spole\u010dnou dohodou. Mus\u00ed toti\u017e vyv\u00e1\u017eit ve\u0159ejn\u00e9 z\u00e1jmy ob\u010dan\u016f s\u00a0p\u0159edstavami a\u00a0c\u00edli vlastn\u00edk\u016f pozemk\u016f tak, aby se m\u011bsto dlouhodob\u011b rozv\u00edjelo udr\u017eiteln\u00fdm zp\u016fsobem, a\u00a0\u010dasto protich\u016fdn\u00e9 po\u017eadavky slou\u010dit do pevn\u011b dan\u00fdch pravidel, kter\u00e1 vypl\u00fdvaj\u00ed ze stavebn\u00edho z\u00e1kona.<\/p>\r\n<p><strong>Praha se m\u011bn\u00ed<\/strong><br \/>\r\nPra\u017esk\u00fd \u00fazemn\u00ed pl\u00e1n po\u0159izuje magistr\u00e1tn\u00ed <a href=\"https:\/\/www.praha.eu\/jnp\/cz\/o_meste\/magistrat\/odbory\/odbor_uzemniho_rozvoje\/index.html\">Odbor \u00fazemn\u00edho rozvoje<\/a> (UZR), <a href=\"https:\/\/iprpraha.cz\/\">Institut pl\u00e1nov\u00e1n\u00ed a\u00a0rozvoje hl. m\u011bsta Prahy<\/a> (IPR) je pak jeho projektantem, kter\u00fd dod\u00e1 m\u011bstu n\u00e1vrh. Sou\u010dasn\u00fd pra\u017esk\u00fd \u00fazemn\u00ed pl\u00e1n plat\u00ed od roku 1999 a\u00a0ji\u017e neodpov\u00edd\u00e1 pot\u0159eb\u00e1m sou\u010dasn\u00e9ho m\u011bsta. Podl\u00e9h\u00e1 stovk\u00e1m zm\u011bn ro\u010dn\u011b, co\u017e zpomaluje rozvoj metropole.<\/p>\r\n<p>Jako ka\u017ed\u00e9 m\u011bsto se i\u00a0Praha za posledn\u00ed roky v\u00fdrazn\u011b prom\u011bnila, a\u00a0proto ji\u017e n\u011bkolik let IPR \u0159e\u0161\u00ed pl\u00e1n nov\u00fd. Metropolitn\u00ed pl\u00e1n by m\u011bl um\u011bt reagovat na ot\u00e1zky bydlen\u00ed, klimatick\u00e9 zm\u011bny i\u00a0ve\u0159ejn\u00e9 vybavenosti. Pl\u00e1n je tak d\u016fle\u017eit\u00fd t\u00e9m\u011b\u0159 pro ka\u017ed\u00e9ho, a\u0165 u\u017e v\u00a0Praze \u017eije, nebo do n\u00ed jen doj\u00ed\u017ed\u00ed za prac\u00ed. Z\u00a0Pl\u00e1nu se toti\u017e dozv\u00ed, nakolik a\u00a0jak\u00fdm zp\u016fsobem se m\u016f\u017ee v\u00a0budoucnu prom\u011bnit jeho bezprost\u0159edn\u00ed okol\u00ed. P\u0159i koupi nemovitosti je zase mo\u017en\u00e9 se pod\u00edvat, zda se ve va\u0161\u00ed bl\u00edzkosti nechyst\u00e1 n\u011bco, co by mohlo ovlivnit kvalitu va\u0161eho \u017eivota.<\/p>\r\n<p><strong>Zrod Pl\u00e1nu<\/strong><br \/>\r\nZadavatelem Metropolitn\u00edho pl\u00e1nu byla samospr\u00e1va hl. m. Prahy, tedy jej\u00ed tehdej\u0161\u00ed politick\u00e1 reprezentace. Cel\u00e9 zad\u00e1n\u00ed, v\u00a0n\u011bm\u017e se stanovily hlavn\u00ed c\u00edle Pl\u00e1nu, schv\u00e1lilo pra\u017esk\u00e9 zastupitelstvo v\u00a0z\u00e1\u0159\u00ed\u00a02013. N\u00e1vrh Metropolitn\u00edho pl\u00e1nu byl poprv\u00e9 ve\u0159ejnosti p\u0159edstaven v\u00a0\u010dervnu 2018 v\u00a0r\u00e1mci tzv. spole\u010dn\u00e9ho jedn\u00e1n\u00ed, b\u011bhem n\u011bho\u017e pod\u00e1vala ve\u0159ejnost p\u0159ipom\u00ednky, ale sv\u00e1 stanoviska uplatnila zejm\u00e9na ministerstva a\u00a0\u00fa\u0159ady. UZR pra\u017esk\u00e9ho magistr\u00e1tu po tomto projedn\u00e1n\u00ed evidoval 14&nbsp;475 jedine\u010dn\u00fdch p\u0159ipom\u00ednek a\u00a0d\u00e1le t\u00e9m\u011b\u0159 30&nbsp;000 v\u011bcn\u011b shodn\u00fdch, duplicitn\u00edch p\u0159ipom\u00ednek.<\/p>\r\n<p>Ve\u0161ker\u00e9 p\u0159ipom\u00ednky byly vyhodnoceny a\u00a0zapracov\u00e1ny do aktualizovan\u00e9 verze, kter\u00e1 je a\u017e do 30.\u00a0\u010dervna p\u0159edstavena ve\u0159ejnosti na <a href=\"https:\/\/praha.camp\/program\/5df691282f9e8631a1499db3-to-je-plan\">v\u00fdstav\u011b To je Pl\u00e1n!<\/a> v\u00a0Centru architektury a\u00a0m\u011bstsk\u00e9ho pl\u00e1nov\u00e1n\u00ed (CAMP, Vy\u0161ehradsk\u00e1 51, Praha 2). S\u00a0podobou pl\u00e1nu se m\u016f\u017eete sezn\u00e1mit tak\u00e9 v\u00a0digit\u00e1ln\u00ed podob\u011b na str\u00e1nce metropolitniplan.praha.eu. Kole\u010dko p\u0159ipom\u00ednek se tedy to\u010d\u00ed ji\u017e podruh\u00e9 a\u00a0op\u011bt se m\u016f\u017eete k\u00a0budouc\u00ed podob\u011b Prahy vyj\u00e1d\u0159it.<\/p>\r\n<p><strong>M\u00e1m p\u0159ipom\u00ednku!<\/strong><br \/>\r\nP\u0159ipom\u00ednky k\u00a0MP lze podat online nebo osobn\u011b. Online p\u0159ipom\u00ednky se pod\u00e1vaj\u00ed elektronicky p\u0159es <a href=\"https:\/\/metropolitniplan.praha.eu\/jnp\/cz\/pripominkovani_planu\/index.html\">webovou aplikaci<\/a>. Aplikace nejprve ov\u011b\u0159\u00ed va\u0161i identitu, pot\u00e9 v\u00e1s provede p\u0159ipom\u00ednkov\u00e1n\u00edm krok po kroku a\u00a0po odesl\u00e1n\u00ed p\u0159ipom\u00ednku obdr\u017e\u00ed p\u0159\u00edmo Magistr\u00e1t hl. m. Prahy. Do aplikace se lze p\u0159ihl\u00e1sit p\u0159es <a href=\"https:\/\/www.portalprazana.cz\/\">Port\u00e1l Pra\u017eana<\/a> n\u011bkolika zp\u016fsoby\u00a0\u2013 skrze bankovn\u00ed identitu, datovou schr\u00e1nku \u010di jinou elektronickou identitu. Pokud \u017e\u00e1dnou z\u00a0t\u011bchto variant nem\u00e1te nebo pot\u0159ebujete s\u00a0p\u0159ihl\u00e1\u0161en\u00edm pomoct, na str\u00e1nce metropolitniplan.praha.eu najdete i\u00a0n\u00e1vod.<\/p>\r\n<p>Pokud chcete podat p\u0159ipom\u00ednku fyzicky nebo pomoct s\u00a0jej\u00ed formulac\u00ed, je tak mo\u017en\u00e9 mimo jin\u00e9 u\u010dinit b\u011bhem v\u00fdstavy v\u00a0CAMP, a\u00a0to do konce \u010dervna, od \u00fater\u00fd do \u010dtvrtka od 9 do 18 hodin, v\u00a0p\u00e1tek do 16 hodin.<\/p>\r\n<p><strong>A\u00a0co d\u00e1l?<\/strong><br \/>\r\nPo ve\u0159ejn\u00e9m projedn\u00e1n\u00ed budou v\u0161echny podan\u00e9 p\u0159ipom\u00ednky vyhodnoceny a\u00a0v\u00fdsledky budou zaneseny do nov\u00e9 podoby Pl\u00e1nu. N\u00e1sledn\u011b mohou nastat dva sc\u00e9n\u00e1\u0159e\u00a0\u2013 pokud nedojde k\u00a0podstatn\u00fdm \u00faprav\u00e1m n\u00e1vrhu, bude Metropolitn\u00ed pl\u00e1n v\u00a0upraven\u00e9 podob\u011b p\u0159edlo\u017een Rad\u011b hlavn\u00edho m\u011bsta Prahy a\u00a0zastupitelstvu<br \/>\r\nke schv\u00e1len\u00ed, a\u00a0to v\u00a0pr\u016fb\u011bhu roku 2023. Pokud by byl v\u0161ak n\u00e1vrh v\u00fdrazn\u011b m\u011bn\u011bn, bude se opakovat ve\u0159ejn\u00e9 projedn\u00e1n\u00ed a\u00a0ob\u010dan\u00e9 dostanou op\u011bt mo\u017enost se k\u00a0n\u00e1vrhu vyj\u00e1d\u0159it, av\u0161ak pouze\u00a0k\u00a0jeho m\u011bn\u011bn\u00fdm \u010d\u00e1stem.<\/p>\r\n<p><strong>Principy Pl\u00e1nu<\/strong><br \/>\r\nPorozum\u011bt Metropolitn\u00edmu pl\u00e1nu ov\u0161em pro laika nen\u00ed dvakr\u00e1t jednoduch\u00e9, a\u00a0proto IPR po\u0159\u00e1d\u00e1 nejen zm\u00edn\u011bnou v\u00fdstavu, ale i\u00a0velk\u00e9 mno\u017estv\u00ed doprovodn\u00fdch akc\u00ed (v\u00edce v\u00a0samostatn\u00e9m boxu). P\u0159esto se i\u00a0v\u00a0tomto textu m\u016f\u017eeme op\u0159\u00edt o\u00a0n\u011bkolik z\u00e1kladn\u00edch bod\u016f.<\/p>\r\n<p>Praha je tvo\u0159ena r\u016fzn\u00fdmi lokalitami, z\u00a0nich\u017e ka\u017ed\u00e1 m\u00e1 sv\u016fj specifick\u00fd charakter, vzhled, v\u00fd\u0161ku dom\u016f nebo t\u0159eba \u0161\u00ed\u0159ku ulic. Pl\u00e1n k\u00a0nim proto p\u0159istupuje individu\u00e1ln\u011b a\u00a0respektuje ka\u017edou z\u00a0nich. Pl\u00e1n m\u00e1 za c\u00edl do budoucna zamezit nemil\u00fdm p\u0159ekvapen\u00edm a\u00a0zajist\u00ed t\u0159eba, \u017ee ve vilov\u00e9 \u010dtvrti nevyroste mrakodrap. Chce regulovat panoramata, zajistit ochranu horizont\u016f a\u00a0v\u00fd\u0161kovou regulaci staveb.<\/p>\r\n<p>Pl\u00e1n m\u00e1 za c\u00edl ochr\u00e1nit st\u00e1vaj\u00edc\u00ed parky a\u00a0podpo\u0159it vznik nov\u00fdch. Jeho sou\u010d\u00e1st\u00ed je rovn\u011b\u017e vymezen\u00ed s\u00edt\u011b biocenter a\u00a0biokoridor\u016f, kter\u00e9 p\u0159isp\u011bj\u00ed k\u00a0ekologick\u00e9 stabilit\u011b, ochran\u011b zv\u00ed\u0159at a\u00a0rostlin a\u00a0k\u00a0zadr\u017eov\u00e1n\u00ed vody v\u00a0krajin\u011b. T\u00e9matem je\u00a0i\u00a0samotn\u00e1 \u0159eka\u00a0\u2013 koryto \u0159eky i\u00a0s\u00a0bl\u00edzk\u00fdm okol\u00edm toti\u017e vymezuje a\u00a0chr\u00e1n\u00ed a\u00a0sou\u010dasn\u011b \u0159e\u0161\u00ed tak\u00e9 protipovod\u0148ovou ochranu.<\/p>\r\n<p>Pl\u00e1n z\u00e1rove\u0148 usiluje o\u00a0maxim\u00e1ln\u00ed vybavenost ka\u017ed\u00e9 \u010dtvrti, aby m\u011bli jej\u00ed obyvatel\u00e9 v\u0161e pot\u0159ebn\u00e9 p\u0159\u00edmo v\u00a0m\u00edst\u011b bydli\u0161t\u011b. St\u00e1vaj\u00edc\u00ed ob\u010dansk\u00e1 vybavenost je chr\u00e1n\u011bna, proto\u017ee bude vymezena plo\u0161n\u011b. Co to znamen\u00e1? M\u00edsto, kde m\u00e1 st\u00e1t nap\u0159. nemocnice, je jasn\u011b vyzna\u010deno a\u00a0nikdo tam nebude moci postavit t\u0159eba kancel\u00e1\u0159sk\u00fd komplex.<\/p>\r\n<p>Jednou z\u00a0nejd\u016fle\u017eit\u011bj\u0161\u00edch regulac\u00ed je pak stanoven\u00ed jasn\u00e9 hranice m\u011bsta, aby se d\u00e1l nerozp\u00ednalo do krajiny. Sou\u010dasn\u00e1 situace je toti\u017e z\u00e1sadn\u00edm probl\u00e9mem Prahy. Nestav\u00ed se uvnit\u0159, ale na okraji m\u011bsta, \u010d\u00edm\u017e trp\u00ed nejen krajina, ale i\u00a0pen\u011b\u017eenka, proto\u017ee kup\u0159\u00edkladu budov\u00e1n\u00ed infrastruktury je finan\u010dn\u011b n\u00e1ro\u010dn\u011bj\u0161\u00ed.<\/p>\r\n<p><strong>Praha nen\u00ed skanzen<\/strong><br \/>\r\nMo\u017en\u00e1 se v\u00e1m to nezd\u00e1, ale sou\u010dasn\u00e1 metropole m\u00e1 na sv\u00e9m \u00fazem\u00ed velk\u00e9 prostorov\u00e9 rezervy. Typick\u00fdm p\u0159\u00edkladem mohou b\u00fdt nezastav\u011bn\u00e9 plochy, kter\u00e9 se v\u00a0posledn\u00edch letech st\u00e1vaj\u00ed st\u0159edem z\u00e1jmu developer\u016f. U\u00a0Masarykova n\u00e1dra\u017e\u00ed vznik\u00e1 komplex spole\u010dnosti Penta podle n\u00e1vrhu slavn\u00e9 architektky Zahy Hadidov\u00e9, novou podobu m\u00e1 b\u00fdval\u00e1 vle\u010dka n\u00e1dra\u017e\u00ed T\u011b\u0161nov, dnes takzvan\u00fd Rohansk\u00fd ostrov, a\u00a0obrysy z\u00edsk\u00e1v\u00e1 i\u00a0budouc\u00ed vyu\u017eit\u00ed n\u00e1kladov\u00e9ho n\u00e1dra\u017e\u00ed \u017di\u017ekov. Prakticky k\u00a0nejv\u011bt\u0161\u00edm \u00fazem\u00edm pro budouc\u00ed z\u00e1stavbu pat\u0159\u00ed na\u0161e Bubny-Z\u00e1tory, v\u00a0nich um\u00edst\u011bn\u00fd Pam\u00e1tn\u00edk ticha a\u00a0nedalek\u00e1 Vltavsk\u00e1 filharmonie.<\/p>\r\n<p><strong>Pl\u00e1n p\u0159ij\u00ed\u017ed\u00ed k\u00a0n\u00e1m!<\/strong><br \/>\r\nSedmi\u010dka posledn\u00ed m\u011bs\u00edce rozvojov\u00fdmi t\u00e9maty \u017eila.\u00a0Od \u00fanora do dubna bylo mo\u017en\u00e9 vyj\u00e1d\u0159it se k\u00a0\u00fazemn\u00ed studii Bubny-Z\u00e1tory. V\u00a0polovin\u011b kv\u011btna byl p\u0159edstaven v\u00edt\u011bz architektonick\u00e9 sout\u011b\u017ee na Vltavskou filharmonii. A\u00a0rozvoj je u\u00a0n\u00e1s i\u00a0d\u00e1l jedn\u00edm z\u00a0p\u0159edn\u00edch t\u00e9mat. Ji\u017e ikonick\u00fd b\u00edl\u00fd kontejner IPR v\u00a0\u010dervnu na dva dny zakotv\u00ed na Strossmayerov\u011b n\u00e1m\u011bst\u00ed, a\u00a0to v\u00a0pond\u011bl\u00ed 6.\u00a0\u010dervna od 12 do 20 hodin a\u00a0v\u00a0\u00fater\u00fd 7.\u00a0\u010dervna od 14 do 18 hodin. V\u00a0n\u011bm se v\u00e1m otev\u0159e sv\u011bt prom\u011bny m\u011bsta a\u00a0budete se moci zeptat na v\u0161e, co v\u00e1s zaj\u00edm\u00e1. Z\u00e1le\u017e\u00ed i\u00a0na v\u00e1s, jak\u00e1 bude Praha budoucnosti.<\/p>\r\n<hr \/>\r\n<p><strong>K\u00a0\u010demu slou\u017e\u00ed \u00fazemn\u00ed pl\u00e1n?<br \/>\r\n<\/strong>\u00dazemn\u00ed pl\u00e1n je sou\u010d\u00e1st\u00ed cel\u00e9ho syst\u00e9mu tzv. \u00fazemn\u011b pl\u00e1novac\u00edch dokument\u016f. Ty stanovuj\u00ed pravidla a\u00a0regulativy pro rozvoj \u00fazem\u00ed v\u00a0r\u016fzn\u00e9 podrobnosti a\u00a0perspektiv\u011b od nejobecn\u011bj\u0161\u00ed Politiky \u00fazemn\u00edho\u00a0rozvoje, kter\u00e1 plat\u00ed pro celou \u010ceskou republiku, a\u017e po nejpodrobn\u011bj\u0161\u00ed regula\u010dn\u00ed pl\u00e1n, jen\u017e stanov\u00ed detaily pro konkr\u00e9tn\u00ed m\u011bstskou \u010dtvr\u0165 \u010di lokalitu. Pro samospr\u00e1vu\u00a0p\u0159edstavuje z\u00e1sadn\u00ed podklad pro rozhodov\u00e1n\u00ed\u00a0\u2013 co se m\u00e1 kde z\u00a0ve\u0159ejn\u00fdch pen\u011bz vybudovat, co je pot\u0159eba prioritn\u011b podpo\u0159it, a\u00a0co m\u016f\u017ee naopak po\u010dkat. Vlastn\u00edk\u016fm pozemk\u016f pak \u00fazemn\u00ed pl\u00e1n stanov\u00ed, jak mohou se sv\u00fdm pozemkem nakl\u00e1dat a\u00a0kde se bude \u010di nebude moct stav\u011bt. Pl\u00e1n investor\u016fm z\u00e1rove\u0148 stanovuje pravidla, kter\u00e1 m\u00e1 p\u0159ipravovan\u00fd z\u00e1m\u011br respektovat.<\/p>\r\n<p>&nbsp;<\/p>\r\n<p><a href=\"https:\/\/www.praha7.cz\/to-je-plan-metropolitni-plan\/camp-to-je-plan_03\/\" rel=\"attachment wp-att-57799\"><img loading=\"lazy\" src=\"https:\/\/www.praha7.cz\/wp-content\/uploads\/2022\/05\/CAMP-To-je-plan_03-667x1000.jpg\" alt=\"\" width=\"640\" height=\"960\" class=\"alignnone wp-image-57799 size-large\" srcset=\"https:\/\/www.praha7.cz\/wp-content\/uploads\/2022\/05\/CAMP-To-je-plan_03-667x1000.jpg 667w, https:\/\/www.praha7.cz\/wp-content\/uploads\/2022\/05\/CAMP-To-je-plan_03-267x400.jpg 267w, https:\/\/www.praha7.cz\/wp-content\/uploads\/2022\/05\/CAMP-To-je-plan_03-768x1151.jpg 768w, https:\/\/www.praha7.cz\/wp-content\/uploads\/2022\/05\/CAMP-To-je-plan_03.jpg 1001w\" sizes=\"(max-width: 640px) 100vw, 640px\" \/><\/a><\/p>\r\n<p>&nbsp;<\/p>\r\n<p><strong>3 v\u00a01! V\u00fdstava, Pl\u00e1n i\u00a0p\u0159ipom\u00ednka!<\/strong><br \/>\r\nV\u00fdstava <a href=\"https:\/\/praha.camp\/program\/5df691282f9e8631a1499db3-to-je-plan\">To je Pl\u00e1n!<\/a> prob\u00edh\u00e1 v\u00a0obou s\u00e1lech CAMP. V\u00a0\u010cern\u00e9m s\u00e1le se sezn\u00e1m\u00edte s\u00a0p\u011bti z\u00e1kladn\u00edmi principy pra\u017esk\u00e9ho Metropolitn\u00edho pl\u00e1nu. P\u0159\u00edstup k\u00a0t\u00e9mat\u016fm jako klimatick\u00e1 zm\u011bna, dostupnost bydlen\u00ed, ve\u0159ejn\u00e1 prostranstv\u00ed nebo vybavenost m\u011bsta je zn\u00e1zorn\u011bn pomoc\u00ed podlahov\u00fdch projekc\u00ed. Panoramatick\u00e1 st\u011bna prost\u0159ednictv\u00edm ru\u010dn\u011b malovan\u00e9 animace rozh\u00fdb\u00e1v\u00e1 Prahu tak, jak ji dnes zn\u00e1me.<\/p>\r\n<p>V\u00a0B\u00edl\u00e9m s\u00e1le je p\u0159edstaven samotn\u00fd n\u00e1vrh Metropolitn\u00edho pl\u00e1nu v\u00a0aktualizovan\u00e9 verzi. Zde se m\u016f\u017eete sezn\u00e1mit s\u00a0dokumentac\u00ed, kl\u00e1st konkr\u00e9tn\u00ed dotazy po\u0159izovatel\u016fm i\u00a0zpracovatel\u016fm Pl\u00e1nu, p\u0159\u00edpadn\u011b p\u0159\u00edmo na m\u00edst\u011b podat k\u00a0aktualizovan\u00e9mu n\u00e1vrhu p\u0159ipom\u00ednku. Prostor m\u00e1te do 30.\u00a0\u010dervna, v\u017edy od \u00fater\u00fd do \u010dtvrtka od 9 do 18 hodin, v\u00a0p\u00e1tek do 16 hodin.<\/p>\r\n<p>P\u0159ipom\u00ednky lze pod\u00e1vat tak\u00e9 online do 30.\u00a0\u010dervna na str\u00e1nce <a href=\"http:\/\/metropolitniplan.praha.eu\">metropolitniplan.praha.eu<\/a>.<\/p>\r\n<p>V\u00fdstava je k\u00a0vid\u011bn\u00ed do konce \u010dervna. CAMP je otev\u0159en od \u00fater\u00fd do ned\u011ble v\u00a0\u010dase 9\u201321 hodin. Vstup voln\u00fd.<\/p>\r\n<p><a href=\"http:\/\/www.praha.camp\">www.praha.camp<\/a><br \/>\r\n<br \/>\r\n<strong>Doprovodn\u00fd program<\/strong><br \/>\r\n<strong>1.\u00a06.&nbsp;19.00 Diskuze: Ve\u0159ejn\u00e1 vybavenost:<\/strong><br \/>\r\nMaj\u00ed si kde hr\u00e1t?\u00a0Jak Pl\u00e1n zajist\u00ed, \u017ee se v\u00a0budoucnu nestane, aby pro \u0161kolu, sportovi\u0161t\u011b nebo l\u00e9ka\u0159sk\u00e9 za\u0159\u00edzen\u00ed zbyl v\u00a0r\u00e1mci nov\u00e9 v\u00fdstavby ten nejhor\u0161\u00ed pozemek? A\u00a0jak Pl\u00e1n usiluje o\u00a0maxim\u00e1ln\u00ed vybavenost ka\u017ed\u00e9 pra\u017esk\u00e9 \u010dtvrti?<\/p>\r\n<p><strong>8.\u00a06.&nbsp;19.00 Diskuze: Klimatick\u00e1 zm\u011bna:<\/strong><br \/>\r\nTemn\u00e1 d\u017eungle\u00a0Zaji\u0161\u0165uje Metropolitn\u00ed pl\u00e1n dostate\u010dnou ochranu p\u0159\u00edrody? A\u00a0jak vyu\u017e\u00edv\u00e1 voln\u00e9 plochy v\u00a0centru? Dok\u00e1\u017ee zabr\u00e1nit rozr\u016fst\u00e1n\u00ed m\u011bsta do voln\u00e9 krajiny?<\/p>\r\n<p><strong>10.\u00a06.&nbsp;16.30 Komentovan\u00e1 prohl\u00eddka v\u00fdstavy<\/strong><\/p>\r\n<p><strong>15.\u00a06.&nbsp;19.00 Diskuze: Ve\u0159ejn\u00fd prostor: Co? Bar\u00e1k!<br \/>\r\n<\/strong>Podporuje Metropolitn\u00ed pl\u00e1n existenci lok\u00e1ln\u00edch sousedstv\u00ed? A\u00a0jak podporuje vznik kvalitn\u00edch ve\u0159ejn\u00fdch prostor?<\/p>\r\n<p><strong>20.\u00a06.&nbsp;18.00 Komentovan\u00e1 vych\u00e1zka: Fenom\u00e9n zahr\u00e1dk\u00e1\u0159sk\u00e9 kolonie\u00a0<\/strong><br \/>\r\nV\u00a0\u010dem spo\u010d\u00edv\u00e1 d\u016fle\u017eitost zahr\u00e1dk\u00e1\u0159sk\u00fdch koloni\u00ed ve m\u011bstech? Pro\u010d jsou pro jejich u\u017eivatele tak d\u016fle\u017eit\u00e9? Vydejte se na vych\u00e1zku \u00fazem\u00edm zahr\u00e1dk\u00e1\u0159sk\u00e9 kolonie u\u00a0Litovick\u00e9ho potoka. Sraz p\u0159ed kinem O\u0159echovka.<\/p>\r\n<p><strong>29.\u00a06.&nbsp;19.00 Diskuze: Prost\u0159ed\u00ed okolo n\u00e1s:<\/strong><br \/>\r\nUkraden\u00e1 panoramata\u00a0Jak Metropolitn\u00ed pl\u00e1n vymezuje a\u00a0popisuje jednotliv\u00e9 m\u011bstsk\u00e9 lokality? Pro\u010d je jejich mapov\u00e1n\u00ed d\u016fle\u017eit\u00e9 pro jejich dal\u0161\u00ed rozvoj? M\u00e1 Pl\u00e1n vliv<br \/>\r\nna panorama, kter\u00e9 je pro stov\u011b\u017eatou Prahu tak typick\u00e9?<\/p>\r\n<p>Na diskuz\u00edch budou p\u0159\u00edtomni z\u00e1stupci m\u011bsta, auto\u0159i Metropolitn\u00edho pl\u00e1nu, \u010dlenov\u00e9 ob\u010dansk\u00fdch spolk\u016f a\u00a0dal\u0161\u00ed odborn\u00edci.<\/p>\r\n<p>Akce jsou tlumo\u010deny do \u010desk\u00e9ho znakov\u00e9ho jazyka. Rezervace m\u00edst na <a href=\"https:\/\/goout.net\/cs\/camp-centrum-architektury-a-mestskeho-planovani\/vzdryb\/\">goout.net<\/a>.<\/p>","protected":false},"excerpt":{"rendered":"[perex] Praha se m\u011bn\u00ed a\u00a0m\u011bnit bude. Nov\u00fd \u00fazemn\u00ed pl\u00e1n Prahy, tzv. Metropolitn\u00ed pl\u00e1n, ur\u010d\u00ed, jak se bude m\u011bsto v\u00a0n\u00e1sleduj\u00edc\u00edch deseti a\u017e dvaceti letech rozv\u00edjet. Jeho podobu do konce \u010dervna m\u00e1te op\u011bt mo\u017enost ovlivnit i\u00a0vy! [\/perex] \u00dazemn\u00ed pl\u00e1n je pl\u00e1n rozvoje m\u011bsta nebo obce. A\u00a0podle z\u00e1kona ho v\u00a0\u010cesku mus\u00ed m\u00edt ka\u017ed\u00e1 obec. \u0158\u00edk\u00e1, kde a\u00a0co je [&hellip;]","protected":false},"author":76,"featured_media":57798,"comment_status":"closed","ping_status":"open","sticky":false,"template":"","format":"standard","meta":[],"categories":[37],"tags":[145,124],"_links":{"self":[{"href":"https:\/\/www.praha7.cz\/api\/wp\/v2\/posts\/57791"}],"collection":[{"href":"https:\/\/www.praha7.cz\/api\/wp\/v2\/posts"}],"about":[{"href":"https:\/\/www.praha7.cz\/api\/wp\/v2\/types\/post"}],"author":[{"embeddable":true,"href":"https:\/\/www.praha7.cz\/api\/wp\/v2\/users\/76"}],"replies":[{"embeddable":true,"href":"https:\/\/www.praha7.cz\/api\/wp\/v2\/comments?post=57791"}],"version-history":[{"count":5,"href":"https:\/\/www.praha7.cz\/api\/wp\/v2\/posts\/57791\/revisions"}],"predecessor-version":[{"id":57802,"href":"https:\/\/www.praha7.cz\/api\/wp\/v2\/posts\/57791\/revisions\/57802"}],"wp:featuredmedia":[{"embeddable":true,"href":"https:\/\/www.praha7.cz\/api\/wp\/v2\/media\/57798"}],"wp:attachment":[{"href":"https:\/\/www.praha7.cz\/api\/wp\/v2\/media?parent=57791"}],"wp:term":[{"taxonomy":"category","embeddable":true,"href":"https:\/\/www.praha7.cz\/api\/wp\/v2\/categories?post=57791"},{"taxonomy":"post_tag","embeddable":true,"href":"https:\/\/www.praha7.cz\/api\/wp\/v2\/tags?post=57791"}],"curies":[{"name":"wp","href":"https:\/\/api.w.org\/{rel}","templated":true}]}}