    
{"id":57689,"date":"2022-06-05T15:27:17","date_gmt":"2022-06-05T13:27:17","guid":{"rendered":"https:\/\/www.praha7.cz\/?p=57689"},"modified":"2022-06-09T10:31:12","modified_gmt":"2022-06-09T08:31:12","slug":"57689-2","status":"publish","type":"post","link":"https:\/\/www.praha7.cz\/57689-2\/","title":{"rendered":"V parc\u00edch v&nbsp;ulici Tusarova a&nbsp;u&nbsp;kostela sv. Anton\u00edna prob\u011bhne rekonstrukce povrch\u016f a&nbsp;vybaven\u00ed"},"content":{"rendered":"<p>[perex]<\/p>\r\n<p>Dva parky ve spr\u00e1v\u011b sedm\u00e9 m\u011bstsk\u00e9 \u010d\u00e1sti se za\u010d\u00e1tkem l\u00e9ta do\u010dkaj\u00ed obnovy povrch\u016f, renovace vybaven\u00ed a&nbsp;dal\u0161\u00edch \u00faprav, kter\u00e9 zp\u0159\u00edjemn\u00ed pobyt v\u0161em n\u00e1v\u0161t\u011bvn\u00edk\u016fm. Pr\u00e1ce za\u010dnou na za\u010d\u00e1tku \u010dervna v\u00a0parku v\u00a0ul. Tusarova, kde budou v\u00a0n\u011bkolika etap\u00e1ch prob\u00edhat do poloviny srpna. Kolem poloviny \u010dervence se pak uskute\u010dn\u00ed \u00fapravy parku u&nbsp;kostela sv. Anton\u00edna na Strossmayerov\u011b n\u00e1m\u011bst\u00ed.<\/p>\r\n<p>[\/perex]<\/p>\r\n<p><strong>V parku v\u00a0ulici Tusarova<\/strong> prob\u011bhne renovace zpevn\u011bn\u00fdch ploch, p\u0159edev\u0161\u00edm pak obnova mlatov\u00fdch povrch\u016f a&nbsp;cest. Dopln\u011bny zde budou nov\u00e9 hern\u00ed prvky v\u010detn\u011b t\u0159\u00ed trampol\u00edn a&nbsp;chyb\u011bt nebudou ani nov\u00e9 odpadkov\u00e9 ko\u0161e. Rekonstrukc\u00ed projdou tak\u00e9 plocha na p\u00e9tanque a&nbsp;pergola. B\u011bhem realizace prac\u00ed dojde k\u00a0o\u0161et\u0159en\u00ed strom\u016f v\u00a0centr\u00e1ln\u00ed \u010d\u00e1sti parku.\u00a0 Radi\u00e1ln\u00edm mul\u010dov\u00e1n\u00edm a&nbsp;p\u016fdn\u00ed injekt\u00e1\u017e\u00ed bude zaji\u0161t\u011bno provzdu\u0161n\u011bn\u00ed jejich ko\u0159enov\u00e9ho prostoru a&nbsp;zlep\u0161en\u00ed vitality a&nbsp;r\u016fstov\u00fdch podm\u00ednek do dal\u0161\u00edch let.<\/p>\r\n<p>\u00dapravy v\u00a0parku Tusarova budou prob\u00edhat v\u00a0n\u011bkolika etap\u00e1ch zhruba do poloviny srpna. Park bude uzav\u0159en\u00fd na dobu nezbytn\u011b nutnou v\u017edy jen v\u00a0t\u00e9 \u010d\u00e1sti, kde se bude aktu\u00e1ln\u011b pracovat.<\/p>\r\n<p><strong>V\u00a0parku u&nbsp;kostela sv. Anton\u00edna<\/strong> budou v&nbsp;pr\u016fb\u011bhu \u010dervence zrekonstruov\u00e1ny cesty, kter\u00e9 se do\u010dkaj\u00ed obnovy svrchn\u00ed vrstvy mlatov\u00fdch povrch\u016f a&nbsp;dopln\u011bn\u00ed \u017eulov\u00e9 dla\u017eby v&nbsp;okrajov\u00fdch sva\u017eit\u00fdch \u010d\u00e1stech. Z\u00e1rove\u0148 dojde k\u00a0renovaci lavi\u010dek a&nbsp;\u00faprav\u00e1m jejich uspo\u0159\u00e1d\u00e1n\u00ed.<\/p>\r\n<p>Pr\u00e1ce zde prob\u011bhnou v\u00a0jedn\u00e9 etap\u011b, v\u00a0r\u00e1mci kter\u00e9 bude par\u010d\u00edk krat\u0161\u00ed dobu uzav\u0159en.<\/p>\r\n<p>D\u011bkujeme za pochopen\u00ed a&nbsp;trp\u011blivost b\u011bhem realizace prac\u00ed. V\u011b\u0159\u00edme, \u017ee se v\u00e1m v&nbsp;na\u0161ich upraven\u00fdch parc\u00edch bude l\u00edbit.<\/p>","protected":false},"excerpt":{"rendered":"[perex] Dva parky ve spr\u00e1v\u011b sedm\u00e9 m\u011bstsk\u00e9 \u010d\u00e1sti se za\u010d\u00e1tkem l\u00e9ta do\u010dkaj\u00ed obnovy povrch\u016f, renovace vybaven\u00ed a&nbsp;dal\u0161\u00edch \u00faprav, kter\u00e9 zp\u0159\u00edjemn\u00ed pobyt v\u0161em n\u00e1v\u0161t\u011bvn\u00edk\u016fm. Pr\u00e1ce za\u010dnou na za\u010d\u00e1tku \u010dervna v\u00a0parku v\u00a0ul. Tusarova, kde budou v\u00a0n\u011bkolika etap\u00e1ch prob\u00edhat do poloviny srpna. Kolem poloviny \u010dervence se pak uskute\u010dn\u00ed \u00fapravy parku u&nbsp;kostela sv. Anton\u00edna na Strossmayerov\u011b n\u00e1m\u011bst\u00ed. [\/perex] V&nbsp;[&hellip;]","protected":false},"author":5,"featured_media":29472,"comment_status":"closed","ping_status":"open","sticky":false,"template":"","format":"standard","meta":[],"categories":[34],"tags":[],"_links":{"self":[{"href":"https:\/\/www.praha7.cz\/api\/wp\/v2\/posts\/57689"}],"collection":[{"href":"https:\/\/www.praha7.cz\/api\/wp\/v2\/posts"}],"about":[{"href":"https:\/\/www.praha7.cz\/api\/wp\/v2\/types\/post"}],"author":[{"embeddable":true,"href":"https:\/\/www.praha7.cz\/api\/wp\/v2\/users\/5"}],"replies":[{"embeddable":true,"href":"https:\/\/www.praha7.cz\/api\/wp\/v2\/comments?post=57689"}],"version-history":[{"count":3,"href":"https:\/\/www.praha7.cz\/api\/wp\/v2\/posts\/57689\/revisions"}],"predecessor-version":[{"id":58246,"href":"https:\/\/www.praha7.cz\/api\/wp\/v2\/posts\/57689\/revisions\/58246"}],"wp:featuredmedia":[{"embeddable":true,"href":"https:\/\/www.praha7.cz\/api\/wp\/v2\/media\/29472"}],"wp:attachment":[{"href":"https:\/\/www.praha7.cz\/api\/wp\/v2\/media?parent=57689"}],"wp:term":[{"taxonomy":"category","embeddable":true,"href":"https:\/\/www.praha7.cz\/api\/wp\/v2\/categories?post=57689"},{"taxonomy":"post_tag","embeddable":true,"href":"https:\/\/www.praha7.cz\/api\/wp\/v2\/tags?post=57689"}],"curies":[{"name":"wp","href":"https:\/\/api.w.org\/{rel}","templated":true}]}}