    
{"id":57608,"date":"2022-05-19T15:27:34","date_gmt":"2022-05-19T13:27:34","guid":{"rendered":"https:\/\/www.praha7.cz\/?p=57608"},"modified":"2022-05-19T15:38:02","modified_gmt":"2022-05-19T13:38:02","slug":"verejna-cyklotour-na-kole-detem-startuje-jiz-po-trinacte","status":"publish","type":"post","link":"https:\/\/www.praha7.cz\/verejna-cyklotour-na-kole-detem-startuje-jiz-po-trinacte\/","title":{"rendered":"Ve\u0159ejn\u00e1 charitativn\u00ed cyklotour Na kole d\u011btem startuje ji\u017e po t\u0159in\u00e1ct\u00e9"},"content":{"rendered":"<p>[perex]<\/p>\r\n<p>Ve dnech 1. &#8211; 11.&nbsp;6.&nbsp;2022 vyraz\u00ed Josef Zimov\u010d\u00e1k a&nbsp;peloton cyklist\u016f na etapovou cykloj\u00edzdu nap\u0159\u00ed\u010d \u010ceskou republikou. K&nbsp;tradi\u010dn\u00ed j\u00edzd\u011b, jej\u00edm\u017e hlavn\u00edm c\u00edlem je z\u00edsk\u00e1n\u00ed finan\u010dn\u00edch prost\u0159edk\u016f na pomoc a&nbsp;podporu onkologicky nemocn\u00fdch d\u011bt\u00ed, se m\u016f\u017ee p\u0159idat ka\u017ed\u00fd, na kousek, jednu etapu nebo celou trasu. V\u00a0pelotonu potk\u00e1te mnoho zn\u00e1m\u00fdch tv\u00e1\u0159\u00ed a&nbsp;osobnost\u00ed. Hned na startu se p\u0159idaj\u00ed Prof. Pavel Pafko a&nbsp;Prof. Jan Pirk, p\u0159ipoj\u00ed se tak\u00e9 zn\u00e1m\u00fd paralympijsk\u00fd cyklista Ji\u0159\u00ed Je\u017eek a&nbsp;mnoho dal\u0161\u00edch. V&nbsp;r\u00e1mci 1.&nbsp;etapy se peloton zastav\u00ed 1.&nbsp;6.&nbsp;v&nbsp;\u010dase 12:15 &#8211; 12:45 na dvo\u0159e \u00da\u0159adu m\u011bstsk\u00e9 \u010d\u00e1sti Praha&nbsp;7. V\u00edce informac\u00ed a&nbsp;trasa\u00a0<a href=\"https:\/\/www.nakoledetem.cz\/cyklotour-2022\" target=\"_blank\" rel=\"noopener\">zde<\/a>.<\/p>\r\n<p>[\/perex]<\/p>\r\n<p>Trasa 1.&nbsp;dne (1.&nbsp;6.)<\/p>\r\n<p><strong>Start\u00a0 \u00a0<\/strong> 12:00 Praha &#8211;\u00a0Starom\u011bstsk\u00e9 n\u00e1m\u011bst\u00ed<br \/>\r\n12:15\u00a0&#8211; 12:45 <strong>Praha&nbsp;7\u00a0&#8211;\u00a0\u00da\u0159ad m\u011bstsk\u00e9 \u010d\u00e1sti<\/strong><br \/>\r\n14:45\u00a0&#8211; 15:15 Rudn\u00e1\u00a0&#8211;\u00a0 \u00a0Z\u00e1kladn\u00ed \u0161kola, Masarykova 878<br \/>\r\n16:15 &#8211; 16:45 Dru\u017eec\u00a0 &#8211; sportovn\u00ed are\u00e1l\u00a0 \u00a0<br \/>\r\n\u00a0<strong>C\u00edl\u00a0 \u00a0 \u00a0\u00a0\u00a0<\/strong>17:50\u00a0 Beroun\u00a0&#8211;\u00a0Husovo n\u00e1m\u011bst\u00ed<\/p>\r\n<p><a href=\"https:\/\/www.praha7.cz\/wp-content\/uploads\/2022\/05\/Na-kole-d\u011btem-2022.png\" target=\"_blank\" rel=\"noopener\"><img loading=\"lazy\" src=\"https:\/\/www.praha7.cz\/wp-content\/uploads\/2022\/05\/Na-kole-d\u011btem-2022.png\" alt=\"\" width=\"2416\" height=\"3379\" class=\"alignnone wp-image-57613 size-full\" srcset=\"https:\/\/www.praha7.cz\/wp-content\/uploads\/2022\/05\/Na-kole-d\u011btem-2022.png 2416w, https:\/\/www.praha7.cz\/wp-content\/uploads\/2022\/05\/Na-kole-d\u011btem-2022-286x400.png 286w, https:\/\/www.praha7.cz\/wp-content\/uploads\/2022\/05\/Na-kole-d\u011btem-2022-768x1074.png 768w, https:\/\/www.praha7.cz\/wp-content\/uploads\/2022\/05\/Na-kole-d\u011btem-2022-715x1000.png 715w\" sizes=\"(max-width: 2416px) 100vw, 2416px\" \/><\/a><\/p>\r\n<p><strong>Jak m\u016f\u017eete pomoci i&nbsp;Vy?<\/strong><\/p>\r\n<ul>\r\n\t<li>aktivn\u011b se z\u00fa\u010dastnit cykloj\u00edzdy a&nbsp;p\u0159isp\u011bt dobrovoln\u00fdm startovn\u00fdm do kasi\u010dky Na kole d\u011btem<\/li>\r\n\t<li>zakoupit si triko a&nbsp;jin\u00e9 p\u0159edm\u011bty Na kole d\u011btem<\/li>\r\n\t<li>p\u0159isp\u011bt na konto ve\u0159ejn\u00e9 sb\u00edrky nada\u010dn\u00edho fondu Na kole d\u011btem 107-484410267\/0100<\/li>\r\n\t<li>informovat o&nbsp;projektu sv\u00e9 p\u0159\u00e1tele a&nbsp;zn\u00e1m\u00e9<\/li>\r\n\t<li>st\u00e1t se partnerem projektu<\/li>\r\n<\/ul>","protected":false},"excerpt":{"rendered":"[perex] Ve dnech 1. &#8211; 11.&nbsp;6.&nbsp;2022 vyraz\u00ed Josef Zimov\u010d\u00e1k a&nbsp;peloton cyklist\u016f na etapovou cykloj\u00edzdu nap\u0159\u00ed\u010d \u010ceskou republikou. K&nbsp;tradi\u010dn\u00ed j\u00edzd\u011b, jej\u00edm\u017e hlavn\u00edm c\u00edlem je z\u00edsk\u00e1n\u00ed finan\u010dn\u00edch prost\u0159edk\u016f na pomoc a&nbsp;podporu onkologicky nemocn\u00fdch d\u011bt\u00ed, se m\u016f\u017ee p\u0159idat ka\u017ed\u00fd, na kousek, jednu etapu nebo celou trasu. V\u00a0pelotonu potk\u00e1te mnoho zn\u00e1m\u00fdch tv\u00e1\u0159\u00ed a&nbsp;osobnost\u00ed. Hned na startu se p\u0159idaj\u00ed Prof. [&hellip;]","protected":false},"author":97,"featured_media":57610,"comment_status":"closed","ping_status":"open","sticky":false,"template":"","format":"standard","meta":[],"categories":[34],"tags":[],"_links":{"self":[{"href":"https:\/\/www.praha7.cz\/api\/wp\/v2\/posts\/57608"}],"collection":[{"href":"https:\/\/www.praha7.cz\/api\/wp\/v2\/posts"}],"about":[{"href":"https:\/\/www.praha7.cz\/api\/wp\/v2\/types\/post"}],"author":[{"embeddable":true,"href":"https:\/\/www.praha7.cz\/api\/wp\/v2\/users\/97"}],"replies":[{"embeddable":true,"href":"https:\/\/www.praha7.cz\/api\/wp\/v2\/comments?post=57608"}],"version-history":[{"count":5,"href":"https:\/\/www.praha7.cz\/api\/wp\/v2\/posts\/57608\/revisions"}],"predecessor-version":[{"id":57618,"href":"https:\/\/www.praha7.cz\/api\/wp\/v2\/posts\/57608\/revisions\/57618"}],"wp:featuredmedia":[{"embeddable":true,"href":"https:\/\/www.praha7.cz\/api\/wp\/v2\/media\/57610"}],"wp:attachment":[{"href":"https:\/\/www.praha7.cz\/api\/wp\/v2\/media?parent=57608"}],"wp:term":[{"taxonomy":"category","embeddable":true,"href":"https:\/\/www.praha7.cz\/api\/wp\/v2\/categories?post=57608"},{"taxonomy":"post_tag","embeddable":true,"href":"https:\/\/www.praha7.cz\/api\/wp\/v2\/tags?post=57608"}],"curies":[{"name":"wp","href":"https:\/\/api.w.org\/{rel}","templated":true}]}}