    
{"id":57405,"date":"2022-05-13T14:14:37","date_gmt":"2022-05-13T12:14:37","guid":{"rendered":"https:\/\/www.praha7.cz\/?p=57405"},"modified":"2022-05-16T10:45:36","modified_gmt":"2022-05-16T08:45:36","slug":"pamatnik-ticha-jaro-a-leto-2022","status":"publish","type":"post","link":"https:\/\/www.praha7.cz\/pamatnik-ticha-jaro-a-leto-2022\/","title":{"rendered":"Pam\u00e1tn\u00edk ticha &#8211; jaro a&nbsp;l\u00e9to 2022"},"content":{"rendered":"<p>[perex]<\/p>\r\n<p>Jarn\u00ed a&nbsp;letn\u00ed program Pam\u00e1tn\u00edku ticha najdete <a href=\"https:\/\/www.praha7.cz\/wp-content\/uploads\/2022\/05\/Pamatnik-ticha-program-jaro-leto-2022.jpeg\" target=\"_blank\" rel=\"noopener\">zde<\/a>. Podrobnosti na webu\u00a0<a href=\"https:\/\/www.pamatnikticha.cz\/\" target=\"_blank\" rel=\"noopener\">www.pamatnikticha.cz<\/a>.<\/p>\r\n<p>[\/perex]<\/p>","protected":false},"excerpt":{"rendered":"[perex] Jarn\u00ed a&nbsp;letn\u00ed program Pam\u00e1tn\u00edku ticha najdete zde. Podrobnosti na webu\u00a0www.pamatnikticha.cz. [\/perex]","protected":false},"author":97,"featured_media":57407,"comment_status":"closed","ping_status":"open","sticky":false,"template":"","format":"standard","meta":[],"categories":[34],"tags":[],"_links":{"self":[{"href":"https:\/\/www.praha7.cz\/api\/wp\/v2\/posts\/57405"}],"collection":[{"href":"https:\/\/www.praha7.cz\/api\/wp\/v2\/posts"}],"about":[{"href":"https:\/\/www.praha7.cz\/api\/wp\/v2\/types\/post"}],"author":[{"embeddable":true,"href":"https:\/\/www.praha7.cz\/api\/wp\/v2\/users\/97"}],"replies":[{"embeddable":true,"href":"https:\/\/www.praha7.cz\/api\/wp\/v2\/comments?post=57405"}],"version-history":[{"count":1,"href":"https:\/\/www.praha7.cz\/api\/wp\/v2\/posts\/57405\/revisions"}],"predecessor-version":[{"id":57409,"href":"https:\/\/www.praha7.cz\/api\/wp\/v2\/posts\/57405\/revisions\/57409"}],"wp:featuredmedia":[{"embeddable":true,"href":"https:\/\/www.praha7.cz\/api\/wp\/v2\/media\/57407"}],"wp:attachment":[{"href":"https:\/\/www.praha7.cz\/api\/wp\/v2\/media?parent=57405"}],"wp:term":[{"taxonomy":"category","embeddable":true,"href":"https:\/\/www.praha7.cz\/api\/wp\/v2\/categories?post=57405"},{"taxonomy":"post_tag","embeddable":true,"href":"https:\/\/www.praha7.cz\/api\/wp\/v2\/tags?post=57405"}],"curies":[{"name":"wp","href":"https:\/\/api.w.org\/{rel}","templated":true}]}}