    
{"id":57183,"date":"2022-05-04T16:36:24","date_gmt":"2022-05-04T14:36:24","guid":{"rendered":"https:\/\/www.praha7.cz\/?p=57183"},"modified":"2022-05-04T16:36:24","modified_gmt":"2022-05-04T14:36:24","slug":"deti-a-digitalni-technologie-seminar-pro-predvidave-rodice","status":"publish","type":"post","link":"https:\/\/www.praha7.cz\/deti-a-digitalni-technologie-seminar-pro-predvidave-rodice\/","title":{"rendered":"D\u011bti a&nbsp;digit\u00e1ln\u00ed technologie? Semin\u00e1\u0159 pro p\u0159edv\u00eddav\u00e9 rodi\u010de"},"content":{"rendered":"<p>[perex]<\/p>\r\n<p>Jste rodi\u010de p\u0159ed\u0161kol\u00e1k\u016f nebo mlad\u0161\u00edch \u0161kol\u00e1k\u016f a&nbsp;zaj\u00edm\u00e1 v\u00e1s, jak\u00a0pou\u017e\u00edvat digit\u00e1ln\u00ed technologie zdrav\u011b a&nbsp;bezpe\u010dn\u011b? P\u0159ij\u010fte na semin\u00e1\u0159 zam\u011b\u0159en\u00fd na digit\u00e1ln\u00ed hygienu, online bezpe\u010dnost a&nbsp;ochranu soukrom\u00ed. Program se kon\u00e1 ve st\u0159edu 11.&nbsp;kv\u011btna 2022 od 17.00 v&nbsp;M\u0160\u00a0U Uranie na Ortenov\u011b n\u00e1m\u011bst\u00ed 37.\u00a0<\/p>\r\n<p>[\/perex]<\/p>\r\n<p>O zku\u0161enosti se pod\u011bl\u00ed psycholo\u017eka Mgr. Zuzana Pavelcov\u00e1 (Psychologick\u00fd institut Re:life) a&nbsp;pr\u00e1vni\u010dka JUDr. Ing. Helena Svato\u0161ov\u00e1 (Iuridicum Remedium\/Digit\u00e1ln\u00ed svobody).<\/p>\r\n<p>Na semin\u00e1\u0159i se dozv\u00edte, jak:<\/p>\r\n<ul>\r\n\t<li>pou\u017e\u00edvat digit\u00e1ln\u00ed technologie zdrav\u011b a&nbsp;bezpe\u010dn\u011b;<\/li>\r\n\t<li>nastavit re\u017eim p\u0159im\u011b\u0159en\u00fd v\u011bku;<\/li>\r\n\t<li>chr\u00e1nit osobn\u00ed data d\u011bt\u00ed a&nbsp;cel\u00e9 rodiny.<\/li>\r\n<\/ul>\r\n<p>P\u0159ihl\u00e1sit se m\u016f\u017eete se online\u00a0<a href=\"https:\/\/form.jotform.com\/HelaS\/vstupdodigisveta\" target=\"_blank\" rel=\"noopener\">zde<\/a>. Semin\u00e1\u0159 je zdarma.<\/p>\r\n<p>&nbsp;<\/p>\r\n<p><img loading=\"lazy\" src=\"https:\/\/www.praha7.cz\/wp-content\/uploads\/2022\/05\/vstup_deti-707x1000.jpg\" alt=\"\" width=\"640\" height=\"905\" class=\"alignleft wp-image-57187 size-large\" srcset=\"https:\/\/www.praha7.cz\/wp-content\/uploads\/2022\/05\/vstup_deti-707x1000.jpg 707w, https:\/\/www.praha7.cz\/wp-content\/uploads\/2022\/05\/vstup_deti-283x400.jpg 283w, https:\/\/www.praha7.cz\/wp-content\/uploads\/2022\/05\/vstup_deti-768x1086.jpg 768w, https:\/\/www.praha7.cz\/wp-content\/uploads\/2022\/05\/vstup_deti.jpg 827w\" sizes=\"(max-width: 640px) 100vw, 640px\" \/><\/p>","protected":false},"excerpt":{"rendered":"[perex] Jste rodi\u010de p\u0159ed\u0161kol\u00e1k\u016f nebo mlad\u0161\u00edch \u0161kol\u00e1k\u016f a&nbsp;zaj\u00edm\u00e1 v\u00e1s, jak\u00a0pou\u017e\u00edvat digit\u00e1ln\u00ed technologie zdrav\u011b a&nbsp;bezpe\u010dn\u011b? P\u0159ij\u010fte na semin\u00e1\u0159 zam\u011b\u0159en\u00fd na digit\u00e1ln\u00ed hygienu, online bezpe\u010dnost a&nbsp;ochranu soukrom\u00ed. Program se kon\u00e1 ve st\u0159edu 11.&nbsp;kv\u011btna 2022 od 17.00 v&nbsp;M\u0160\u00a0U Uranie na Ortenov\u011b n\u00e1m\u011bst\u00ed 37.\u00a0 [\/perex] O&nbsp;zku\u0161enosti se pod\u011bl\u00ed psycholo\u017eka Mgr. Zuzana Pavelcov\u00e1 (Psychologick\u00fd institut Re:life) a&nbsp;pr\u00e1vni\u010dka JUDr. Ing. [&hellip;]","protected":false},"author":251,"featured_media":57186,"comment_status":"closed","ping_status":"open","sticky":false,"template":"","format":"standard","meta":[],"categories":[34],"tags":[],"_links":{"self":[{"href":"https:\/\/www.praha7.cz\/api\/wp\/v2\/posts\/57183"}],"collection":[{"href":"https:\/\/www.praha7.cz\/api\/wp\/v2\/posts"}],"about":[{"href":"https:\/\/www.praha7.cz\/api\/wp\/v2\/types\/post"}],"author":[{"embeddable":true,"href":"https:\/\/www.praha7.cz\/api\/wp\/v2\/users\/251"}],"replies":[{"embeddable":true,"href":"https:\/\/www.praha7.cz\/api\/wp\/v2\/comments?post=57183"}],"version-history":[{"count":3,"href":"https:\/\/www.praha7.cz\/api\/wp\/v2\/posts\/57183\/revisions"}],"predecessor-version":[{"id":57190,"href":"https:\/\/www.praha7.cz\/api\/wp\/v2\/posts\/57183\/revisions\/57190"}],"wp:featuredmedia":[{"embeddable":true,"href":"https:\/\/www.praha7.cz\/api\/wp\/v2\/media\/57186"}],"wp:attachment":[{"href":"https:\/\/www.praha7.cz\/api\/wp\/v2\/media?parent=57183"}],"wp:term":[{"taxonomy":"category","embeddable":true,"href":"https:\/\/www.praha7.cz\/api\/wp\/v2\/categories?post=57183"},{"taxonomy":"post_tag","embeddable":true,"href":"https:\/\/www.praha7.cz\/api\/wp\/v2\/tags?post=57183"}],"curies":[{"name":"wp","href":"https:\/\/api.w.org\/{rel}","templated":true}]}}