    
{"id":57056,"date":"2022-05-02T12:13:37","date_gmt":"2022-05-02T10:13:37","guid":{"rendered":"https:\/\/www.praha7.cz\/?p=57056"},"modified":"2022-05-02T12:13:37","modified_gmt":"2022-05-02T10:13:37","slug":"budme-k-sobe-pozorni","status":"publish","type":"post","link":"https:\/\/www.praha7.cz\/budme-k-sobe-pozorni\/","title":{"rendered":"Bu\u010fme k&nbsp;sob\u011b pozorn\u00ed"},"content":{"rendered":"<p>[perex]<\/p>\r\n<p>Podle posledn\u00edho s\u010d\u00edt\u00e1n\u00ed lidu \u017eije v\u00a0\u010cR odhadem dv\u011b st\u011b tis\u00edc zapomenut\u00fdch senior\u016f. Jak je ale naj\u00edt? Jak pomoci t\u011bm nejzraniteln\u011bj\u0161\u00edm, kte\u0159\u00ed \u017eij\u00ed osamoceni za zabouchnut\u00fdmi dve\u0159mi, jen z\u0159\u00eddkakdy vyjdou ven a\u00a0st\u011b\u017e\u00ed se daj\u00ed do \u0159e\u010di s\u00a0kolemjdouc\u00edmi?\u00a0Iniciativu <a href=\"https:\/\/www.nejdrivsoused.cz\/\">Nejd\u0159\u00edv soused<\/a>, kter\u00e1 od minul\u00e9ho l\u00e9ta pom\u00e1h\u00e1 senior\u016fm na Sedmi\u010dce, n\u00e1m p\u0159ibl\u00ed\u017e\u00ed jej\u00ed koordin\u00e1torka Marie Dvo\u0159\u00e1kov\u00e1.<\/p>\r\n<p>[\/perex]<br \/>\r\n<br \/>\r\n<strong>Co bylo impulsem k\u00a0zalo\u017een\u00ed iniciativy Nejd\u0159\u00edv soused?<\/strong><br \/>\r\nImpuls vze\u0161el od Yariva Ronena, p\u0159edsedy spr\u00e1vn\u00ed rady <a href=\"https:\/\/www.agora7.cz\/\">Nada\u010dn\u00edho fondu Agora 7<\/a>, hlavn\u00edho sponzora hole\u0161ovick\u00e9ho kulturn\u00edho a\u00a0vzd\u011bl\u00e1vac\u00edho centra pro seniory P\u0159\u00edstav 7. Agora 7 tak\u00e9 finan\u010dn\u011b podporuje osam\u011ble \u017eij\u00edc\u00ed seniory v\u00a0nep\u0159\u00edzniv\u00e9 soci\u00e1ln\u00ed situaci. Kdy\u017e Yariv poznal Vojt\u011bcha Sedl\u00e1\u010dka (podnikatel a\u00a0zakladatel n\u011bkolika spole\u010dnost\u00ed a\u00a0projekt\u016f, kter\u00e9 vytv\u00e1\u0159ej\u00ed pracovn\u00ed a\u00a0podnikatelsk\u00e9 p\u0159\u00edle\u017eitosti pro osoby se zdravotn\u00edm omezen\u00edm, pozn. red.), zadal mu zaj\u00edmav\u00fd \u00fakol: nal\u00e9zt dosud b\u00edl\u00e1 m\u00edsta v\u00a0pom\u00e1h\u00e1n\u00ed senior\u016fm. P\u0159ekvapiv\u00fdm zji\u0161t\u011bn\u00edm bylo, \u017ee pom\u011brn\u011b dost senior\u016f str\u00e1d\u00e1 a\u00a0p\u0159\u00edli\u0161 nekomunikuje s\u00a0okol\u00edm. A\u00a0na zapomenut\u00e9ho seniora m\u016f\u017ee nejsn\u00e1ze upozornit jeho soused.<\/p>\r\n<p><strong>Z\u00a0jak\u00e9ho d\u016fvodu prob\u00edh\u00e1 pilotn\u00ed f\u00e1ze projektu na Sedmi\u010dce?<\/strong><br \/>\r\nSedmi\u010dka m\u00e1 jedno velk\u00e9 privilegium. Aktivn\u00ed ob\u010dany, kte\u0159\u00ed jsou vn\u00edmav\u00ed k\u00a0osud\u016fm sv\u00fdch soused\u016f\u00a0a\u00a0spoluob\u010dan\u016f. Pozorn\u00fd soused si m\u016f\u017ee v\u0161imnout, \u017ee star\u00e1 pan\u00ed, kter\u00e1 bydl\u00ed v\u00a0pat\u0159e pod n\u00edm, st\u011b\u017e\u00ed vynese do patra n\u00e1kup, p\u0159est\u00e1v\u00e1 zvl\u00e1dat osobn\u00ed hygienu nebo ji\u017e del\u0161\u00ed dobu nevych\u00e1z\u00ed z\u00a0bytu. Proto se sna\u017e\u00edme oslovit sousedy, kte\u0159\u00ed n\u00e1s na pozapomenut\u00e9ho seniora mohou upozornit. Kdy\u017e mi soused zprost\u0159edkuje s\u00a0dan\u00fdm seniorem kontakt, zjist\u00edm, v\u00a0jak\u00e9 \u017eivotn\u00ed situaci se senior nach\u00e1z\u00ed, jakou pomoc a\u00a0jak rychle pot\u0159ebuje a\u00a0zdali ji\u017e vyu\u017e\u00edv\u00e1 pe\u010dovatelsk\u00e9 \u010di jin\u00e9 slu\u017eby. Pokud je dan\u00fd \u010dlov\u011bk u\u017e v\u00a0s\u00edti n\u011bjak\u00e9 pom\u00e1haj\u00edc\u00ed organizace, organizaci kontaktuji a\u00a0prov\u011b\u0159\u00edm, jestli o\u00a0t\u00ed\u017eiv\u00e9 situaci klienta v\u00ed. Pokud senior v\u00a0kontaktu s\u00a0pom\u00e1haj\u00edc\u00ed organizac\u00ed nen\u00ed, pomoc zprost\u0159edkuji. A\u00a0kdy\u017e pracovn\u00edk pom\u00e1haj\u00edc\u00ed organizace zjist\u00ed, \u017ee je neodkladn\u00e1 pomoc spojen\u00e1 s\u00a0financemi, na\u0161e iniciativa na \u017e\u00e1dost pracovn\u00edka pot\u0159ebn\u00e9 prost\u0159edky obratem\u00a0poskytne. \u00daloha Nejd\u0159\u00edv souseda je tedy dvoj\u00ed\u00a0\u2013 naj\u00edt zapomenut\u00e9ho seniora a\u00a0nab\u00eddnout mu pomocnou ruku i\u00a0finance, pokud si to jeho \u017eivotn\u00ed situace \u017e\u00e1d\u00e1.<\/p>\r\n<p><strong>Jak se sna\u017e\u00edte pozorn\u00e9 sousedy oslovit?<\/strong><br \/>\r\nJsme v\u00a0kontaktu s\u00a0p\u0159edsedy m\u00edstn\u00edch sousedsk\u00fdch spolk\u016f. V\u0161ichni jsou to mlad\u00ed, aktivn\u00ed lid\u00e9, kte\u0159\u00ed maj\u00ed o\u010di otev\u0159en\u00e9, zaj\u00edmaj\u00ed se o\u00a0to, co se d\u011bje v\u00a0jejich okol\u00ed, a\u00a0jsou p\u0159ipraveni pomoci, kdy\u017e je t\u0159eba. D\u00edky sv\u00e9mu aktivn\u00edmu p\u0159\u00edstupu a\u00a0z\u00e1jmu o\u00a0druh\u00e9 se \u010dasto dost\u00e1vaj\u00ed do kontaktu se sv\u00fdmi sousedy v\u00a0seniorsk\u00e9m v\u011bku. Pom\u016f\u017eou jim s\u00a0n\u00e1kupem, s\u00a0vyzvednut\u00edm\u00a0l\u00e9k\u016f, s\u00a0doprovodem k\u00a0l\u00e9ka\u0159i apod. Se seniorem si pov\u00eddaj\u00ed a\u00a0p\u0159itom si t\u0159eba v\u0161imnou, \u017ee nikoho nem\u00e1, \u017ee ka\u017edodenn\u00ed p\u00e9\u010di o\u00a0sebe t\u011b\u017eko zvl\u00e1d\u00e1, \u017ee nem\u00e1 dost pen\u011bz na j\u00eddlo apod. V\u00a0takov\u00e9m p\u0159\u00edpad\u011b m\u011b soused kontaktuje a\u00a0pust\u00edme se do pr\u00e1ce.<\/p>\r\n<p><strong>Projekt byl spu\u0161t\u011bn loni v\u00a0l\u00e9t\u011b. Komu jste ji\u017e pomohli?<\/strong><br \/>\r\nOd t\u00e9 doby jsme zprost\u0159edkovali pomoc osmi ob\u010dan\u016fm. Jeden z\u00a0nich byl v\u00a0obzvl\u00e1\u0161t\u011b z\u00e1va\u017en\u00e9 situaci. D\u00edky kontaktu od pozorn\u00e9ho souseda se na m\u011b obr\u00e1tila t\u00e9m\u011b\u0159 devades\u00e1tilet\u00e1 pan\u00ed, kter\u00e1 pot\u0159ebovala zajistit odvoz na vy\u0161et\u0159en\u00ed do nemocnice a\u00a0zp\u011bt. Odvoz jsem j\u00ed p\u0159es organizaci Hewer zajistila. O\u00a0dva dny pozd\u011bji mi pan\u00ed volala znovu s\u00a0t\u00edm, \u017ee je uv\u011bzn\u011bn\u00e1 v\u00a0byt\u011b, nem\u016f\u017ee se h\u00fdbat a\u00a0m\u00e1 velk\u00e9 bolesti a\u00a0neda\u0159\u00ed se j\u00ed dovolat se sv\u00e9 obvodn\u00ed l\u00e9ka\u0159ce. Kontaktovala jsem pracovnice Charity Praha-Hole\u0161ovice a\u00a0b\u011bhem chv\u00edle na dan\u00e9 adrese i\u00a0se z\u00e1chrannou slu\u017ebou byly. Poda\u0159ilo se jim dostat do bytu seniorky a\u00a0odvezli ji do nemocnice. Pracovnice Charity jsou s\u00a0pan\u00ed nad\u00e1le v\u00a0kontaktu a\u00a0po n\u00e1vratu z\u00a0nemocnice j\u00ed budou zaji\u0161\u0165ovat don\u00e1\u0161ku j\u00eddla\u00a0i\u00a0dal\u0161\u00ed pot\u0159ebnou pomoc. Pr\u00e1v\u011b z\u00a0tohoto d\u016fvodu projekt vznikl a\u00a0m\u00e1 smysl. Pozorn\u00fd soused si v\u0161iml osam\u011ble \u017eij\u00edc\u00ed zraniteln\u00e9 seniorky, d\u00edky \u010demu\u017e jsme j\u00ed mohli zajistit okam\u017eitou pomoc v\u00a0situaci ohro\u017euj\u00edc\u00ed \u017eivot i\u00a0n\u00e1sledn\u00e9 propojen\u00ed s\u00a0Charitou, kter\u00e1 pan\u00ed po n\u00e1vratu z\u00a0nemocnice zajist\u00ed v\u0161e pot\u0159ebn\u00e9. Pan\u00ed u\u017e tak ne\u017eije za zabouchnut\u00fdmi dve\u0159mi. Dost\u00e1v\u00e1 se j\u00ed pomoci a\u00a0ona v\u00ed, na koho se m\u016f\u017ee v\u00a0t\u00ed\u017eiv\u00e9 situaci obr\u00e1tit. N\u011bkolika senior\u016fm jsme poskytli tak\u00e9 finan\u010dn\u00ed pomoc. Uhradili jsme za n\u011b kauci na n\u00e1jemn\u00e9 bydlen\u00ed, doplatky za energie nebo poskytli finance na n\u00e1kup nejnutn\u011bj\u0161\u00edho vybaven\u00ed p\u0159i st\u011bhov\u00e1n\u00ed do byt\u016f v\u00a0r\u00e1mci podporovan\u00e9ho bydlen\u00ed Prahy&nbsp;7. Dohromady jsme pomohli \u0161esti lidem t\u00e9m\u011b\u0159 70 tis\u00edci korun.<\/p>\r\n<p><strong>Jak\u00fdm zp\u016fsobem z\u00edsk\u00e1v\u00e1te pot\u0159ebn\u00e9 finance?<br \/>\r\n<\/strong>Prvn\u00edmi sponzory projektu jsou jeho zakladatel\u00e9 Vojt\u011bch Sedl\u00e1\u010dek a\u00a0Yariv Ronen. Ka\u017ed\u00fd p\u0159isp\u011bl 200 tis\u00edci korun. V\u00a0nejbli\u017e\u0161\u00ed dob\u011b za\u010dneme oslovovat dal\u0161\u00ed mo\u017en\u00e9 d\u00e1rce. Cht\u011bli jsme nejd\u0159\u00edv ov\u011b\u0159it, \u017ee na\u0161e iniciativa skute\u010dn\u011b funguje.<\/p>\r\n<p><strong>S\u00a0jak\u00fdmi organizacemi je\u0161t\u011b spolupracujete?<\/strong><br \/>\r\nD\u00edky Nada\u010dn\u00edmu fondu Agora 7 ji\u017e n\u011bkolik let\u00a0spolupracujeme s\u00a0\u00da\u0159adem m\u011bstsk\u00e9 \u010d\u00e1sti Praha\u00a07, Pe\u010dovatelsk\u00fdm centrem Prahy&nbsp;7, Charitou Praha-Hole\u0161ovice, Arm\u00e1dou sp\u00e1sy, Fokusem, kter\u00fd pom\u00e1h\u00e1 lidem s\u00a0du\u0161evn\u00edm onemocn\u011bn\u00edm, a\u00a0dal\u0161\u00edmi. Ve v\u0161ech t\u011bchto organizac\u00edch jsou zap\u00e1len\u00ed lid\u00e9, s\u00a0nimi\u017e spolupr\u00e1ce b\u011b\u017e\u00ed mnoha sm\u011bry. Pro projekt Nejd\u0159\u00edv soused se tak v\u0161ichni stali na\u0161imi p\u0159irozen\u00fdmi partnery. Jakmile se setkaj\u00ed se seniorem, kter\u00fd pot\u0159ebuje urgentn\u011b finan\u010dn\u00ed pomoc, a\u00a0ze st\u00e1tn\u00edch \u010di jin\u00fdch zdroj\u016f je takov\u00e1 pomoc nedostupn\u00e1, obr\u00e1t\u00ed se na n\u00e1s.<\/p>\r\n<p><strong>Podobn\u00fd je tak\u00e9 v\u00e1\u0161 dal\u0161\u00ed projekt <a href=\"https:\/\/www.nejdrivdoma.cz\/\">Nejd\u0159\u00edv doma<\/a>. Komu je ur\u010den?<\/strong><br \/>\r\nProjekt Nejd\u0159\u00edv doma pom\u00e1h\u00e1 rodin\u00e1m bez\u00faro\u010dn\u00fdmi p\u016fj\u010dkami \u2013 nej\u010dast\u011bji na uhrazen\u00ed kauce u\u00a0n\u00e1jemn\u00edho bydlen\u00ed. P\u016fj\u010dka je okam\u017eit\u00e1, bez sankc\u00ed, bez hrozby exekuce. P\u0159esto\u017ee je p\u016fj\u010dka nevymahateln\u00e1, p\u0159es 60 procent rodin n\u00e1m ji \u0159\u00e1dn\u011b spl\u00e1c\u00ed. Soci\u00e1ln\u00ed pracovn\u00edci v\u00a0Praze 7 o\u00a0projektu Nejd\u0159\u00edv doma u\u017e tak\u00e9 v\u011bd\u00ed, a\u00a0tak se n\u00e1m d\u00edky na\u0161\u00ed spolupr\u00e1ci poda\u0159ilo pomoci bez\u00faro\u010dn\u00fdmi p\u016fj\u010dkami \u0161esti ob\u010dan\u016fm z\u00a0Prahy&nbsp;7. U\u00a0obou projekt\u016f funguje spolupr\u00e1ce s\u00a0m\u00edstn\u00edmi pom\u00e1haj\u00edc\u00edmi organizacemi naprosto skv\u011ble. Bez n\u00ed by oba z\u016fstaly jen dobr\u00fdm n\u00e1padem na pap\u00ed\u0159e.\u00a0<\/p>\r\n<hr \/>\r\n<p><strong><a href=\"https:\/\/www.nejdrivsoused.cz\/\">www.nejdrivsoused.cz<\/a> <\/strong><br \/>\r\n<strong>tel.: 778&nbsp;972&nbsp;002<\/strong><br \/>\r\n<strong>e-mail: <a href=\"mailto:info@nejdrivsoused.cz\">info@nejdrivsoused.cz<\/a><\/strong><\/p>\r\n<hr \/>\r\n<p><em>Iniciativu Nejd\u0159\u00edv soused podporuje Nada\u010dn\u00ed fond Agora 7 za aktivn\u00ed spolupr\u00e1ce s&nbsp;M\u011bstskou \u010d\u00e1st\u00ed Praha&nbsp;7, Pe\u010dovatelsk\u00fdm centrem Praha&nbsp;7, Charitou Praha-Hole\u0161ovice a&nbsp;sousedsk\u00fdmi spolky Prahy&nbsp;7.<\/em><\/p>","protected":false},"excerpt":{"rendered":"[perex] Podle posledn\u00edho s\u010d\u00edt\u00e1n\u00ed lidu \u017eije v\u00a0\u010cR odhadem dv\u011b st\u011b tis\u00edc zapomenut\u00fdch senior\u016f. Jak je ale naj\u00edt? Jak pomoci t\u011bm nejzraniteln\u011bj\u0161\u00edm, kte\u0159\u00ed \u017eij\u00ed osamoceni za zabouchnut\u00fdmi dve\u0159mi, jen z\u0159\u00eddkakdy vyjdou ven a\u00a0st\u011b\u017e\u00ed se daj\u00ed do \u0159e\u010di s\u00a0kolemjdouc\u00edmi?\u00a0Iniciativu Nejd\u0159\u00edv soused, kter\u00e1 od minul\u00e9ho l\u00e9ta pom\u00e1h\u00e1 senior\u016fm na Sedmi\u010dce, n\u00e1m p\u0159ibl\u00ed\u017e\u00ed jej\u00ed koordin\u00e1torka Marie Dvo\u0159\u00e1kov\u00e1. [\/perex] Co [&hellip;]","protected":false},"author":76,"featured_media":57058,"comment_status":"closed","ping_status":"open","sticky":false,"template":"","format":"standard","meta":[],"categories":[37],"tags":[],"_links":{"self":[{"href":"https:\/\/www.praha7.cz\/api\/wp\/v2\/posts\/57056"}],"collection":[{"href":"https:\/\/www.praha7.cz\/api\/wp\/v2\/posts"}],"about":[{"href":"https:\/\/www.praha7.cz\/api\/wp\/v2\/types\/post"}],"author":[{"embeddable":true,"href":"https:\/\/www.praha7.cz\/api\/wp\/v2\/users\/76"}],"replies":[{"embeddable":true,"href":"https:\/\/www.praha7.cz\/api\/wp\/v2\/comments?post=57056"}],"version-history":[{"count":2,"href":"https:\/\/www.praha7.cz\/api\/wp\/v2\/posts\/57056\/revisions"}],"predecessor-version":[{"id":57059,"href":"https:\/\/www.praha7.cz\/api\/wp\/v2\/posts\/57056\/revisions\/57059"}],"wp:featuredmedia":[{"embeddable":true,"href":"https:\/\/www.praha7.cz\/api\/wp\/v2\/media\/57058"}],"wp:attachment":[{"href":"https:\/\/www.praha7.cz\/api\/wp\/v2\/media?parent=57056"}],"wp:term":[{"taxonomy":"category","embeddable":true,"href":"https:\/\/www.praha7.cz\/api\/wp\/v2\/categories?post=57056"},{"taxonomy":"post_tag","embeddable":true,"href":"https:\/\/www.praha7.cz\/api\/wp\/v2\/tags?post=57056"}],"curies":[{"name":"wp","href":"https:\/\/api.w.org\/{rel}","templated":true}]}}