    
{"id":56938,"date":"2022-04-27T16:15:25","date_gmt":"2022-04-27T14:15:25","guid":{"rendered":"https:\/\/www.praha7.cz\/?p=56938"},"modified":"2022-04-28T13:37:09","modified_gmt":"2022-04-28T11:37:09","slug":"odstraneni-tri-lavicek-v-ul-u-pruhonu","status":"publish","type":"post","link":"https:\/\/www.praha7.cz\/odstraneni-tri-lavicek-v-ul-u-pruhonu\/","title":{"rendered":"Odstran\u011bn\u00ed t\u0159\u00ed lavi\u010dek v&nbsp;ul. U&nbsp;Pr\u016fhonu"},"content":{"rendered":"<p>[perex]<\/p>\r\n<p>Informujeme ob\u010dany, \u017ee na z\u00e1klad\u011b rozhodnut\u00ed soukrom\u00e9ho majitele pozemku budou odstran\u011bny t\u0159i lavi\u010dky p\u0159ed drogeri\u00ed na rohu ulic U&nbsp;Pr\u016fhonu a&nbsp;Komunard\u016f. M\u010c Praha&nbsp;7 pro n\u011b nyn\u00ed hled\u00e1 n\u00e1hradn\u00ed m\u00edsto.<\/p>\r\n<p>D\u011bkujeme za pochopen\u00ed.<\/p>\r\n<p>[\/perex]<\/p>","protected":false},"excerpt":{"rendered":"[perex] Informujeme ob\u010dany, \u017ee na z\u00e1klad\u011b rozhodnut\u00ed soukrom\u00e9ho majitele pozemku budou odstran\u011bny t\u0159i lavi\u010dky p\u0159ed drogeri\u00ed na rohu ulic U&nbsp;Pr\u016fhonu a&nbsp;Komunard\u016f. M\u010c Praha&nbsp;7 pro n\u011b nyn\u00ed hled\u00e1 n\u00e1hradn\u00ed m\u00edsto. D\u011bkujeme za pochopen\u00ed. [\/perex]","protected":false},"author":5,"featured_media":56943,"comment_status":"closed","ping_status":"open","sticky":false,"template":"","format":"standard","meta":[],"categories":[34],"tags":[],"_links":{"self":[{"href":"https:\/\/www.praha7.cz\/api\/wp\/v2\/posts\/56938"}],"collection":[{"href":"https:\/\/www.praha7.cz\/api\/wp\/v2\/posts"}],"about":[{"href":"https:\/\/www.praha7.cz\/api\/wp\/v2\/types\/post"}],"author":[{"embeddable":true,"href":"https:\/\/www.praha7.cz\/api\/wp\/v2\/users\/5"}],"replies":[{"embeddable":true,"href":"https:\/\/www.praha7.cz\/api\/wp\/v2\/comments?post=56938"}],"version-history":[{"count":4,"href":"https:\/\/www.praha7.cz\/api\/wp\/v2\/posts\/56938\/revisions"}],"predecessor-version":[{"id":56966,"href":"https:\/\/www.praha7.cz\/api\/wp\/v2\/posts\/56938\/revisions\/56966"}],"wp:featuredmedia":[{"embeddable":true,"href":"https:\/\/www.praha7.cz\/api\/wp\/v2\/media\/56943"}],"wp:attachment":[{"href":"https:\/\/www.praha7.cz\/api\/wp\/v2\/media?parent=56938"}],"wp:term":[{"taxonomy":"category","embeddable":true,"href":"https:\/\/www.praha7.cz\/api\/wp\/v2\/categories?post=56938"},{"taxonomy":"post_tag","embeddable":true,"href":"https:\/\/www.praha7.cz\/api\/wp\/v2\/tags?post=56938"}],"curies":[{"name":"wp","href":"https:\/\/api.w.org\/{rel}","templated":true}]}}