    
{"id":56931,"date":"2022-04-27T13:51:16","date_gmt":"2022-04-27T11:51:16","guid":{"rendered":"https:\/\/www.praha7.cz\/?p=56931"},"modified":"2022-05-11T13:06:50","modified_gmt":"2022-05-11T11:06:50","slug":"docasne-preruseni-provozu-tramvaji-hradcanska-prasny-most","status":"publish","type":"post","link":"https:\/\/www.praha7.cz\/docasne-preruseni-provozu-tramvaji-hradcanska-prasny-most\/","title":{"rendered":"Do\u010dasn\u00e9 p\u0159eru\u0161en\u00ed provozu tramvaj\u00ed: Hrad\u010dansk\u00e1 &#8211; Pra\u0161n\u00fd most (1.&nbsp;etapa)"},"content":{"rendered":"<p>[perex]<\/p>\r\n<p>Z d\u016fvodu opravy tramvajov\u00e9 trati doch\u00e1z\u00ed od p\u00e1tku 29.&nbsp;dubna 2022 (od 19.00 hodin) do pond\u011bl\u00ed 9.&nbsp;kv\u011btna 2022 (p\u0159ibli\u017en\u011b do 4.30 hodin) k&nbsp;do\u010dasn\u00e9mu obousm\u011brn\u00e9mu p\u0159eru\u0161en\u00ed provozu tramvaj\u00ed v&nbsp;\u00faseku Hrad\u010dansk\u00e1 \u2013 Pra\u0161n\u00fd most.<\/p>\r\n<p>[\/perex]<\/p>\r\n<p><strong>Zm\u011bny tras tramvajov\u00fdch linek<\/strong><\/p>\r\n<ul>\r\n\t<li>Linky \u010d\u00edslo\u00a0<strong>1,\u00a025\u00a0<\/strong>a<strong>\u00a096<\/strong>\u00a0jsou v&nbsp;\u00faseku\u00a0Hrad\u010dansk\u00e1 \u2013 Vozovna St\u0159e\u0161ovice\u00a0odklon\u011bny p\u0159es zast\u00e1vku\u00a0Pra\u017esk\u00fd hrad.<\/li>\r\n\t<li>Linka \u010d\u00edslo\u00a0<strong>2<\/strong>\u00a0je od soboty 30.&nbsp;dubna 2022 ve sm\u011bru od N\u00e1dra\u017e\u00ed Bran\u00edk ze zast\u00e1vky\u00a0Starom\u011bstsk\u00e1\u00a0vedena jednosm\u011brn\u00fdm objezdem p\u0159es zast\u00e1vku\u00a0Pr\u00e1vnick\u00e1 fakulta\u00a0do zast\u00e1vky\u00a0Malostransk\u00e1, odkud pokra\u010duje zp\u011bt sm\u011br N\u00e1dra\u017e\u00ed Bran\u00edk.<\/li>\r\n\t<li>Linky \u010d\u00edslo\u00a0<strong>8,\u00a026\u00a0<\/strong>a<strong>\u00a091<\/strong>\u00a0jsou v&nbsp;\u00faseku\u00a0Hrad\u010dansk\u00e1 \u2013 V\u00edt\u011bzn\u00e9 n\u00e1m\u011bst\u00ed\u00a0odklon\u011bny p\u0159es zast\u00e1vky\u00a0Pra\u017esk\u00fd hrad\u00a0a\u00a0Pra\u0161n\u00fd most.<\/li>\r\n\t<li>Linka \u010d\u00edslo\u00a0<strong>18<\/strong>\u00a0je v&nbsp;\u00faseku\u00a0Malostransk\u00e1 \u2013 V\u00edt\u011bzn\u00e9 n\u00e1m\u011bst\u00ed\u00a0odklon\u011bna p\u0159es zast\u00e1vky\u00a0Pra\u017esk\u00fd\u00a0hrad\u00a0a\u00a0Pra\u0161n\u00fd\u00a0most.<\/li>\r\n\t<li>Linka \u010d\u00edslo\u00a0<strong>20<\/strong>\u00a0je ve sm\u011bru od S\u00eddli\u0161t\u011b Barrandov ze zast\u00e1vky\u00a0Hrad\u010dansk\u00e1\u00a0(v&nbsp;Badeniho ulici) odklon\u011bna do obrati\u0161t\u011b\u00a0\u0160pejchar.<\/li>\r\n\t<li>Linka \u010d\u00edslo\u00a0<strong>97<\/strong>\u00a0je v&nbsp;\u00faseku\u00a0Malostransk\u00e1 \u2013 Vozovna St\u0159e\u0161ovice\u00a0odklon\u011bna p\u0159es zast\u00e1vku\u00a0Pra\u017esk\u00fd hrad.<\/li>\r\n<\/ul>\r\n<p><strong>Zaveden\u00e1 tramvajov\u00e1 linka<\/strong><\/p>\r\n<p>V denn\u00edm provozu je v&nbsp;trase\u00a0Divok\u00e1 \u0160\u00e1rka \u2013 N\u00e1dra\u017e\u00ed Veleslav\u00edn \u2013 Dejvick\u00e1 \u2013 Pra\u0161n\u00fd most \u2013 Vozovna St\u0159e\u0161ovice \u2013 Vojensk\u00e1 nemocnice \u2013 Pet\u0159iny \u2013 S\u00eddli\u0161t\u011b Pet\u0159iny\u00a0 zavedena linka \u010d\u00edslo\u00a0<strong>32<\/strong>.<\/p>\r\n<p><strong>Zm\u011bny v&nbsp;zast\u00e1vk\u00e1ch tramvaj\u00ed<\/strong><\/p>\r\n<p>P\u0159em\u00eds\u0165uje se zast\u00e1vka\u00a0Hrad\u010dansk\u00e1\u00a0(obousm\u011brn\u011b) do Badeniho ulice, ke k\u0159i\u017eovatce s&nbsp;ulic\u00ed Na Valech.<br \/>\r\nRu\u0161\u00ed se zast\u00e1vka\u00a0Chotkovy sady\u00a0(obousm\u011brn\u011b).<\/p>\r\n<p>N\u00e1hradn\u00ed autobusov\u00e1 doprava nen\u00ed zavedena.<\/p>\r\n<p>Informa\u010dn\u00ed let\u00e1k <a href=\"https:\/\/www.praha7.cz\/wp-content\/uploads\/2022\/04\/Letak_k_opatreni.pdf\" target=\"_blank\" rel=\"noopener\">zde<\/a>.<\/p>\r\n<p>Na tuto etapu nav\u00e1\u017ee od 9.&nbsp;do 15.&nbsp;kv\u011btna druh\u00e1 f\u00e1ze oprav.<\/p>","protected":false},"excerpt":{"rendered":"[perex] Z&nbsp;d\u016fvodu opravy tramvajov\u00e9 trati doch\u00e1z\u00ed od p\u00e1tku 29.&nbsp;dubna 2022 (od 19.00 hodin) do pond\u011bl\u00ed 9.&nbsp;kv\u011btna 2022 (p\u0159ibli\u017en\u011b do 4.30 hodin) k&nbsp;do\u010dasn\u00e9mu obousm\u011brn\u00e9mu p\u0159eru\u0161en\u00ed provozu tramvaj\u00ed v&nbsp;\u00faseku Hrad\u010dansk\u00e1 \u2013 Pra\u0161n\u00fd most. [\/perex] Zm\u011bny tras tramvajov\u00fdch linek Linky \u010d\u00edslo\u00a01,\u00a025\u00a0a\u00a096\u00a0jsou v&nbsp;\u00faseku\u00a0Hrad\u010dansk\u00e1 \u2013 Vozovna St\u0159e\u0161ovice\u00a0odklon\u011bny p\u0159es zast\u00e1vku\u00a0Pra\u017esk\u00fd hrad. Linka \u010d\u00edslo\u00a02\u00a0je od soboty 30.&nbsp;dubna 2022 ve sm\u011bru od [&hellip;]","protected":false},"author":97,"featured_media":56932,"comment_status":"closed","ping_status":"open","sticky":false,"template":"","format":"standard","meta":[],"categories":[34],"tags":[],"_links":{"self":[{"href":"https:\/\/www.praha7.cz\/api\/wp\/v2\/posts\/56931"}],"collection":[{"href":"https:\/\/www.praha7.cz\/api\/wp\/v2\/posts"}],"about":[{"href":"https:\/\/www.praha7.cz\/api\/wp\/v2\/types\/post"}],"author":[{"embeddable":true,"href":"https:\/\/www.praha7.cz\/api\/wp\/v2\/users\/97"}],"replies":[{"embeddable":true,"href":"https:\/\/www.praha7.cz\/api\/wp\/v2\/comments?post=56931"}],"version-history":[{"count":4,"href":"https:\/\/www.praha7.cz\/api\/wp\/v2\/posts\/56931\/revisions"}],"predecessor-version":[{"id":57334,"href":"https:\/\/www.praha7.cz\/api\/wp\/v2\/posts\/56931\/revisions\/57334"}],"wp:featuredmedia":[{"embeddable":true,"href":"https:\/\/www.praha7.cz\/api\/wp\/v2\/media\/56932"}],"wp:attachment":[{"href":"https:\/\/www.praha7.cz\/api\/wp\/v2\/media?parent=56931"}],"wp:term":[{"taxonomy":"category","embeddable":true,"href":"https:\/\/www.praha7.cz\/api\/wp\/v2\/categories?post=56931"},{"taxonomy":"post_tag","embeddable":true,"href":"https:\/\/www.praha7.cz\/api\/wp\/v2\/tags?post=56931"}],"curies":[{"name":"wp","href":"https:\/\/api.w.org\/{rel}","templated":true}]}}